{"id":132012,"date":"2023-12-05T23:40:07","date_gmt":"2023-12-06T04:40:07","guid":{"rendered":"https:\/\/graziamagazine.com\/mx\/?post_type=articles&#038;p=132012"},"modified":"2023-12-06T14:42:26","modified_gmt":"2023-12-06T19:42:26","slug":"que-es-el-corazon-de-bad-bunny","status":"publish","type":"articles","link":"https:\/\/graziamagazine.com\/mx\/articles\/que-es-el-corazon-de-bad-bunny\/","title":{"rendered":"\u00bfQu\u00e9 es el coraz\u00f3n de Bad Bunny?"},"content":{"rendered":"<p><span style=\"font-weight: 400\">La Semana del Arte de Miami es conocida por su fusi\u00f3n de arte, cultura y creatividad, y este a\u00f1o, la escena culinaria de la ciudad se une a la celebraci\u00f3n. El asador y sal\u00f3n de inspiraci\u00f3n japonesa \u201cGekk\u014d\u201d, copropiedad de David Grutman y Bad Bunny, lanz\u00f3 un postre exclusivo fuera del men\u00fa: \u201cEl Coraz\u00f3n de Bad Bunny\u201d.<\/span><\/p>\n<p><span style=\"font-weight: 400\">Disponible solo durante la Semana del Arte de Miami desde el martes 5 de diciembre hasta el domingo 10 de diciembre, este postre por tiempo limitado promete ser una delicia culinaria para aquellos que tengan la suerte de asegurar una reserva.\u00a0<\/span><\/p>\n<p><img loading=\"lazy\" decoding=\"async\" class=\"alignnone wp-image-132015 size-large\" src=\"https:\/\/graziamagazine.com\/mx\/wp-content\/uploads\/sites\/13\/2023\/12\/DSC00668-Enhanced-NR.jpg?w=683\" alt=\"\" width=\"683\" height=\"1024\" \/><\/p>\n<p><span style=\"font-weight: 400\">Gekk\u014d, conocido por su fusi\u00f3n \u00fanica de sabores japoneses y contempor\u00e1neos, ha colaborado con Bad Bunny para crear un postre que refleja el estilo y gusto ecl\u00e9ctico del artista.<\/span><\/p>\n<p><span style=\"font-weight: 400\">\u201cEl Coraz\u00f3n de Bad Bunny\u201d es una barra de chocolate Thai Tea Crunch, una creaci\u00f3n decadente que presenta capas de chocolate crujiente, Cremieux y Thai Tea Bavarian. Y se sirve en un tocadiscos, lo que a\u00f1ade alegr\u00eda y musicalidad a la experiencia gastron\u00f3mica.<\/span><\/p>\n<p>&nbsp;<\/p>\n<p><span style=\"font-weight: 400\"><img loading=\"lazy\" decoding=\"async\" class=\"alignnone wp-image-132013 size-large\" src=\"https:\/\/graziamagazine.com\/mx\/wp-content\/uploads\/sites\/13\/2023\/12\/DSC00649.jpg?w=683\" alt=\"\" width=\"683\" height=\"1024\" \/>Con un n\u00famero limitado disponible cada noche, el postre tiene un precio de $45 d\u00f3lares. Si bien puede parecer un derroche, la combinaci\u00f3n \u00fanica de sabores y la naturaleza exclusiva de la delicia har\u00e1n que sea una prueba obligada para los entusiastas de la comida y los fan\u00e1ticos de Bad Bunny.\u00a0<\/span><\/p>\n<p><span style=\"font-weight: 400\">Este postre no es solo un fest\u00edn para el paladar; es una experiencia visual y sensorial que captura la esencia de la Semana del Arte de Miami.<\/span><\/p>\n","protected":false},"author":11628,"featured_media":117550,"template":"","format":"standard","categories":[2],"acf":[],"yoast_head":"<!-- This site is optimized with the Yoast SEO Premium plugin v18.5 (Yoast SEO v20.4) - https:\/\/yoast.com\/wordpress\/plugins\/seo\/ -->\n<title>\u00bfQu\u00e9 es el coraz\u00f3n de Bad Bunny? | Grazia M\u00e9xico y Latinoam\u00e9rica<\/title>\n<meta name=\"description\" content=\"La Semana del Arte de Miami es conocida por su fusi\u00f3n de arte, cultura y creatividad, y este a\u00f1o, la escena culinaria de la ciudad se une a la\" \/>\n<meta name=\"robots\" content=\"index, follow, max-snippet:-1, max-image-preview:large, max-video-preview:-1\" \/>\n<link rel=\"canonical\" href=\"https:\/\/graziamagazine.com\/mx\/articles\/que-es-el-corazon-de-bad-bunny\/\" \/>\n<meta property=\"og:locale\" content=\"es_MX\" \/>\n<meta property=\"og:type\" content=\"article\" \/>\n<meta property=\"og:title\" content=\"\u00bfQu\u00e9 es el coraz\u00f3n de Bad Bunny?\" \/>\n<meta property=\"og:description\" content=\"La Semana del Arte de Miami es conocida por su fusi\u00f3n de arte, cultura y creatividad, y este a\u00f1o, la escena culinaria de la ciudad se une a la\" \/>\n<meta property=\"og:url\" content=\"https:\/\/graziamagazine.com\/mx\/articles\/que-es-el-corazon-de-bad-bunny\/\" \/>\n<meta property=\"og:site_name\" content=\"Grazia M\u00e9xico y Latinoam\u00e9rica\" \/>\n<meta property=\"article:modified_time\" content=\"2023-12-06T19:42:26+00:00\" \/>\n<meta property=\"og:image\" content=\"https:\/\/graziamagazine.com\/mx\/wp-content\/uploads\/sites\/13\/2022\/09\/Captura-de-Pantalla-2022-09-27-a-las-8.55.28.png\" \/>\n\t<meta property=\"og:image:width\" content=\"1024\" \/>\n\t<meta property=\"og:image:height\" content=\"672\" \/>\n\t<meta property=\"og:image:type\" content=\"image\/png\" \/>\n<meta name=\"twitter:card\" content=\"summary_large_image\" \/>\n<meta name=\"twitter:label1\" content=\"Est. reading time\" \/>\n\t<meta name=\"twitter:data1\" content=\"2 minutos\" \/>\n<script type=\"application\/ld+json\" class=\"yoast-schema-graph\">{\"@context\":\"https:\/\/schema.org\",\"@graph\":[{\"@type\":\"WebPage\",\"@id\":\"https:\/\/graziamagazine.com\/mx\/articles\/que-es-el-corazon-de-bad-bunny\/\",\"url\":\"https:\/\/graziamagazine.com\/mx\/articles\/que-es-el-corazon-de-bad-bunny\/\",\"name\":\"\u00bfQu\u00e9 es el coraz\u00f3n de Bad Bunny? | Grazia M\u00e9xico y Latinoam\u00e9rica\",\"isPartOf\":{\"@id\":\"https:\/\/graziamagazine.com\/mx\/#website\"},\"datePublished\":\"2023-12-06T04:40:07+00:00\",\"dateModified\":\"2023-12-06T19:42:26+00:00\",\"description\":\"La Semana del Arte de Miami es conocida por su fusi\u00f3n de arte, cultura y creatividad, y este a\u00f1o, la escena culinaria de la ciudad se une a la\",\"breadcrumb\":{\"@id\":\"https:\/\/graziamagazine.com\/mx\/articles\/que-es-el-corazon-de-bad-bunny\/#breadcrumb\"},\"inLanguage\":\"es-MX\",\"potentialAction\":[{\"@type\":\"ReadAction\",\"target\":[\"https:\/\/graziamagazine.com\/mx\/articles\/que-es-el-corazon-de-bad-bunny\/\"]}]},{\"@type\":\"BreadcrumbList\",\"@id\":\"https:\/\/graziamagazine.com\/mx\/articles\/que-es-el-corazon-de-bad-bunny\/#breadcrumb\",\"itemListElement\":[{\"@type\":\"ListItem\",\"position\":1,\"name\":\"Home\",\"item\":\"https:\/\/graziamagazine.com\/mx\/\"},{\"@type\":\"ListItem\",\"position\":2,\"name\":\"\u00bfQu\u00e9 es el coraz\u00f3n de Bad Bunny?\"}]},{\"@type\":\"WebSite\",\"@id\":\"https:\/\/graziamagazine.com\/mx\/#website\",\"url\":\"https:\/\/graziamagazine.com\/mx\/\",\"name\":\"Grazia M\u00e9xico y Latinoam\u00e9rica\",\"description\":\"Grazia es moda, belleza y noticias  de actualidad \",\"potentialAction\":[{\"@type\":\"SearchAction\",\"target\":{\"@type\":\"EntryPoint\",\"urlTemplate\":\"https:\/\/graziamagazine.com\/mx\/?s={search_term_string}\"},\"query-input\":\"required name=search_term_string\"}],\"inLanguage\":\"es-MX\"}]}<\/script>\n<!-- \/ Yoast SEO Premium plugin. -->","yoast_head_json":{"title":"\u00bfQu\u00e9 es el coraz\u00f3n de Bad Bunny? | Grazia M\u00e9xico y Latinoam\u00e9rica","description":"La Semana del Arte de Miami es conocida por su fusi\u00f3n de arte, cultura y creatividad, y este a\u00f1o, la escena culinaria de la ciudad se une a la","robots":{"index":"index","follow":"follow","max-snippet":"max-snippet:-1","max-image-preview":"max-image-preview:large","max-video-preview":"max-video-preview:-1"},"canonical":"https:\/\/graziamagazine.com\/mx\/articles\/que-es-el-corazon-de-bad-bunny\/","og_locale":"es_MX","og_type":"article","og_title":"\u00bfQu\u00e9 es el coraz\u00f3n de Bad Bunny?","og_description":"La Semana del Arte de Miami es conocida por su fusi\u00f3n de arte, cultura y creatividad, y este a\u00f1o, la escena culinaria de la ciudad se une a la","og_url":"https:\/\/graziamagazine.com\/mx\/articles\/que-es-el-corazon-de-bad-bunny\/","og_site_name":"Grazia M\u00e9xico y Latinoam\u00e9rica","article_modified_time":"2023-12-06T19:42:26+00:00","og_image":[{"url":"https:\/\/graziamagazine.com\/mx\/wp-content\/uploads\/sites\/13\/2022\/09\/Captura-de-Pantalla-2022-09-27-a-las-8.55.28.png","width":1024,"height":672,"type":"image\/png"}],"twitter_card":"summary_large_image","twitter_misc":{"Est. reading time":"2 minutos"},"schema":{"@context":"https:\/\/schema.org","@graph":[{"@type":"WebPage","@id":"https:\/\/graziamagazine.com\/mx\/articles\/que-es-el-corazon-de-bad-bunny\/","url":"https:\/\/graziamagazine.com\/mx\/articles\/que-es-el-corazon-de-bad-bunny\/","name":"\u00bfQu\u00e9 es el coraz\u00f3n de Bad Bunny? | Grazia M\u00e9xico y Latinoam\u00e9rica","isPartOf":{"@id":"https:\/\/graziamagazine.com\/mx\/#website"},"datePublished":"2023-12-06T04:40:07+00:00","dateModified":"2023-12-06T19:42:26+00:00","description":"La Semana del Arte de Miami es conocida por su fusi\u00f3n de arte, cultura y creatividad, y este a\u00f1o, la escena culinaria de la ciudad se une a la","breadcrumb":{"@id":"https:\/\/graziamagazine.com\/mx\/articles\/que-es-el-corazon-de-bad-bunny\/#breadcrumb"},"inLanguage":"es-MX","potentialAction":[{"@type":"ReadAction","target":["https:\/\/graziamagazine.com\/mx\/articles\/que-es-el-corazon-de-bad-bunny\/"]}]},{"@type":"BreadcrumbList","@id":"https:\/\/graziamagazine.com\/mx\/articles\/que-es-el-corazon-de-bad-bunny\/#breadcrumb","itemListElement":[{"@type":"ListItem","position":1,"name":"Home","item":"https:\/\/graziamagazine.com\/mx\/"},{"@type":"ListItem","position":2,"name":"\u00bfQu\u00e9 es el coraz\u00f3n de Bad Bunny?"}]},{"@type":"WebSite","@id":"https:\/\/graziamagazine.com\/mx\/#website","url":"https:\/\/graziamagazine.com\/mx\/","name":"Grazia M\u00e9xico y Latinoam\u00e9rica","description":"Grazia es moda, belleza y noticias  de actualidad ","potentialAction":[{"@type":"SearchAction","target":{"@type":"EntryPoint","urlTemplate":"https:\/\/graziamagazine.com\/mx\/?s={search_term_string}"},"query-input":"required name=search_term_string"}],"inLanguage":"es-MX"}]}},"jetpack_sharing_enabled":true,"distributor_meta":false,"distributor_terms":false,"distributor_media":false,"distributor_original_site_name":"Grazia M\u00e9xico y Latinoam\u00e9rica","distributor_original_site_url":"https:\/\/graziamagazine.com\/mx","push-errors":false,"_links":{"self":[{"href":"https:\/\/graziamagazine.com\/mx\/wp-json\/wp\/v2\/articles\/132012"}],"collection":[{"href":"https:\/\/graziamagazine.com\/mx\/wp-json\/wp\/v2\/articles"}],"about":[{"href":"https:\/\/graziamagazine.com\/mx\/wp-json\/wp\/v2\/types\/articles"}],"author":[{"embeddable":true,"href":"https:\/\/graziamagazine.com\/mx\/wp-json\/wp\/v2\/users\/11628"}],"wp:featuredmedia":[{"embeddable":true,"href":"https:\/\/graziamagazine.com\/mx\/wp-json\/wp\/v2\/media\/117550"}],"wp:attachment":[{"href":"https:\/\/graziamagazine.com\/mx\/wp-json\/wp\/v2\/media?parent=132012"}],"wp:term":[{"taxonomy":"category","embeddable":true,"href":"https:\/\/graziamagazine.com\/mx\/wp-json\/wp\/v2\/categories?post=132012"}],"curies":[{"name":"wp","href":"https:\/\/api.w.org\/{rel}","templated":true}]}}