{"id":131991,"date":"2023-12-05T21:31:38","date_gmt":"2023-12-06T02:31:38","guid":{"rendered":"https:\/\/graziamagazine.com\/mx\/?post_type=articles&#038;p=131991"},"modified":"2023-12-05T21:51:29","modified_gmt":"2023-12-06T02:51:29","slug":"los-mejores-vestidos-de-los-fashion-awards-2023","status":"publish","type":"articles","link":"https:\/\/graziamagazine.com\/mx\/articles\/los-mejores-vestidos-de-los-fashion-awards-2023\/","title":{"rendered":"Los Mejores Vestidos de los Fashion Awards 2023"},"content":{"rendered":"<p>Los <strong>Fashion Awards 2023<\/strong>, el evento anual que destaca la excelencia en la industria de la moda, no solo honr\u00f3 a los l\u00edderes de la creatividad y la innovaci\u00f3n, sino que tambi\u00e9n se convirti\u00f3 en una pasarela de los mejores vestidos del a\u00f1o.<\/p>\n<p>Las celebridades claramente estaban listas para deslumbrar en la alfombra roja. Con un desfile de vestidos impresionantes, fue dif\u00edcil elegir los mejores.<\/p>\n<p>Sin embargo, estos looks definitivamente se destacan como algunos de los m\u00e1s memorables de la noche.<\/p>\n<h3>Anne Hathaway en Valentino<\/h3>\n<figure id=\"attachment_131997\" aria-describedby=\"caption-attachment-131997\" style=\"width: 679px\" class=\"wp-caption alignnone\"><img loading=\"lazy\" decoding=\"async\" class=\"size-large wp-image-131997\" src=\"https:\/\/graziamagazine.com\/mx\/wp-content\/uploads\/sites\/13\/2023\/12\/Captura-de-Pantalla-2023-12-05-a-las-20.40.01.png?w=679\" alt=\"Los Mejores Vestidos de los Fashion Awards 2023\" width=\"679\" height=\"1024\" \/><figcaption id=\"caption-attachment-131997\" class=\"wp-caption-text\">Los Mejores Vestidos de los Fashion Awards 2023<\/figcaption><\/figure>\n<h3>Alexa Chung en 16Arlington<\/h3>\n<figure id=\"attachment_131999\" aria-describedby=\"caption-attachment-131999\" style=\"width: 679px\" class=\"wp-caption alignnone\"><img loading=\"lazy\" decoding=\"async\" class=\"size-large wp-image-131999\" src=\"https:\/\/graziamagazine.com\/mx\/wp-content\/uploads\/sites\/13\/2023\/12\/Captura-de-Pantalla-2023-12-05-a-las-20.40.08.png?w=679\" alt=\"Los Mejores Vestidos de los Fashion Awards 2023\" width=\"679\" height=\"1024\" \/><figcaption id=\"caption-attachment-131999\" class=\"wp-caption-text\">Los Mejores Vestidos de los Fashion Awards 2023<\/figcaption><\/figure>\n<h3>Maisie Williams en\u00a0 Simone Rocha<img loading=\"lazy\" decoding=\"async\" class=\"alignnone size-large wp-image-132002\" src=\"https:\/\/graziamagazine.com\/mx\/wp-content\/uploads\/sites\/13\/2023\/12\/Captura-de-Pantalla-2023-12-05-a-las-20.40.12.png?w=679\" alt=\"\" width=\"679\" height=\"1024\" \/><\/h3>\n<h3>Maya Jama en Dolce &amp; Gabbana<img loading=\"lazy\" decoding=\"async\" class=\"alignnone size-large wp-image-131995\" src=\"https:\/\/graziamagazine.com\/mx\/wp-content\/uploads\/sites\/13\/2023\/12\/Captura-de-Pantalla-2023-12-05-a-las-20.39.54.png?w=1024\" alt=\"\" width=\"1024\" height=\"673\" \/><\/h3>\n<h3>Barbara Palvin<img loading=\"lazy\" decoding=\"async\" class=\"alignnone size-large wp-image-131996\" src=\"https:\/\/graziamagazine.com\/mx\/wp-content\/uploads\/sites\/13\/2023\/12\/Captura-de-Pantalla-2023-12-05-a-las-20.39.59.png?w=679\" alt=\"\" width=\"679\" height=\"1024\" \/><\/h3>\n<h3>Rita Ora<img loading=\"lazy\" decoding=\"async\" class=\"alignnone size-large wp-image-132001\" src=\"https:\/\/graziamagazine.com\/mx\/wp-content\/uploads\/sites\/13\/2023\/12\/Captura-de-Pantalla-2023-12-05-a-las-20.40.11.png?w=679\" alt=\"\" width=\"679\" height=\"1024\" \/><\/h3>\n<h3>Luke Newton<img loading=\"lazy\" decoding=\"async\" class=\"alignnone size-large wp-image-132003\" src=\"https:\/\/graziamagazine.com\/mx\/wp-content\/uploads\/sites\/13\/2023\/12\/Captura-de-Pantalla-2023-12-05-a-las-20.40.04.png?w=679\" alt=\"\" width=\"679\" height=\"1024\" \/><\/h3>\n<h3>Dimitra Petsa en DiPetsa<img loading=\"lazy\" decoding=\"async\" class=\"alignnone size-large wp-image-131998\" src=\"https:\/\/graziamagazine.com\/mx\/wp-content\/uploads\/sites\/13\/2023\/12\/Captura-de-Pantalla-2023-12-05-a-las-20.40.03.png?w=679\" alt=\"\" width=\"679\" height=\"1024\" \/><\/h3>\n<h3>Sophia Hadjipanteli<img loading=\"lazy\" decoding=\"async\" class=\"alignnone size-large wp-image-132004\" src=\"https:\/\/graziamagazine.com\/mx\/wp-content\/uploads\/sites\/13\/2023\/12\/Captura-de-Pantalla-2023-12-05-a-las-20.40.06.png?w=679\" alt=\"\" width=\"679\" height=\"1024\" \/><\/h3>\n<h3>Sara Sampaio en Richard Quinn<img loading=\"lazy\" decoding=\"async\" class=\"alignnone size-large wp-image-132005\" src=\"https:\/\/graziamagazine.com\/mx\/wp-content\/uploads\/sites\/13\/2023\/12\/Captura-de-Pantalla-2023-12-05-a-las-20.40.07.png?w=679\" alt=\"\" width=\"679\" height=\"1024\" \/><\/h3>\n<h3>Charli XCX en\u00a0 Jean Paul Gaultier<img loading=\"lazy\" decoding=\"async\" class=\"alignnone size-large wp-image-132000\" src=\"https:\/\/graziamagazine.com\/mx\/wp-content\/uploads\/sites\/13\/2023\/12\/Captura-de-Pantalla-2023-12-05-a-las-20.40.09.png?w=679\" alt=\"\" width=\"679\" height=\"1024\" \/><\/h3>\n<p>&nbsp;<\/p>\n<p>&nbsp;<\/p>\n<p>&nbsp;<\/p>\n<p>&nbsp;<\/p>\n<p>&nbsp;<\/p>\n<p>&nbsp;<\/p>\n","protected":false},"author":28953,"featured_media":131994,"template":"","format":"standard","categories":[4],"acf":[],"yoast_head":"<!-- This site is optimized with the Yoast SEO Premium plugin v18.5 (Yoast SEO v20.4) - https:\/\/yoast.com\/wordpress\/plugins\/seo\/ -->\n<title>Los Mejores Vestidos de los Fashion Awards 2023<\/title>\n<meta name=\"description\" content=\"Los Fashion Awards 2023 se celebraron en Londres el 2 de diciembre de 2023, y la alfombra roja estuvo repleta de celebridades con looks impresionantes\" \/>\n<meta name=\"robots\" content=\"index, follow, max-snippet:-1, max-image-preview:large, max-video-preview:-1\" \/>\n<link rel=\"canonical\" href=\"https:\/\/graziamagazine.com\/mx\/articles\/los-mejores-vestidos-de-los-fashion-awards-2023\/\" \/>\n<meta property=\"og:locale\" content=\"es_MX\" \/>\n<meta property=\"og:type\" content=\"article\" \/>\n<meta property=\"og:title\" content=\"Los Mejores Vestidos de los Fashion Awards 2023\" \/>\n<meta property=\"og:description\" content=\"Los Fashion Awards 2023 se celebraron en Londres el 2 de diciembre de 2023, y la alfombra roja estuvo repleta de celebridades con looks impresionantes\" \/>\n<meta property=\"og:url\" content=\"https:\/\/graziamagazine.com\/mx\/articles\/los-mejores-vestidos-de-los-fashion-awards-2023\/\" \/>\n<meta property=\"og:site_name\" content=\"Grazia M\u00e9xico y Latinoam\u00e9rica\" \/>\n<meta property=\"article:modified_time\" content=\"2023-12-06T02:51:29+00:00\" \/>\n<meta property=\"og:image\" content=\"https:\/\/graziamagazine.com\/mx\/wp-content\/uploads\/sites\/13\/2023\/12\/Captura-de-Pantalla-2023-12-05-a-las-20.39.43.png\" \/>\n\t<meta property=\"og:image:width\" content=\"1024\" \/>\n\t<meta property=\"og:image:height\" content=\"661\" \/>\n\t<meta property=\"og:image:type\" content=\"image\/png\" \/>\n<meta name=\"twitter:card\" content=\"summary_large_image\" \/>\n<meta name=\"twitter:label1\" content=\"Est. reading time\" \/>\n\t<meta name=\"twitter:data1\" content=\"3 minutos\" \/>\n<script type=\"application\/ld+json\" class=\"yoast-schema-graph\">{\"@context\":\"https:\/\/schema.org\",\"@graph\":[{\"@type\":\"WebPage\",\"@id\":\"https:\/\/graziamagazine.com\/mx\/articles\/los-mejores-vestidos-de-los-fashion-awards-2023\/\",\"url\":\"https:\/\/graziamagazine.com\/mx\/articles\/los-mejores-vestidos-de-los-fashion-awards-2023\/\",\"name\":\"Los Mejores Vestidos de los Fashion Awards 2023\",\"isPartOf\":{\"@id\":\"https:\/\/graziamagazine.com\/mx\/#website\"},\"datePublished\":\"2023-12-06T02:31:38+00:00\",\"dateModified\":\"2023-12-06T02:51:29+00:00\",\"description\":\"Los Fashion Awards 2023 se celebraron en Londres el 2 de diciembre de 2023, y la alfombra roja estuvo repleta de celebridades con looks impresionantes\",\"breadcrumb\":{\"@id\":\"https:\/\/graziamagazine.com\/mx\/articles\/los-mejores-vestidos-de-los-fashion-awards-2023\/#breadcrumb\"},\"inLanguage\":\"es-MX\",\"potentialAction\":[{\"@type\":\"ReadAction\",\"target\":[\"https:\/\/graziamagazine.com\/mx\/articles\/los-mejores-vestidos-de-los-fashion-awards-2023\/\"]}]},{\"@type\":\"BreadcrumbList\",\"@id\":\"https:\/\/graziamagazine.com\/mx\/articles\/los-mejores-vestidos-de-los-fashion-awards-2023\/#breadcrumb\",\"itemListElement\":[{\"@type\":\"ListItem\",\"position\":1,\"name\":\"Home\",\"item\":\"https:\/\/graziamagazine.com\/mx\/\"},{\"@type\":\"ListItem\",\"position\":2,\"name\":\"Los Mejores Vestidos de los Fashion Awards 2023\"}]},{\"@type\":\"WebSite\",\"@id\":\"https:\/\/graziamagazine.com\/mx\/#website\",\"url\":\"https:\/\/graziamagazine.com\/mx\/\",\"name\":\"Grazia M\u00e9xico y Latinoam\u00e9rica\",\"description\":\"Grazia es moda, belleza y noticias  de actualidad \",\"potentialAction\":[{\"@type\":\"SearchAction\",\"target\":{\"@type\":\"EntryPoint\",\"urlTemplate\":\"https:\/\/graziamagazine.com\/mx\/?s={search_term_string}\"},\"query-input\":\"required name=search_term_string\"}],\"inLanguage\":\"es-MX\"}]}<\/script>\n<!-- \/ Yoast SEO Premium plugin. -->","yoast_head_json":{"title":"Los Mejores Vestidos de los Fashion Awards 2023","description":"Los Fashion Awards 2023 se celebraron en Londres el 2 de diciembre de 2023, y la alfombra roja estuvo repleta de celebridades con looks impresionantes","robots":{"index":"index","follow":"follow","max-snippet":"max-snippet:-1","max-image-preview":"max-image-preview:large","max-video-preview":"max-video-preview:-1"},"canonical":"https:\/\/graziamagazine.com\/mx\/articles\/los-mejores-vestidos-de-los-fashion-awards-2023\/","og_locale":"es_MX","og_type":"article","og_title":"Los Mejores Vestidos de los Fashion Awards 2023","og_description":"Los Fashion Awards 2023 se celebraron en Londres el 2 de diciembre de 2023, y la alfombra roja estuvo repleta de celebridades con looks impresionantes","og_url":"https:\/\/graziamagazine.com\/mx\/articles\/los-mejores-vestidos-de-los-fashion-awards-2023\/","og_site_name":"Grazia M\u00e9xico y Latinoam\u00e9rica","article_modified_time":"2023-12-06T02:51:29+00:00","og_image":[{"url":"https:\/\/graziamagazine.com\/mx\/wp-content\/uploads\/sites\/13\/2023\/12\/Captura-de-Pantalla-2023-12-05-a-las-20.39.43.png","width":1024,"height":661,"type":"image\/png"}],"twitter_card":"summary_large_image","twitter_misc":{"Est. reading time":"3 minutos"},"schema":{"@context":"https:\/\/schema.org","@graph":[{"@type":"WebPage","@id":"https:\/\/graziamagazine.com\/mx\/articles\/los-mejores-vestidos-de-los-fashion-awards-2023\/","url":"https:\/\/graziamagazine.com\/mx\/articles\/los-mejores-vestidos-de-los-fashion-awards-2023\/","name":"Los Mejores Vestidos de los Fashion Awards 2023","isPartOf":{"@id":"https:\/\/graziamagazine.com\/mx\/#website"},"datePublished":"2023-12-06T02:31:38+00:00","dateModified":"2023-12-06T02:51:29+00:00","description":"Los Fashion Awards 2023 se celebraron en Londres el 2 de diciembre de 2023, y la alfombra roja estuvo repleta de celebridades con looks impresionantes","breadcrumb":{"@id":"https:\/\/graziamagazine.com\/mx\/articles\/los-mejores-vestidos-de-los-fashion-awards-2023\/#breadcrumb"},"inLanguage":"es-MX","potentialAction":[{"@type":"ReadAction","target":["https:\/\/graziamagazine.com\/mx\/articles\/los-mejores-vestidos-de-los-fashion-awards-2023\/"]}]},{"@type":"BreadcrumbList","@id":"https:\/\/graziamagazine.com\/mx\/articles\/los-mejores-vestidos-de-los-fashion-awards-2023\/#breadcrumb","itemListElement":[{"@type":"ListItem","position":1,"name":"Home","item":"https:\/\/graziamagazine.com\/mx\/"},{"@type":"ListItem","position":2,"name":"Los Mejores Vestidos de los Fashion Awards 2023"}]},{"@type":"WebSite","@id":"https:\/\/graziamagazine.com\/mx\/#website","url":"https:\/\/graziamagazine.com\/mx\/","name":"Grazia M\u00e9xico y Latinoam\u00e9rica","description":"Grazia es moda, belleza y noticias  de actualidad ","potentialAction":[{"@type":"SearchAction","target":{"@type":"EntryPoint","urlTemplate":"https:\/\/graziamagazine.com\/mx\/?s={search_term_string}"},"query-input":"required name=search_term_string"}],"inLanguage":"es-MX"}]}},"jetpack_sharing_enabled":true,"distributor_meta":false,"distributor_terms":false,"distributor_media":false,"distributor_original_site_name":"Grazia M\u00e9xico y Latinoam\u00e9rica","distributor_original_site_url":"https:\/\/graziamagazine.com\/mx","push-errors":false,"_links":{"self":[{"href":"https:\/\/graziamagazine.com\/mx\/wp-json\/wp\/v2\/articles\/131991"}],"collection":[{"href":"https:\/\/graziamagazine.com\/mx\/wp-json\/wp\/v2\/articles"}],"about":[{"href":"https:\/\/graziamagazine.com\/mx\/wp-json\/wp\/v2\/types\/articles"}],"author":[{"embeddable":true,"href":"https:\/\/graziamagazine.com\/mx\/wp-json\/wp\/v2\/users\/28953"}],"wp:featuredmedia":[{"embeddable":true,"href":"https:\/\/graziamagazine.com\/mx\/wp-json\/wp\/v2\/media\/131994"}],"wp:attachment":[{"href":"https:\/\/graziamagazine.com\/mx\/wp-json\/wp\/v2\/media?parent=131991"}],"wp:term":[{"taxonomy":"category","embeddable":true,"href":"https:\/\/graziamagazine.com\/mx\/wp-json\/wp\/v2\/categories?post=131991"}],"curies":[{"name":"wp","href":"https:\/\/api.w.org\/{rel}","templated":true}]}}