{"id":131937,"date":"2023-12-04T13:51:42","date_gmt":"2023-12-04T18:51:42","guid":{"rendered":"https:\/\/graziamagazine.com\/mx\/?post_type=articles&#038;p=131937"},"modified":"2024-03-06T15:48:58","modified_gmt":"2024-03-06T20:48:58","slug":"elegancia-que-brilla-van-cleef-arpels-desembarca-en-mexico-https-www-vancleefarpels-com-us-en-the-maison-newsroom-van-cleef-arpels-unveils-its-first-boutique-in-mexico-htmlutm_sourcegraziautm_med","status":"publish","type":"articles","link":"https:\/\/graziamagazine.com\/mx\/articles\/elegancia-que-brilla-van-cleef-arpels-desembarca-en-mexico-https-www-vancleefarpels-com-us-en-the-maison-newsroom-van-cleef-arpels-unveils-its-first-boutique-in-mexico-htmlutm_sourcegraziautm_med\/","title":{"rendered":"Elegancia que Brilla: Van Cleef &amp; Arpels Desembarca en M\u00e9xico"},"content":{"rendered":"<p>La prestigiosa casa de joyer\u00eda <a href=\"http:\/\/https-www-vancleefarpels-com-us-en-the-maison-newsroom-van-cleef-arpels-unveils-its-first-boutique-in-mexico-htmlutm_sourcegraziautm_med\/\" target=\"_blank\"><strong>Van Cleef &amp; Arpels<\/strong><\/a> ha dado un paso hist\u00f3rico al inaugurar su primera boutique en M\u00e9xico, un hito que marca la expansi\u00f3n de la<strong> Maison<\/strong> en el vibrante escenario de la moda y el lujo mexicano.<\/p>\n<p>La nueva joya de la corona se encuentra en el<strong> Centro Comercial Artz Pedregal<\/strong>, en la<strong> Ciudad de M\u00e9xico<\/strong>, presentando una experiencia de compra \u00fanica en un espacio de <strong>1000 pies cuadrados.<\/strong><\/p>\n<p><img loading=\"lazy\" decoding=\"async\" class=\"alignnone wp-image-133780 size-medium\" src=\"https:\/\/graziamagazine.com\/mx\/wp-content\/uploads\/sites\/13\/2023\/12\/31-372x450.jpg\" alt=\"\" width=\"372\" height=\"450\" srcset=\"https:\/\/graziamagazine.com\/mx\/wp-content\/uploads\/sites\/13\/2023\/12\/31-372x450.jpg 372w, https:\/\/graziamagazine.com\/mx\/wp-content\/uploads\/sites\/13\/2023\/12\/31-846x1024.jpg 846w, https:\/\/graziamagazine.com\/mx\/wp-content\/uploads\/sites\/13\/2023\/12\/31-768x929.jpg 768w, https:\/\/graziamagazine.com\/mx\/wp-content\/uploads\/sites\/13\/2023\/12\/31-1269x1536.jpg 1269w, https:\/\/graziamagazine.com\/mx\/wp-content\/uploads\/sites\/13\/2023\/12\/31-400x484.jpg 400w, https:\/\/graziamagazine.com\/mx\/wp-content\/uploads\/sites\/13\/2023\/12\/31-155x188.jpg 155w, https:\/\/graziamagazine.com\/mx\/wp-content\/uploads\/sites\/13\/2023\/12\/31.jpg 1500w\" sizes=\"(max-width: 372px) 100vw, 372px\" \/><\/p>\n<p>La boutique de Van Cleef &amp; Arpels en Artz Pedregal es un testimonio de la<strong> elegancia y la artesan\u00eda excepcional<\/strong> que caracterizan a la marca. Desde la fachada hasta el dise\u00f1o interior, cada detalle ha sido cuidadosamente considerado para ofrecer una experiencia \u00fanica a los visitantes.<\/p>\n<p>La boutique se sit\u00faa en el ala de lujo del centro comercial, proporcionando a los amantes de la alta joyer\u00eda un espacio exclusivo para explorar las creaciones exquisitas de Van Cleef &amp; Arpels.<\/p>\n<p>Con una fusi\u00f3n de elegancia y modernidad, el dise\u00f1o interior refleja la artesan\u00eda refinada que ha sido el sello distintivo de<strong> la marca desde su fundaci\u00f3n en 1906.<\/strong><\/p>\n<p>La fachada de la boutique es una obra de arte en s\u00ed misma. Inspir\u00e1ndose en un Van Cleef &amp; Arpels Minaudi\u00e8re de 1937, el motivo geom\u00e9trico y piramidal resuena con la historia de Egipto. El uso de tonos \u00f3nix y gris paloma en el patr\u00f3n Claire-voie a\u00f1ade un toque de m\u00edstica, proporcionando una vista previa cautivadora de los tesoros que contiene.<\/p>\n<p><img loading=\"lazy\" decoding=\"async\" class=\"alignnone size-medium wp-image-133779\" src=\"https:\/\/graziamagazine.com\/mx\/wp-content\/uploads\/sites\/13\/2023\/12\/5-450x338.jpg\" alt=\"\" width=\"450\" height=\"338\" srcset=\"https:\/\/graziamagazine.com\/mx\/wp-content\/uploads\/sites\/13\/2023\/12\/5-450x338.jpg 450w, https:\/\/graziamagazine.com\/mx\/wp-content\/uploads\/sites\/13\/2023\/12\/5-1024x768.jpg 1024w, https:\/\/graziamagazine.com\/mx\/wp-content\/uploads\/sites\/13\/2023\/12\/5-768x576.jpg 768w, https:\/\/graziamagazine.com\/mx\/wp-content\/uploads\/sites\/13\/2023\/12\/5-400x300.jpg 400w, https:\/\/graziamagazine.com\/mx\/wp-content\/uploads\/sites\/13\/2023\/12\/5-155x116.jpg 155w, https:\/\/graziamagazine.com\/mx\/wp-content\/uploads\/sites\/13\/2023\/12\/5.jpg 1500w\" sizes=\"(max-width: 450px) 100vw, 450px\" \/><\/p>\n<p>La cuidadosa orquestaci\u00f3n de las suaves curvas de las paredes y la calidez que desprenden los muebles cuidadosamente elegidos crean una sinfon\u00eda armoniosa. Cada elemento contribuye a una atm\u00f3sfera acogedora que invita a los clientes a explorar el exquisito mundo de Van Cleef &amp; Arpels.<\/p>\n<p>Los visitantes de la boutique podr\u00e1n sumergirse en las ic\u00f3nicas colecciones de Van Cleef &amp; Arpels, desde los deslumbrantes conjuntos de Alta Joyer\u00eda hasta las piezas de la colecci\u00f3n de relojer\u00eda que fusionan la precisi\u00f3n suiza con el dise\u00f1o art\u00edstico.<\/p>\n<p>La llegada de Van Cleef &amp; Arpels a M\u00e9xico no solo representa una expansi\u00f3n geogr\u00e1fica, sino tambi\u00e9n un reconocimiento de la rica herencia cultural del pa\u00eds.<\/p>\n<p>La Maison ha establecido un v\u00ednculo entre su legado artesanal y la vitalidad de la escena art\u00edstica mexicana, creando una experiencia que fusiona la historia y la innovaci\u00f3n.<\/p>\n<p><img loading=\"lazy\" decoding=\"async\" class=\"alignnone size-medium wp-image-133777\" src=\"https:\/\/graziamagazine.com\/mx\/wp-content\/uploads\/sites\/13\/2023\/12\/2-450x338.jpg\" alt=\"\" width=\"450\" height=\"338\" srcset=\"https:\/\/graziamagazine.com\/mx\/wp-content\/uploads\/sites\/13\/2023\/12\/2-450x338.jpg 450w, https:\/\/graziamagazine.com\/mx\/wp-content\/uploads\/sites\/13\/2023\/12\/2-1024x768.jpg 1024w, https:\/\/graziamagazine.com\/mx\/wp-content\/uploads\/sites\/13\/2023\/12\/2-768x576.jpg 768w, https:\/\/graziamagazine.com\/mx\/wp-content\/uploads\/sites\/13\/2023\/12\/2-400x300.jpg 400w, https:\/\/graziamagazine.com\/mx\/wp-content\/uploads\/sites\/13\/2023\/12\/2-155x116.jpg 155w, https:\/\/graziamagazine.com\/mx\/wp-content\/uploads\/sites\/13\/2023\/12\/2.jpg 1500w\" sizes=\"(max-width: 450px) 100vw, 450px\" \/><\/p>\n<p><em><strong>*IMAGEN: Cortes\u00eda de Van Cleef &amp; Arpels<\/strong><\/em><\/p>\n<p>&nbsp;<\/p>\n","protected":false},"author":28953,"featured_media":133776,"template":"","format":"standard","categories":[114],"acf":[],"yoast_head":"<!-- This site is optimized with the Yoast SEO Premium plugin v18.5 (Yoast SEO v20.4) - https:\/\/yoast.com\/wordpress\/plugins\/seo\/ -->\n<title>Elegancia que Brilla: Van Cleef &amp; Arpels Desembarca en M\u00e9xico<\/title>\n<meta name=\"description\" content=\"La prestigiosa casa de joyer\u00eda francesa, ha desembarcado en M\u00e9xico con la apertura de su primera boutique en el centro comercial Artz Pedrega\" \/>\n<meta name=\"robots\" content=\"index, follow, max-snippet:-1, max-image-preview:large, max-video-preview:-1\" \/>\n<link rel=\"canonical\" href=\"https:\/\/graziamagazine.com\/mx\/articles\/elegancia-que-brilla-van-cleef-arpels-desembarca-en-mexico-https-www-vancleefarpels-com-us-en-the-maison-newsroom-van-cleef-arpels-unveils-its-first-boutique-in-mexico-htmlutm_sourcegraziautm_med\/\" \/>\n<meta property=\"og:locale\" content=\"es_MX\" \/>\n<meta property=\"og:type\" content=\"article\" \/>\n<meta property=\"og:title\" content=\"Elegancia que Brilla: Van Cleef &amp; Arpels Desembarca en M\u00e9xico\" \/>\n<meta property=\"og:description\" content=\"La prestigiosa casa de joyer\u00eda francesa, ha desembarcado en M\u00e9xico con la apertura de su primera boutique en el centro comercial Artz Pedrega\" \/>\n<meta property=\"og:url\" content=\"https:\/\/graziamagazine.com\/mx\/articles\/elegancia-que-brilla-van-cleef-arpels-desembarca-en-mexico-https-www-vancleefarpels-com-us-en-the-maison-newsroom-van-cleef-arpels-unveils-its-first-boutique-in-mexico-htmlutm_sourcegraziautm_med\/\" \/>\n<meta property=\"og:site_name\" content=\"Grazia M\u00e9xico y Latinoam\u00e9rica\" \/>\n<meta property=\"article:modified_time\" content=\"2024-03-06T20:48:58+00:00\" \/>\n<meta property=\"og:image\" content=\"https:\/\/graziamagazine.com\/mx\/wp-content\/uploads\/sites\/13\/2023\/12\/1-e1706806565760.jpg\" \/>\n\t<meta property=\"og:image:width\" content=\"1280\" \/>\n\t<meta property=\"og:image:height\" content=\"707\" \/>\n\t<meta property=\"og:image:type\" content=\"image\/jpeg\" \/>\n<meta name=\"twitter:card\" content=\"summary_large_image\" \/>\n<meta name=\"twitter:label1\" content=\"Est. reading time\" \/>\n\t<meta name=\"twitter:data1\" content=\"3 minutos\" \/>\n<script type=\"application\/ld+json\" class=\"yoast-schema-graph\">{\"@context\":\"https:\/\/schema.org\",\"@graph\":[{\"@type\":\"WebPage\",\"@id\":\"https:\/\/graziamagazine.com\/mx\/articles\/elegancia-que-brilla-van-cleef-arpels-desembarca-en-mexico-https-www-vancleefarpels-com-us-en-the-maison-newsroom-van-cleef-arpels-unveils-its-first-boutique-in-mexico-htmlutm_sourcegraziautm_med\/\",\"url\":\"https:\/\/graziamagazine.com\/mx\/articles\/elegancia-que-brilla-van-cleef-arpels-desembarca-en-mexico-https-www-vancleefarpels-com-us-en-the-maison-newsroom-van-cleef-arpels-unveils-its-first-boutique-in-mexico-htmlutm_sourcegraziautm_med\/\",\"name\":\"Elegancia que Brilla: Van Cleef & Arpels Desembarca en M\u00e9xico\",\"isPartOf\":{\"@id\":\"https:\/\/graziamagazine.com\/mx\/#website\"},\"datePublished\":\"2023-12-04T18:51:42+00:00\",\"dateModified\":\"2024-03-06T20:48:58+00:00\",\"description\":\"La prestigiosa casa de joyer\u00eda francesa, ha desembarcado en M\u00e9xico con la apertura de su primera boutique en el centro comercial Artz Pedrega\",\"breadcrumb\":{\"@id\":\"https:\/\/graziamagazine.com\/mx\/articles\/elegancia-que-brilla-van-cleef-arpels-desembarca-en-mexico-https-www-vancleefarpels-com-us-en-the-maison-newsroom-van-cleef-arpels-unveils-its-first-boutique-in-mexico-htmlutm_sourcegraziautm_med\/#breadcrumb\"},\"inLanguage\":\"es-MX\",\"potentialAction\":[{\"@type\":\"ReadAction\",\"target\":[\"https:\/\/graziamagazine.com\/mx\/articles\/elegancia-que-brilla-van-cleef-arpels-desembarca-en-mexico-https-www-vancleefarpels-com-us-en-the-maison-newsroom-van-cleef-arpels-unveils-its-first-boutique-in-mexico-htmlutm_sourcegraziautm_med\/\"]}]},{\"@type\":\"BreadcrumbList\",\"@id\":\"https:\/\/graziamagazine.com\/mx\/articles\/elegancia-que-brilla-van-cleef-arpels-desembarca-en-mexico-https-www-vancleefarpels-com-us-en-the-maison-newsroom-van-cleef-arpels-unveils-its-first-boutique-in-mexico-htmlutm_sourcegraziautm_med\/#breadcrumb\",\"itemListElement\":[{\"@type\":\"ListItem\",\"position\":1,\"name\":\"Home\",\"item\":\"https:\/\/graziamagazine.com\/mx\/\"},{\"@type\":\"ListItem\",\"position\":2,\"name\":\"Elegancia que Brilla: Van Cleef &amp; Arpels Desembarca en M\u00e9xico\"}]},{\"@type\":\"WebSite\",\"@id\":\"https:\/\/graziamagazine.com\/mx\/#website\",\"url\":\"https:\/\/graziamagazine.com\/mx\/\",\"name\":\"Grazia M\u00e9xico y Latinoam\u00e9rica\",\"description\":\"Grazia es moda, belleza y noticias  de actualidad \",\"potentialAction\":[{\"@type\":\"SearchAction\",\"target\":{\"@type\":\"EntryPoint\",\"urlTemplate\":\"https:\/\/graziamagazine.com\/mx\/?s={search_term_string}\"},\"query-input\":\"required name=search_term_string\"}],\"inLanguage\":\"es-MX\"}]}<\/script>\n<!-- \/ Yoast SEO Premium plugin. -->","yoast_head_json":{"title":"Elegancia que Brilla: Van Cleef & Arpels Desembarca en M\u00e9xico","description":"La prestigiosa casa de joyer\u00eda francesa, ha desembarcado en M\u00e9xico con la apertura de su primera boutique en el centro comercial Artz Pedrega","robots":{"index":"index","follow":"follow","max-snippet":"max-snippet:-1","max-image-preview":"max-image-preview:large","max-video-preview":"max-video-preview:-1"},"canonical":"https:\/\/graziamagazine.com\/mx\/articles\/elegancia-que-brilla-van-cleef-arpels-desembarca-en-mexico-https-www-vancleefarpels-com-us-en-the-maison-newsroom-van-cleef-arpels-unveils-its-first-boutique-in-mexico-htmlutm_sourcegraziautm_med\/","og_locale":"es_MX","og_type":"article","og_title":"Elegancia que Brilla: Van Cleef &amp; Arpels Desembarca en M\u00e9xico","og_description":"La prestigiosa casa de joyer\u00eda francesa, ha desembarcado en M\u00e9xico con la apertura de su primera boutique en el centro comercial Artz Pedrega","og_url":"https:\/\/graziamagazine.com\/mx\/articles\/elegancia-que-brilla-van-cleef-arpels-desembarca-en-mexico-https-www-vancleefarpels-com-us-en-the-maison-newsroom-van-cleef-arpels-unveils-its-first-boutique-in-mexico-htmlutm_sourcegraziautm_med\/","og_site_name":"Grazia M\u00e9xico y Latinoam\u00e9rica","article_modified_time":"2024-03-06T20:48:58+00:00","og_image":[{"width":1280,"height":707,"url":"https:\/\/graziamagazine.com\/mx\/wp-content\/uploads\/sites\/13\/2023\/12\/1-e1706806565760.jpg","type":"image\/jpeg"}],"twitter_card":"summary_large_image","twitter_misc":{"Est. reading time":"3 minutos"},"schema":{"@context":"https:\/\/schema.org","@graph":[{"@type":"WebPage","@id":"https:\/\/graziamagazine.com\/mx\/articles\/elegancia-que-brilla-van-cleef-arpels-desembarca-en-mexico-https-www-vancleefarpels-com-us-en-the-maison-newsroom-van-cleef-arpels-unveils-its-first-boutique-in-mexico-htmlutm_sourcegraziautm_med\/","url":"https:\/\/graziamagazine.com\/mx\/articles\/elegancia-que-brilla-van-cleef-arpels-desembarca-en-mexico-https-www-vancleefarpels-com-us-en-the-maison-newsroom-van-cleef-arpels-unveils-its-first-boutique-in-mexico-htmlutm_sourcegraziautm_med\/","name":"Elegancia que Brilla: Van Cleef & Arpels Desembarca en M\u00e9xico","isPartOf":{"@id":"https:\/\/graziamagazine.com\/mx\/#website"},"datePublished":"2023-12-04T18:51:42+00:00","dateModified":"2024-03-06T20:48:58+00:00","description":"La prestigiosa casa de joyer\u00eda francesa, ha desembarcado en M\u00e9xico con la apertura de su primera boutique en el centro comercial Artz Pedrega","breadcrumb":{"@id":"https:\/\/graziamagazine.com\/mx\/articles\/elegancia-que-brilla-van-cleef-arpels-desembarca-en-mexico-https-www-vancleefarpels-com-us-en-the-maison-newsroom-van-cleef-arpels-unveils-its-first-boutique-in-mexico-htmlutm_sourcegraziautm_med\/#breadcrumb"},"inLanguage":"es-MX","potentialAction":[{"@type":"ReadAction","target":["https:\/\/graziamagazine.com\/mx\/articles\/elegancia-que-brilla-van-cleef-arpels-desembarca-en-mexico-https-www-vancleefarpels-com-us-en-the-maison-newsroom-van-cleef-arpels-unveils-its-first-boutique-in-mexico-htmlutm_sourcegraziautm_med\/"]}]},{"@type":"BreadcrumbList","@id":"https:\/\/graziamagazine.com\/mx\/articles\/elegancia-que-brilla-van-cleef-arpels-desembarca-en-mexico-https-www-vancleefarpels-com-us-en-the-maison-newsroom-van-cleef-arpels-unveils-its-first-boutique-in-mexico-htmlutm_sourcegraziautm_med\/#breadcrumb","itemListElement":[{"@type":"ListItem","position":1,"name":"Home","item":"https:\/\/graziamagazine.com\/mx\/"},{"@type":"ListItem","position":2,"name":"Elegancia que Brilla: Van Cleef &amp; Arpels Desembarca en M\u00e9xico"}]},{"@type":"WebSite","@id":"https:\/\/graziamagazine.com\/mx\/#website","url":"https:\/\/graziamagazine.com\/mx\/","name":"Grazia M\u00e9xico y Latinoam\u00e9rica","description":"Grazia es moda, belleza y noticias  de actualidad ","potentialAction":[{"@type":"SearchAction","target":{"@type":"EntryPoint","urlTemplate":"https:\/\/graziamagazine.com\/mx\/?s={search_term_string}"},"query-input":"required name=search_term_string"}],"inLanguage":"es-MX"}]}},"jetpack_sharing_enabled":true,"distributor_meta":false,"distributor_terms":false,"distributor_media":false,"distributor_original_site_name":"Grazia M\u00e9xico y Latinoam\u00e9rica","distributor_original_site_url":"https:\/\/graziamagazine.com\/mx","push-errors":false,"_links":{"self":[{"href":"https:\/\/graziamagazine.com\/mx\/wp-json\/wp\/v2\/articles\/131937"}],"collection":[{"href":"https:\/\/graziamagazine.com\/mx\/wp-json\/wp\/v2\/articles"}],"about":[{"href":"https:\/\/graziamagazine.com\/mx\/wp-json\/wp\/v2\/types\/articles"}],"author":[{"embeddable":true,"href":"https:\/\/graziamagazine.com\/mx\/wp-json\/wp\/v2\/users\/28953"}],"wp:featuredmedia":[{"embeddable":true,"href":"https:\/\/graziamagazine.com\/mx\/wp-json\/wp\/v2\/media\/133776"}],"wp:attachment":[{"href":"https:\/\/graziamagazine.com\/mx\/wp-json\/wp\/v2\/media?parent=131937"}],"wp:term":[{"taxonomy":"category","embeddable":true,"href":"https:\/\/graziamagazine.com\/mx\/wp-json\/wp\/v2\/categories?post=131937"}],"curies":[{"name":"wp","href":"https:\/\/api.w.org\/{rel}","templated":true}]}}