{"id":131898,"date":"2023-12-04T11:29:46","date_gmt":"2023-12-04T16:29:46","guid":{"rendered":"https:\/\/graziamagazine.com\/mx\/?post_type=articles&#038;p=131898"},"modified":"2023-12-04T19:46:37","modified_gmt":"2023-12-05T00:46:37","slug":"jennifer-lawrence-habla-sobre-los-rumores-de-sus-cirugias-plasticas","status":"publish","type":"articles","link":"https:\/\/graziamagazine.com\/mx\/articles\/jennifer-lawrence-habla-sobre-los-rumores-de-sus-cirugias-plasticas\/","title":{"rendered":"Jennifer Lawrence habla sobre los rumores de sus cirug\u00edas pl\u00e1sticas"},"content":{"rendered":"<p><span style=\"font-weight: 400;\"><strong>Jennifer Lawrence<\/strong> neg\u00f3 haberse sometido a cirug\u00edas pl\u00e1sticas de rostro, argumentando que si se ve diferente, es por el uso de ciertas t\u00e9cnicas de maquillaje. Fue durante una conversaci\u00f3n con <strong>Kylie Jenner<\/strong> para una revista, que la actriz comparti\u00f3 sus secretos en materia de belleza.<\/span><\/p>\n<p><span style=\"font-weight: 400;\">Para esa charla con la revista <em>Interview<\/em>, <a href=\"https:\/\/graziamagazine.com\/mx\/articles\/jennifer-lawrence-pierde-su-cinturon-con-mucha-gracia-y-estilo\/\">Jennifer<\/a> desminti\u00f3 las especulaciones de que le hayan hecho alg\u00fan trabajo quir\u00fargico en el rostro. \u201cTambi\u00e9n creo que es incre\u00edble lo que el maquillaje puede hacer porque trabajo con <strong>Hung [Vanngo]<\/strong>, quien delinea el labio, y lo llamo cirujano pl\u00e1stico, porque en los \u00faltimos meses desde que trabajo con \u00e9l, todo el mundo est\u00e1 convencido de que me operaron de los ojos\u201d, brome\u00f3 la actriz.<\/span><\/p>\n<p><span style=\"font-weight: 400;\">\u201cYo digo: &#8216;No me somet\u00ed a una cirug\u00eda ocular&#8217;. Me estoy maquillando&#8217;\u201d, agreg\u00f3.<\/span><\/p>\n<p><span style=\"font-weight: 400;\">Los rumores de cirug\u00eda pl\u00e1stica comenzaron luego de que la ganadora del Oscar acudiera al desfile de modas de Dior luciendo ligeramente diferente, causando la duda entre sus fans, pero ella asegur\u00f3 que es completamente normal que tu rostro cambie a medida que envejeces.<\/span><\/p>\n<p><span style=\"font-weight: 400;\">\u201cEmpec\u00e9 a los 19, as\u00ed que recibo fotos de antes y despu\u00e9s cuando ten\u00eda entre 19 y 30 a\u00f1os y pienso: &#8216;Crec\u00ed&#8217;. Perd\u00ed peso de beb\u00e9 en la cara y mi cara cambi\u00f3 porque estoy envejeciendo&#8217;\u201d, explic\u00f3.<\/span><\/p>\n<p><span style=\"font-weight: 400;\">\u201cTodo el mundo pensaba que me hab\u00eda operado la nariz y yo dije: &#8216;He tenido exactamente la misma nariz&#8217;. Mis mejillas se hicieron m\u00e1s peque\u00f1as. Gracias por mencionarlo&#8217;\u201d, agreg\u00f3.<\/span><\/p>\n<p><img loading=\"lazy\" decoding=\"async\" class=\"alignnone size-medium wp-image-113236\" src=\"https:\/\/graziamagazine.com\/mx\/wp-content\/uploads\/sites\/13\/2022\/06\/Maquillaje-Kylie-2.jpg?w=450\" alt=\"\" width=\"450\" height=\"416\" \/><\/p>\n<p><span style=\"font-weight: 400;\">Kylie, que tambi\u00e9n comenz\u00f3 a delinearse los labios desde que era adolescente, le dijo a Jennifer que se ve\u00eda genial y comparti\u00f3 su propia experiencia con personas que hac\u00edan suposiciones sobre su apariencia.<\/span><\/p>\n<p><span style=\"font-weight: 400;\">\u201cTermin\u00e9 haci\u00e9ndome rellenos de labios, pero a m\u00ed tambi\u00e9n me pasa lo mismo\u201d, dijo. \u201cVer\u00e9 fotos de antes y despu\u00e9s cuando ten\u00eda 12 a\u00f1os versus 26, y mis cejas est\u00e9n rellenas de manera diferente. Tengo contorno puesto. Pens\u00e9: &#8216;\u00bfC\u00f3mo puedes comparar mi cara de ni\u00f1a de 12 a\u00f1os y decir que me afeitaron la mand\u00edbula y me quitaron los p\u00e1rpados?&#8217;\u201d, dijo.<\/span><\/p>\n<p><span style=\"font-weight: 400;\">\u201cMe pregunto: &#8216;\u00bfDe qu\u00e9 estamos hablando?&#8217;\u201d, continu\u00f3.<\/span><\/p>\n","protected":false},"author":11628,"featured_media":131942,"template":"","format":"standard","categories":[2],"acf":[],"yoast_head":"<!-- This site is optimized with the Yoast SEO Premium plugin v18.5 (Yoast SEO v20.4) - https:\/\/yoast.com\/wordpress\/plugins\/seo\/ -->\n<title>Jennifer Lawrence habla sobre los rumores de sus cirug\u00edas pl\u00e1sticas | Grazia M\u00e9xico y Latinoam\u00e9rica<\/title>\n<meta name=\"description\" content=\"Jennifer Lawrence neg\u00f3 haberse sometido a cirug\u00edas pl\u00e1sticas de rostro, argumentando que si se ve diferente, es por el uso de ciertas t\u00e9cnicas de\" \/>\n<meta name=\"robots\" content=\"index, follow, max-snippet:-1, max-image-preview:large, max-video-preview:-1\" \/>\n<link rel=\"canonical\" href=\"https:\/\/graziamagazine.com\/mx\/articles\/jennifer-lawrence-habla-sobre-los-rumores-de-sus-cirugias-plasticas\/\" \/>\n<meta property=\"og:locale\" content=\"es_MX\" \/>\n<meta property=\"og:type\" content=\"article\" \/>\n<meta property=\"og:title\" content=\"Jennifer Lawrence habla sobre los rumores de sus cirug\u00edas pl\u00e1sticas\" \/>\n<meta property=\"og:description\" content=\"Jennifer Lawrence neg\u00f3 haberse sometido a cirug\u00edas pl\u00e1sticas de rostro, argumentando que si se ve diferente, es por el uso de ciertas t\u00e9cnicas de\" \/>\n<meta property=\"og:url\" content=\"https:\/\/graziamagazine.com\/mx\/articles\/jennifer-lawrence-habla-sobre-los-rumores-de-sus-cirugias-plasticas\/\" \/>\n<meta property=\"og:site_name\" content=\"Grazia M\u00e9xico y Latinoam\u00e9rica\" \/>\n<meta property=\"article:modified_time\" content=\"2023-12-05T00:46:37+00:00\" \/>\n<meta property=\"og:image\" content=\"https:\/\/graziamagazine.com\/mx\/wp-content\/uploads\/sites\/13\/2023\/12\/j_law.jpg\" \/>\n\t<meta property=\"og:image:width\" content=\"1280\" \/>\n\t<meta property=\"og:image:height\" content=\"720\" \/>\n\t<meta property=\"og:image:type\" content=\"image\/jpeg\" \/>\n<meta name=\"twitter:card\" content=\"summary_large_image\" \/>\n<meta name=\"twitter:label1\" content=\"Est. reading time\" \/>\n\t<meta name=\"twitter:data1\" content=\"2 minutos\" \/>\n<script type=\"application\/ld+json\" class=\"yoast-schema-graph\">{\"@context\":\"https:\/\/schema.org\",\"@graph\":[{\"@type\":\"WebPage\",\"@id\":\"https:\/\/graziamagazine.com\/mx\/articles\/jennifer-lawrence-habla-sobre-los-rumores-de-sus-cirugias-plasticas\/\",\"url\":\"https:\/\/graziamagazine.com\/mx\/articles\/jennifer-lawrence-habla-sobre-los-rumores-de-sus-cirugias-plasticas\/\",\"name\":\"Jennifer Lawrence habla sobre los rumores de sus cirug\u00edas pl\u00e1sticas | Grazia M\u00e9xico y Latinoam\u00e9rica\",\"isPartOf\":{\"@id\":\"https:\/\/graziamagazine.com\/mx\/#website\"},\"datePublished\":\"2023-12-04T16:29:46+00:00\",\"dateModified\":\"2023-12-05T00:46:37+00:00\",\"description\":\"Jennifer Lawrence neg\u00f3 haberse sometido a cirug\u00edas pl\u00e1sticas de rostro, argumentando que si se ve diferente, es por el uso de ciertas t\u00e9cnicas de\",\"breadcrumb\":{\"@id\":\"https:\/\/graziamagazine.com\/mx\/articles\/jennifer-lawrence-habla-sobre-los-rumores-de-sus-cirugias-plasticas\/#breadcrumb\"},\"inLanguage\":\"es-MX\",\"potentialAction\":[{\"@type\":\"ReadAction\",\"target\":[\"https:\/\/graziamagazine.com\/mx\/articles\/jennifer-lawrence-habla-sobre-los-rumores-de-sus-cirugias-plasticas\/\"]}]},{\"@type\":\"BreadcrumbList\",\"@id\":\"https:\/\/graziamagazine.com\/mx\/articles\/jennifer-lawrence-habla-sobre-los-rumores-de-sus-cirugias-plasticas\/#breadcrumb\",\"itemListElement\":[{\"@type\":\"ListItem\",\"position\":1,\"name\":\"Home\",\"item\":\"https:\/\/graziamagazine.com\/mx\/\"},{\"@type\":\"ListItem\",\"position\":2,\"name\":\"Jennifer Lawrence habla sobre los rumores de sus cirug\u00edas pl\u00e1sticas\"}]},{\"@type\":\"WebSite\",\"@id\":\"https:\/\/graziamagazine.com\/mx\/#website\",\"url\":\"https:\/\/graziamagazine.com\/mx\/\",\"name\":\"Grazia M\u00e9xico y Latinoam\u00e9rica\",\"description\":\"Grazia es moda, belleza y noticias  de actualidad \",\"potentialAction\":[{\"@type\":\"SearchAction\",\"target\":{\"@type\":\"EntryPoint\",\"urlTemplate\":\"https:\/\/graziamagazine.com\/mx\/?s={search_term_string}\"},\"query-input\":\"required name=search_term_string\"}],\"inLanguage\":\"es-MX\"}]}<\/script>\n<!-- \/ Yoast SEO Premium plugin. -->","yoast_head_json":{"title":"Jennifer Lawrence habla sobre los rumores de sus cirug\u00edas pl\u00e1sticas | Grazia M\u00e9xico y Latinoam\u00e9rica","description":"Jennifer Lawrence neg\u00f3 haberse sometido a cirug\u00edas pl\u00e1sticas de rostro, argumentando que si se ve diferente, es por el uso de ciertas t\u00e9cnicas de","robots":{"index":"index","follow":"follow","max-snippet":"max-snippet:-1","max-image-preview":"max-image-preview:large","max-video-preview":"max-video-preview:-1"},"canonical":"https:\/\/graziamagazine.com\/mx\/articles\/jennifer-lawrence-habla-sobre-los-rumores-de-sus-cirugias-plasticas\/","og_locale":"es_MX","og_type":"article","og_title":"Jennifer Lawrence habla sobre los rumores de sus cirug\u00edas pl\u00e1sticas","og_description":"Jennifer Lawrence neg\u00f3 haberse sometido a cirug\u00edas pl\u00e1sticas de rostro, argumentando que si se ve diferente, es por el uso de ciertas t\u00e9cnicas de","og_url":"https:\/\/graziamagazine.com\/mx\/articles\/jennifer-lawrence-habla-sobre-los-rumores-de-sus-cirugias-plasticas\/","og_site_name":"Grazia M\u00e9xico y Latinoam\u00e9rica","article_modified_time":"2023-12-05T00:46:37+00:00","og_image":[{"width":1280,"height":720,"url":"https:\/\/graziamagazine.com\/mx\/wp-content\/uploads\/sites\/13\/2023\/12\/j_law.jpg","type":"image\/jpeg"}],"twitter_card":"summary_large_image","twitter_misc":{"Est. reading time":"2 minutos"},"schema":{"@context":"https:\/\/schema.org","@graph":[{"@type":"WebPage","@id":"https:\/\/graziamagazine.com\/mx\/articles\/jennifer-lawrence-habla-sobre-los-rumores-de-sus-cirugias-plasticas\/","url":"https:\/\/graziamagazine.com\/mx\/articles\/jennifer-lawrence-habla-sobre-los-rumores-de-sus-cirugias-plasticas\/","name":"Jennifer Lawrence habla sobre los rumores de sus cirug\u00edas pl\u00e1sticas | Grazia M\u00e9xico y Latinoam\u00e9rica","isPartOf":{"@id":"https:\/\/graziamagazine.com\/mx\/#website"},"datePublished":"2023-12-04T16:29:46+00:00","dateModified":"2023-12-05T00:46:37+00:00","description":"Jennifer Lawrence neg\u00f3 haberse sometido a cirug\u00edas pl\u00e1sticas de rostro, argumentando que si se ve diferente, es por el uso de ciertas t\u00e9cnicas de","breadcrumb":{"@id":"https:\/\/graziamagazine.com\/mx\/articles\/jennifer-lawrence-habla-sobre-los-rumores-de-sus-cirugias-plasticas\/#breadcrumb"},"inLanguage":"es-MX","potentialAction":[{"@type":"ReadAction","target":["https:\/\/graziamagazine.com\/mx\/articles\/jennifer-lawrence-habla-sobre-los-rumores-de-sus-cirugias-plasticas\/"]}]},{"@type":"BreadcrumbList","@id":"https:\/\/graziamagazine.com\/mx\/articles\/jennifer-lawrence-habla-sobre-los-rumores-de-sus-cirugias-plasticas\/#breadcrumb","itemListElement":[{"@type":"ListItem","position":1,"name":"Home","item":"https:\/\/graziamagazine.com\/mx\/"},{"@type":"ListItem","position":2,"name":"Jennifer Lawrence habla sobre los rumores de sus cirug\u00edas pl\u00e1sticas"}]},{"@type":"WebSite","@id":"https:\/\/graziamagazine.com\/mx\/#website","url":"https:\/\/graziamagazine.com\/mx\/","name":"Grazia M\u00e9xico y Latinoam\u00e9rica","description":"Grazia es moda, belleza y noticias  de actualidad ","potentialAction":[{"@type":"SearchAction","target":{"@type":"EntryPoint","urlTemplate":"https:\/\/graziamagazine.com\/mx\/?s={search_term_string}"},"query-input":"required name=search_term_string"}],"inLanguage":"es-MX"}]}},"jetpack_sharing_enabled":true,"distributor_meta":false,"distributor_terms":false,"distributor_media":false,"distributor_original_site_name":"Grazia M\u00e9xico y Latinoam\u00e9rica","distributor_original_site_url":"https:\/\/graziamagazine.com\/mx","push-errors":false,"_links":{"self":[{"href":"https:\/\/graziamagazine.com\/mx\/wp-json\/wp\/v2\/articles\/131898"}],"collection":[{"href":"https:\/\/graziamagazine.com\/mx\/wp-json\/wp\/v2\/articles"}],"about":[{"href":"https:\/\/graziamagazine.com\/mx\/wp-json\/wp\/v2\/types\/articles"}],"author":[{"embeddable":true,"href":"https:\/\/graziamagazine.com\/mx\/wp-json\/wp\/v2\/users\/11628"}],"wp:featuredmedia":[{"embeddable":true,"href":"https:\/\/graziamagazine.com\/mx\/wp-json\/wp\/v2\/media\/131942"}],"wp:attachment":[{"href":"https:\/\/graziamagazine.com\/mx\/wp-json\/wp\/v2\/media?parent=131898"}],"wp:term":[{"taxonomy":"category","embeddable":true,"href":"https:\/\/graziamagazine.com\/mx\/wp-json\/wp\/v2\/categories?post=131898"}],"curies":[{"name":"wp","href":"https:\/\/api.w.org\/{rel}","templated":true}]}}