{"id":131850,"date":"2023-12-01T13:39:09","date_gmt":"2023-12-01T18:39:09","guid":{"rendered":"https:\/\/graziamagazine.com\/mx\/?post_type=articles&#038;p=131850"},"modified":"2023-12-01T13:55:44","modified_gmt":"2023-12-01T18:55:44","slug":"furiosa-la-esperada-precuela-de-mad-max-con-anya-taylor-joy-y-chris-hemsworth","status":"publish","type":"articles","link":"https:\/\/graziamagazine.com\/mx\/articles\/furiosa-la-esperada-precuela-de-mad-max-con-anya-taylor-joy-y-chris-hemsworth\/","title":{"rendered":"Furiosa: La Esperada Precuela de Mad Max con Anya Taylor-Joy y Chris Hemsworth"},"content":{"rendered":"<p>El universo dist\u00f3pico de<strong> Mad Max<\/strong> regresa con una precuela muy esperada,<strong> &#8220;Furiosa&#8221;<\/strong>, que promete sumergirnos a\u00fan m\u00e1s en el caos postapocal\u00edptico del mundo creado por <strong>George Miller.<\/strong><\/p>\n<p>La pel\u00edcula, que se centra en los or\u00edgenes del ic\u00f3nico personaje Furiosa, est\u00e1 encabezada por las talentosas estrellas <strong>Anya Taylor-Joy y Chris Hemsworth.<\/strong><\/p>\n<figure id=\"attachment_131851\" aria-describedby=\"caption-attachment-131851\" style=\"width: 1024px\" class=\"wp-caption alignnone\"><img loading=\"lazy\" decoding=\"async\" class=\"size-large wp-image-131851\" src=\"https:\/\/graziamagazine.com\/mx\/wp-content\/uploads\/sites\/13\/2023\/12\/Captura-de-Pantalla-2023-12-01-a-las-12.42.34.png?w=1024\" alt=\"Furiosa: La Esperada Precuela de Mad Max con Anya Taylor-Joy y Chris Hemsworth\" width=\"1024\" height=\"531\" \/><figcaption id=\"caption-attachment-131851\" class=\"wp-caption-text\">Furiosa: La Esperada Precuela de Mad Max con Anya Taylor-Joy y Chris Hemsworth<\/figcaption><\/figure>\n<p>&#8220;Furiosa&#8221; arrojar\u00e1 luz sobre los or\u00edgenes de uno de los personajes m\u00e1s fascinantes de la saga Mad Max. Interpretada por Charlize Theron en <strong>&#8220;Mad Max: Fury Road&#8221;<\/strong>, Furiosa se convierte en el foco central de esta precuela, explorando su pasado en un mundo devastado por la guerra y la escasez.<\/p>\n<p>La elecci\u00f3n del elenco ha generado gran entusiasmo. Anya Taylor-Joy, conocida por sus impactantes interpretaciones en pel\u00edculas como <strong>&#8220;The Queen&#8217;s Gambit&#8221; y &#8220;Split&#8221;<\/strong>, asume el papel principal de Furiosa.<\/p>\n<p>Chris Hemsworth, reconocido por su papel como Thor en el Universo Cinematogr\u00e1fico de Marvel, se une a la pel\u00edcula en un rol clave, a\u00f1adiendo su carisma y talento a la narrativa.<img loading=\"lazy\" decoding=\"async\" class=\"alignnone size-large wp-image-131852\" src=\"https:\/\/graziamagazine.com\/mx\/wp-content\/uploads\/sites\/13\/2023\/12\/e1-7chrp139aelypxa3b2wjbe9dnv566eupe0a1e7ahjg0.jpg?w=1024\" alt=\"\" width=\"1024\" height=\"512\" \/><\/p>\n<p>El tr\u00e1iler oficial de &#8220;Furiosa&#8221; ha cautivado a los fan\u00e1ticos, ofreciendo vislumbres de la espectacularidad visual y la intensidad emocional que podemos esperar de esta entrega.<\/p>\n<p>Desde impresionantes secuencias de acci\u00f3n hasta momentos reveladores sobre el pasado de Furiosa, el tr\u00e1iler ha dejado a los espectadores ansiosos por m\u00e1s.<\/p>\n<p>Miller promete llevar a la audiencia a una nueva y emocionante odisea en este universo postapocal\u00edptico. La producci\u00f3n se inspira en el extenso legado creado por Miller para el universo de Mad Max.<\/p>\n<p><iframe loading=\"lazy\" title=\"FURIOSA : A MAD MAX SAGA | OFFICIAL TRAILER #1\" width=\"500\" height=\"281\" src=\"https:\/\/www.youtube.com\/embed\/XJMuhwVlca4?feature=oembed\" frameborder=\"0\" allow=\"accelerometer; autoplay; clipboard-write; encrypted-media; gyroscope; picture-in-picture; web-share\" allowfullscreen><\/iframe><\/p>\n<p>La exploraci\u00f3n de los personajes y la expansi\u00f3n del mundo posapocal\u00edptico ofrecen una nueva perspectiva, atrayendo tanto a los fan\u00e1ticos de la franquicia como a aquellos que se sumergen por primera vez en este mundo dist\u00f3pico.<\/p>\n<p>Con un elenco estelar, la direcci\u00f3n experta de George Miller y la promesa de una narrativa inmersiva, &#8220;Furiosa&#8221; se presenta como una epopeya cinematogr\u00e1fica que promete emociones fuertes y revelaciones impactantes.<\/p>\n<p>Los fan\u00e1ticos de Mad Max y los amantes del cine en general est\u00e1n contando los d\u00edas para sumergirse en esta nueva entrega.<\/p>\n<p><em><strong>*IMAGEN: Google Images<\/strong><\/em><\/p>\n","protected":false},"author":28953,"featured_media":131854,"template":"","format":"standard","categories":[2],"acf":[],"yoast_head":"<!-- This site is optimized with the Yoast SEO Premium plugin v18.5 (Yoast SEO v20.4) - https:\/\/yoast.com\/wordpress\/plugins\/seo\/ -->\n<title>Furiosa: La Esperada Precuela de Mad Max con Anya Taylor-Joy y Chris Hemsworth<\/title>\n<meta name=\"description\" content=\"No te pierdas el trailer de la pr\u00f3xima pel\u00edcula de acci\u00f3n post-apocal\u00edptica australiana dirigida por George Miller\" \/>\n<meta name=\"robots\" content=\"index, follow, max-snippet:-1, max-image-preview:large, max-video-preview:-1\" \/>\n<link rel=\"canonical\" href=\"https:\/\/graziamagazine.com\/mx\/articles\/furiosa-la-esperada-precuela-de-mad-max-con-anya-taylor-joy-y-chris-hemsworth\/\" \/>\n<meta property=\"og:locale\" content=\"es_MX\" \/>\n<meta property=\"og:type\" content=\"article\" \/>\n<meta property=\"og:title\" content=\"Furiosa: La Esperada Precuela de Mad Max con Anya Taylor-Joy y Chris Hemsworth\" \/>\n<meta property=\"og:description\" content=\"No te pierdas el trailer de la pr\u00f3xima pel\u00edcula de acci\u00f3n post-apocal\u00edptica australiana dirigida por George Miller\" \/>\n<meta property=\"og:url\" content=\"https:\/\/graziamagazine.com\/mx\/articles\/furiosa-la-esperada-precuela-de-mad-max-con-anya-taylor-joy-y-chris-hemsworth\/\" \/>\n<meta property=\"og:site_name\" content=\"Grazia M\u00e9xico y Latinoam\u00e9rica\" \/>\n<meta property=\"article:modified_time\" content=\"2023-12-01T18:55:44+00:00\" \/>\n<meta property=\"og:image\" content=\"https:\/\/graziamagazine.com\/mx\/wp-content\/uploads\/sites\/13\/2023\/12\/Captura-de-Pantalla-2023-12-01-a-las-12.44.31.png\" \/>\n\t<meta property=\"og:image:width\" content=\"1024\" \/>\n\t<meta property=\"og:image:height\" content=\"577\" \/>\n\t<meta property=\"og:image:type\" content=\"image\/png\" \/>\n<meta name=\"twitter:card\" content=\"summary_large_image\" \/>\n<meta name=\"twitter:label1\" content=\"Est. reading time\" \/>\n\t<meta name=\"twitter:data1\" content=\"3 minutos\" \/>\n<script type=\"application\/ld+json\" class=\"yoast-schema-graph\">{\"@context\":\"https:\/\/schema.org\",\"@graph\":[{\"@type\":\"WebPage\",\"@id\":\"https:\/\/graziamagazine.com\/mx\/articles\/furiosa-la-esperada-precuela-de-mad-max-con-anya-taylor-joy-y-chris-hemsworth\/\",\"url\":\"https:\/\/graziamagazine.com\/mx\/articles\/furiosa-la-esperada-precuela-de-mad-max-con-anya-taylor-joy-y-chris-hemsworth\/\",\"name\":\"Furiosa: La Esperada Precuela de Mad Max con Anya Taylor-Joy y Chris Hemsworth\",\"isPartOf\":{\"@id\":\"https:\/\/graziamagazine.com\/mx\/#website\"},\"datePublished\":\"2023-12-01T18:39:09+00:00\",\"dateModified\":\"2023-12-01T18:55:44+00:00\",\"description\":\"No te pierdas el trailer de la pr\u00f3xima pel\u00edcula de acci\u00f3n post-apocal\u00edptica australiana dirigida por George Miller\",\"breadcrumb\":{\"@id\":\"https:\/\/graziamagazine.com\/mx\/articles\/furiosa-la-esperada-precuela-de-mad-max-con-anya-taylor-joy-y-chris-hemsworth\/#breadcrumb\"},\"inLanguage\":\"es-MX\",\"potentialAction\":[{\"@type\":\"ReadAction\",\"target\":[\"https:\/\/graziamagazine.com\/mx\/articles\/furiosa-la-esperada-precuela-de-mad-max-con-anya-taylor-joy-y-chris-hemsworth\/\"]}]},{\"@type\":\"BreadcrumbList\",\"@id\":\"https:\/\/graziamagazine.com\/mx\/articles\/furiosa-la-esperada-precuela-de-mad-max-con-anya-taylor-joy-y-chris-hemsworth\/#breadcrumb\",\"itemListElement\":[{\"@type\":\"ListItem\",\"position\":1,\"name\":\"Home\",\"item\":\"https:\/\/graziamagazine.com\/mx\/\"},{\"@type\":\"ListItem\",\"position\":2,\"name\":\"Furiosa: La Esperada Precuela de Mad Max con Anya Taylor-Joy y Chris Hemsworth\"}]},{\"@type\":\"WebSite\",\"@id\":\"https:\/\/graziamagazine.com\/mx\/#website\",\"url\":\"https:\/\/graziamagazine.com\/mx\/\",\"name\":\"Grazia M\u00e9xico y Latinoam\u00e9rica\",\"description\":\"Grazia es moda, belleza y noticias  de actualidad \",\"potentialAction\":[{\"@type\":\"SearchAction\",\"target\":{\"@type\":\"EntryPoint\",\"urlTemplate\":\"https:\/\/graziamagazine.com\/mx\/?s={search_term_string}\"},\"query-input\":\"required name=search_term_string\"}],\"inLanguage\":\"es-MX\"}]}<\/script>\n<!-- \/ Yoast SEO Premium plugin. -->","yoast_head_json":{"title":"Furiosa: La Esperada Precuela de Mad Max con Anya Taylor-Joy y Chris Hemsworth","description":"No te pierdas el trailer de la pr\u00f3xima pel\u00edcula de acci\u00f3n post-apocal\u00edptica australiana dirigida por George Miller","robots":{"index":"index","follow":"follow","max-snippet":"max-snippet:-1","max-image-preview":"max-image-preview:large","max-video-preview":"max-video-preview:-1"},"canonical":"https:\/\/graziamagazine.com\/mx\/articles\/furiosa-la-esperada-precuela-de-mad-max-con-anya-taylor-joy-y-chris-hemsworth\/","og_locale":"es_MX","og_type":"article","og_title":"Furiosa: La Esperada Precuela de Mad Max con Anya Taylor-Joy y Chris Hemsworth","og_description":"No te pierdas el trailer de la pr\u00f3xima pel\u00edcula de acci\u00f3n post-apocal\u00edptica australiana dirigida por George Miller","og_url":"https:\/\/graziamagazine.com\/mx\/articles\/furiosa-la-esperada-precuela-de-mad-max-con-anya-taylor-joy-y-chris-hemsworth\/","og_site_name":"Grazia M\u00e9xico y Latinoam\u00e9rica","article_modified_time":"2023-12-01T18:55:44+00:00","og_image":[{"url":"https:\/\/graziamagazine.com\/mx\/wp-content\/uploads\/sites\/13\/2023\/12\/Captura-de-Pantalla-2023-12-01-a-las-12.44.31.png","width":1024,"height":577,"type":"image\/png"}],"twitter_card":"summary_large_image","twitter_misc":{"Est. reading time":"3 minutos"},"schema":{"@context":"https:\/\/schema.org","@graph":[{"@type":"WebPage","@id":"https:\/\/graziamagazine.com\/mx\/articles\/furiosa-la-esperada-precuela-de-mad-max-con-anya-taylor-joy-y-chris-hemsworth\/","url":"https:\/\/graziamagazine.com\/mx\/articles\/furiosa-la-esperada-precuela-de-mad-max-con-anya-taylor-joy-y-chris-hemsworth\/","name":"Furiosa: La Esperada Precuela de Mad Max con Anya Taylor-Joy y Chris Hemsworth","isPartOf":{"@id":"https:\/\/graziamagazine.com\/mx\/#website"},"datePublished":"2023-12-01T18:39:09+00:00","dateModified":"2023-12-01T18:55:44+00:00","description":"No te pierdas el trailer de la pr\u00f3xima pel\u00edcula de acci\u00f3n post-apocal\u00edptica australiana dirigida por George Miller","breadcrumb":{"@id":"https:\/\/graziamagazine.com\/mx\/articles\/furiosa-la-esperada-precuela-de-mad-max-con-anya-taylor-joy-y-chris-hemsworth\/#breadcrumb"},"inLanguage":"es-MX","potentialAction":[{"@type":"ReadAction","target":["https:\/\/graziamagazine.com\/mx\/articles\/furiosa-la-esperada-precuela-de-mad-max-con-anya-taylor-joy-y-chris-hemsworth\/"]}]},{"@type":"BreadcrumbList","@id":"https:\/\/graziamagazine.com\/mx\/articles\/furiosa-la-esperada-precuela-de-mad-max-con-anya-taylor-joy-y-chris-hemsworth\/#breadcrumb","itemListElement":[{"@type":"ListItem","position":1,"name":"Home","item":"https:\/\/graziamagazine.com\/mx\/"},{"@type":"ListItem","position":2,"name":"Furiosa: La Esperada Precuela de Mad Max con Anya Taylor-Joy y Chris Hemsworth"}]},{"@type":"WebSite","@id":"https:\/\/graziamagazine.com\/mx\/#website","url":"https:\/\/graziamagazine.com\/mx\/","name":"Grazia M\u00e9xico y Latinoam\u00e9rica","description":"Grazia es moda, belleza y noticias  de actualidad ","potentialAction":[{"@type":"SearchAction","target":{"@type":"EntryPoint","urlTemplate":"https:\/\/graziamagazine.com\/mx\/?s={search_term_string}"},"query-input":"required name=search_term_string"}],"inLanguage":"es-MX"}]}},"jetpack_sharing_enabled":true,"distributor_meta":false,"distributor_terms":false,"distributor_media":false,"distributor_original_site_name":"Grazia M\u00e9xico y Latinoam\u00e9rica","distributor_original_site_url":"https:\/\/graziamagazine.com\/mx","push-errors":false,"_links":{"self":[{"href":"https:\/\/graziamagazine.com\/mx\/wp-json\/wp\/v2\/articles\/131850"}],"collection":[{"href":"https:\/\/graziamagazine.com\/mx\/wp-json\/wp\/v2\/articles"}],"about":[{"href":"https:\/\/graziamagazine.com\/mx\/wp-json\/wp\/v2\/types\/articles"}],"author":[{"embeddable":true,"href":"https:\/\/graziamagazine.com\/mx\/wp-json\/wp\/v2\/users\/28953"}],"wp:featuredmedia":[{"embeddable":true,"href":"https:\/\/graziamagazine.com\/mx\/wp-json\/wp\/v2\/media\/131854"}],"wp:attachment":[{"href":"https:\/\/graziamagazine.com\/mx\/wp-json\/wp\/v2\/media?parent=131850"}],"wp:term":[{"taxonomy":"category","embeddable":true,"href":"https:\/\/graziamagazine.com\/mx\/wp-json\/wp\/v2\/categories?post=131850"}],"curies":[{"name":"wp","href":"https:\/\/api.w.org\/{rel}","templated":true}]}}