{"id":131837,"date":"2023-11-30T18:43:47","date_gmt":"2023-11-30T23:43:47","guid":{"rendered":"https:\/\/graziamagazine.com\/mx\/?post_type=articles&#038;p=131837"},"modified":"2023-12-03T15:22:22","modified_gmt":"2023-12-03T20:22:22","slug":"claudia-schiffer-ahora-es-una-barbie-vestida-de-versace","status":"publish","type":"articles","link":"https:\/\/graziamagazine.com\/mx\/articles\/claudia-schiffer-ahora-es-una-barbie-vestida-de-versace\/","title":{"rendered":"Claudia Schiffer ahora es una Barbie vestida de Versace"},"content":{"rendered":"<p><strong>Claudia Schiffer<\/strong> era, sin duda, una de las favoritas de <strong>Gianni Versace<\/strong>. El dise\u00f1ador la eligi\u00f3 para lucir en su show\u00a0Atelier\u00a0Oto\u00f1o\/Invierno 1994,\u00a0un\u00a0et\u00e9reo y\u00a0seductor vestido cer\u00faleo hasta el suelo, combinado con un corpi\u00f1o de tafet\u00e1n de faya, inspirado en el cors\u00e9 caracter\u00edstico de la casa italiana.\u00a0Ese fue el look escogido por la top model como su favorito de todos los tiempos en su paso por las pasarelas de <a href=\"https:\/\/graziamagazine.com\/mx\/search\/?search=versace\" target=\"_blank\" rel=\"noopener\">Versace<\/a>.<\/p>\n<p>Un momento ic\u00f3nico de la moda que <strong>Mattel<\/strong> celebra al lanzar <strong>una edici\u00f3n especial de <a href=\"https:\/\/graziamagazine.com\/mx\/articles\/barbie-conoce-a-chanel-se-revela-una-colaboracion-glamorosa\/\" target=\"_blank\" rel=\"noopener\">Barbie<\/a><\/strong>. La empresa estadounidense de juguetes hace una declaraci\u00f3n audaz al unir la fuerza y la feminidad de Claudia Schiffer con el glamour lujoso de la firma italiana.<\/p>\n<p>\u201c\u00a1Feliz de anunciar una de las primeras mu\u00f1ecas Barbie s\u00faper modelo de los 90!\u201d As\u00ed inicia la rubia su agradecimiento en Instagram. \u00bfUna de las primeras? \u00bfAcaso vendr\u00e1n m\u00e1s?<\/p>\n<blockquote class=\"instagram-media\" style=\"background: #FFF;border: 0;border-radius: 3px;margin: 1px;max-width: 540px;min-width: 326px;padding: 0;width: calc(100% - 2px)\" data-instgrm-captioned=\"\" data-instgrm-permalink=\"https:\/\/www.instagram.com\/p\/C0POV1SO3Ba\/?utm_source=ig_embed&amp;utm_campaign=loading\" data-instgrm-version=\"14\">\n<div style=\"padding: 16px\">\n<p>&nbsp;<\/p>\n<div style=\"flex-direction: row;align-items: center\">\n<div style=\"background-color: #f4f4f4;border-radius: 50%;flex-grow: 0;height: 40px;margin-right: 14px;width: 40px\"><\/div>\n<div style=\"flex-direction: column;flex-grow: 1;justify-content: center\">\n<div style=\"background-color: #f4f4f4;border-radius: 4px;flex-grow: 0;height: 14px;margin-bottom: 6px;width: 100px\"><\/div>\n<div style=\"background-color: #f4f4f4;border-radius: 4px;flex-grow: 0;height: 14px;width: 60px\"><\/div>\n<\/div>\n<\/div>\n<div style=\"padding: 19% 0\"><\/div>\n<div style=\"height: 50px;margin: 0 auto 12px;width: 50px\"><\/div>\n<div style=\"padding-top: 8px\">\n<div style=\"color: #3897f0;font-family: Arial,sans-serif;font-size: 14px;font-style: normal;font-weight: 550;line-height: 18px\">View this post on Instagram<\/div>\n<\/div>\n<div style=\"padding: 12.5% 0\"><\/div>\n<div style=\"flex-direction: row;margin-bottom: 14px;align-items: center\">\n<div>\n<div style=\"background-color: #f4f4f4;border-radius: 50%;height: 12.5px;width: 12.5px\"><\/div>\n<div style=\"background-color: #f4f4f4;height: 12.5px;width: 12.5px;flex-grow: 0;margin-right: 14px;margin-left: 2px\"><\/div>\n<div style=\"background-color: #f4f4f4;border-radius: 50%;height: 12.5px;width: 12.5px\"><\/div>\n<\/div>\n<div style=\"margin-left: 8px\">\n<div style=\"background-color: #f4f4f4;border-radius: 50%;flex-grow: 0;height: 20px;width: 20px\"><\/div>\n<div style=\"width: 0;height: 0;border-top: 2px solid transparent;border-left: 6px solid #f4f4f4;border-bottom: 2px solid transparent\"><\/div>\n<\/div>\n<div style=\"margin-left: auto\">\n<div style=\"width: 0px;border-top: 8px solid #F4F4F4;border-right: 8px solid transparent\"><\/div>\n<div style=\"background-color: #f4f4f4;flex-grow: 0;height: 12px;width: 16px\"><\/div>\n<div style=\"width: 0;height: 0;border-top: 8px solid #F4F4F4;border-left: 8px solid transparent\"><\/div>\n<\/div>\n<\/div>\n<div style=\"flex-direction: column;flex-grow: 1;justify-content: center;margin-bottom: 24px\">\n<div style=\"background-color: #f4f4f4;border-radius: 4px;flex-grow: 0;height: 14px;margin-bottom: 6px;width: 224px\"><\/div>\n<div style=\"background-color: #f4f4f4;border-radius: 4px;flex-grow: 0;height: 14px;width: 144px\"><\/div>\n<\/div>\n<p>&nbsp;<\/p>\n<p style=\"color: #c9c8cd;font-family: Arial,sans-serif;font-size: 14px;line-height: 17px;margin-bottom: 0;margin-top: 8px;overflow: hidden;padding: 8px 0 7px;text-align: center\"><a href=\"https:\/\/www.instagram.com\/p\/C0POV1SO3Ba\/?utm_source=ig_embed&amp;utm_campaign=loading\"style=\"color: #c9c8cd;font-family: Arial,sans-serif;font-size: 14px;font-style: normal;font-weight: normal;line-height: 17px;text-decoration: none\"  target=\"_blank\" rel=\"noopener\" target=\"_blank\">A post shared by Claudia Schiffer (@claudiaschiffer)<\/a><\/p>\n<\/div>\n<\/blockquote>\n<p>Esta poderosa colaboraci\u00f3n anunciada en el a\u00f1o 2020 por motivo del cumplea\u00f1os 50 de la alemana, llega tres a\u00f1os despu\u00e9s y ya est\u00e1 disponible en la p\u00e1gina de <strong>Mattel Creations<\/strong>, un sitio web dedicado a coleccionistas.<\/p>\n<p>El 2023 ha sido un gran a\u00f1o para Barbie, gracias a la envidiable recaudaci\u00f3n de la pel\u00edcula dirigida por Greta Gerwig ($1,380 millones de d\u00f3lares) y\u00a0protagonizada por \u00a0Margot Robbie quien durante la gira de promoci\u00f3n luci\u00f3 varios vestidos Versace, entre ellos\u00a0el que llev\u00f3 en la <em>premiere<\/em> australiana: un cors\u00e9 de malla metalizada que\u00a0Schiffer desfil\u00f3\u00a0en 1995.<\/p>\n","protected":false},"author":42706,"featured_media":131838,"template":"","format":"standard","categories":[2,4],"acf":[],"yoast_head":"<!-- This site is optimized with the Yoast SEO Premium plugin v18.5 (Yoast SEO v20.4) - https:\/\/yoast.com\/wordpress\/plugins\/seo\/ -->\n<title>Claudia Schiffer ahora es una Barbie vestida de Versace | Grazia M\u00e9xico y Latinoam\u00e9rica<\/title>\n<meta name=\"description\" content=\"Claudia Schiffer era, sin duda, una de las favoritas de Gianni Versace. El dise\u00f1ador la eligi\u00f3 para lucir en su show\u00a0Atelier\u00a0Oto\u00f1o\/Invierno\" \/>\n<meta name=\"robots\" content=\"index, follow, max-snippet:-1, max-image-preview:large, max-video-preview:-1\" \/>\n<link rel=\"canonical\" href=\"https:\/\/graziamagazine.com\/mx\/articles\/claudia-schiffer-ahora-es-una-barbie-vestida-de-versace\/\" \/>\n<meta property=\"og:locale\" content=\"es_MX\" \/>\n<meta property=\"og:type\" content=\"article\" \/>\n<meta property=\"og:title\" content=\"Claudia Schiffer ahora es una Barbie vestida de Versace\" \/>\n<meta property=\"og:description\" content=\"Claudia Schiffer era, sin duda, una de las favoritas de Gianni Versace. El dise\u00f1ador la eligi\u00f3 para lucir en su show\u00a0Atelier\u00a0Oto\u00f1o\/Invierno\" \/>\n<meta property=\"og:url\" content=\"https:\/\/graziamagazine.com\/mx\/articles\/claudia-schiffer-ahora-es-una-barbie-vestida-de-versace\/\" \/>\n<meta property=\"og:site_name\" content=\"Grazia M\u00e9xico y Latinoam\u00e9rica\" \/>\n<meta property=\"article:modified_time\" content=\"2023-12-03T20:22:22+00:00\" \/>\n<meta property=\"og:image\" content=\"https:\/\/graziamagazine.com\/mx\/wp-content\/uploads\/sites\/13\/2023\/11\/barbie_schiffer.jpg\" \/>\n\t<meta property=\"og:image:width\" content=\"1280\" \/>\n\t<meta property=\"og:image:height\" content=\"720\" \/>\n\t<meta property=\"og:image:type\" content=\"image\/jpeg\" \/>\n<meta name=\"twitter:card\" content=\"summary_large_image\" \/>\n<meta name=\"twitter:label1\" content=\"Est. reading time\" \/>\n\t<meta name=\"twitter:data1\" content=\"2 minutos\" \/>\n<script type=\"application\/ld+json\" class=\"yoast-schema-graph\">{\"@context\":\"https:\/\/schema.org\",\"@graph\":[{\"@type\":\"WebPage\",\"@id\":\"https:\/\/graziamagazine.com\/mx\/articles\/claudia-schiffer-ahora-es-una-barbie-vestida-de-versace\/\",\"url\":\"https:\/\/graziamagazine.com\/mx\/articles\/claudia-schiffer-ahora-es-una-barbie-vestida-de-versace\/\",\"name\":\"Claudia Schiffer ahora es una Barbie vestida de Versace | Grazia M\u00e9xico y Latinoam\u00e9rica\",\"isPartOf\":{\"@id\":\"https:\/\/graziamagazine.com\/mx\/#website\"},\"datePublished\":\"2023-11-30T23:43:47+00:00\",\"dateModified\":\"2023-12-03T20:22:22+00:00\",\"description\":\"Claudia Schiffer era, sin duda, una de las favoritas de Gianni Versace. El dise\u00f1ador la eligi\u00f3 para lucir en su show\u00a0Atelier\u00a0Oto\u00f1o\/Invierno\",\"breadcrumb\":{\"@id\":\"https:\/\/graziamagazine.com\/mx\/articles\/claudia-schiffer-ahora-es-una-barbie-vestida-de-versace\/#breadcrumb\"},\"inLanguage\":\"es-MX\",\"potentialAction\":[{\"@type\":\"ReadAction\",\"target\":[\"https:\/\/graziamagazine.com\/mx\/articles\/claudia-schiffer-ahora-es-una-barbie-vestida-de-versace\/\"]}]},{\"@type\":\"BreadcrumbList\",\"@id\":\"https:\/\/graziamagazine.com\/mx\/articles\/claudia-schiffer-ahora-es-una-barbie-vestida-de-versace\/#breadcrumb\",\"itemListElement\":[{\"@type\":\"ListItem\",\"position\":1,\"name\":\"Home\",\"item\":\"https:\/\/graziamagazine.com\/mx\/\"},{\"@type\":\"ListItem\",\"position\":2,\"name\":\"Claudia Schiffer ahora es una Barbie vestida de Versace\"}]},{\"@type\":\"WebSite\",\"@id\":\"https:\/\/graziamagazine.com\/mx\/#website\",\"url\":\"https:\/\/graziamagazine.com\/mx\/\",\"name\":\"Grazia M\u00e9xico y Latinoam\u00e9rica\",\"description\":\"Grazia es moda, belleza y noticias  de actualidad \",\"potentialAction\":[{\"@type\":\"SearchAction\",\"target\":{\"@type\":\"EntryPoint\",\"urlTemplate\":\"https:\/\/graziamagazine.com\/mx\/?s={search_term_string}\"},\"query-input\":\"required name=search_term_string\"}],\"inLanguage\":\"es-MX\"}]}<\/script>\n<!-- \/ Yoast SEO Premium plugin. -->","yoast_head_json":{"title":"Claudia Schiffer ahora es una Barbie vestida de Versace | Grazia M\u00e9xico y Latinoam\u00e9rica","description":"Claudia Schiffer era, sin duda, una de las favoritas de Gianni Versace. El dise\u00f1ador la eligi\u00f3 para lucir en su show\u00a0Atelier\u00a0Oto\u00f1o\/Invierno","robots":{"index":"index","follow":"follow","max-snippet":"max-snippet:-1","max-image-preview":"max-image-preview:large","max-video-preview":"max-video-preview:-1"},"canonical":"https:\/\/graziamagazine.com\/mx\/articles\/claudia-schiffer-ahora-es-una-barbie-vestida-de-versace\/","og_locale":"es_MX","og_type":"article","og_title":"Claudia Schiffer ahora es una Barbie vestida de Versace","og_description":"Claudia Schiffer era, sin duda, una de las favoritas de Gianni Versace. El dise\u00f1ador la eligi\u00f3 para lucir en su show\u00a0Atelier\u00a0Oto\u00f1o\/Invierno","og_url":"https:\/\/graziamagazine.com\/mx\/articles\/claudia-schiffer-ahora-es-una-barbie-vestida-de-versace\/","og_site_name":"Grazia M\u00e9xico y Latinoam\u00e9rica","article_modified_time":"2023-12-03T20:22:22+00:00","og_image":[{"width":1280,"height":720,"url":"https:\/\/graziamagazine.com\/mx\/wp-content\/uploads\/sites\/13\/2023\/11\/barbie_schiffer.jpg","type":"image\/jpeg"}],"twitter_card":"summary_large_image","twitter_misc":{"Est. reading time":"2 minutos"},"schema":{"@context":"https:\/\/schema.org","@graph":[{"@type":"WebPage","@id":"https:\/\/graziamagazine.com\/mx\/articles\/claudia-schiffer-ahora-es-una-barbie-vestida-de-versace\/","url":"https:\/\/graziamagazine.com\/mx\/articles\/claudia-schiffer-ahora-es-una-barbie-vestida-de-versace\/","name":"Claudia Schiffer ahora es una Barbie vestida de Versace | Grazia M\u00e9xico y Latinoam\u00e9rica","isPartOf":{"@id":"https:\/\/graziamagazine.com\/mx\/#website"},"datePublished":"2023-11-30T23:43:47+00:00","dateModified":"2023-12-03T20:22:22+00:00","description":"Claudia Schiffer era, sin duda, una de las favoritas de Gianni Versace. El dise\u00f1ador la eligi\u00f3 para lucir en su show\u00a0Atelier\u00a0Oto\u00f1o\/Invierno","breadcrumb":{"@id":"https:\/\/graziamagazine.com\/mx\/articles\/claudia-schiffer-ahora-es-una-barbie-vestida-de-versace\/#breadcrumb"},"inLanguage":"es-MX","potentialAction":[{"@type":"ReadAction","target":["https:\/\/graziamagazine.com\/mx\/articles\/claudia-schiffer-ahora-es-una-barbie-vestida-de-versace\/"]}]},{"@type":"BreadcrumbList","@id":"https:\/\/graziamagazine.com\/mx\/articles\/claudia-schiffer-ahora-es-una-barbie-vestida-de-versace\/#breadcrumb","itemListElement":[{"@type":"ListItem","position":1,"name":"Home","item":"https:\/\/graziamagazine.com\/mx\/"},{"@type":"ListItem","position":2,"name":"Claudia Schiffer ahora es una Barbie vestida de Versace"}]},{"@type":"WebSite","@id":"https:\/\/graziamagazine.com\/mx\/#website","url":"https:\/\/graziamagazine.com\/mx\/","name":"Grazia M\u00e9xico y Latinoam\u00e9rica","description":"Grazia es moda, belleza y noticias  de actualidad ","potentialAction":[{"@type":"SearchAction","target":{"@type":"EntryPoint","urlTemplate":"https:\/\/graziamagazine.com\/mx\/?s={search_term_string}"},"query-input":"required name=search_term_string"}],"inLanguage":"es-MX"}]}},"jetpack_sharing_enabled":true,"distributor_meta":false,"distributor_terms":false,"distributor_media":false,"distributor_original_site_name":"Grazia M\u00e9xico y Latinoam\u00e9rica","distributor_original_site_url":"https:\/\/graziamagazine.com\/mx","push-errors":false,"_links":{"self":[{"href":"https:\/\/graziamagazine.com\/mx\/wp-json\/wp\/v2\/articles\/131837"}],"collection":[{"href":"https:\/\/graziamagazine.com\/mx\/wp-json\/wp\/v2\/articles"}],"about":[{"href":"https:\/\/graziamagazine.com\/mx\/wp-json\/wp\/v2\/types\/articles"}],"author":[{"embeddable":true,"href":"https:\/\/graziamagazine.com\/mx\/wp-json\/wp\/v2\/users\/42706"}],"wp:featuredmedia":[{"embeddable":true,"href":"https:\/\/graziamagazine.com\/mx\/wp-json\/wp\/v2\/media\/131838"}],"wp:attachment":[{"href":"https:\/\/graziamagazine.com\/mx\/wp-json\/wp\/v2\/media?parent=131837"}],"wp:term":[{"taxonomy":"category","embeddable":true,"href":"https:\/\/graziamagazine.com\/mx\/wp-json\/wp\/v2\/categories?post=131837"}],"curies":[{"name":"wp","href":"https:\/\/api.w.org\/{rel}","templated":true}]}}