{"id":131809,"date":"2023-11-30T13:32:21","date_gmt":"2023-11-30T18:32:21","guid":{"rendered":"https:\/\/graziamagazine.com\/mx\/?post_type=articles&#038;p=131809"},"modified":"2023-11-30T13:39:31","modified_gmt":"2023-11-30T18:39:31","slug":"el-collar-cartier-de-timothee-chalamet-una-obra-maestra-en-la-alfombra-roja","status":"publish","type":"articles","link":"https:\/\/graziamagazine.com\/mx\/articles\/el-collar-cartier-de-timothee-chalamet-una-obra-maestra-en-la-alfombra-roja\/","title":{"rendered":"El Collar Cartier de Timoth\u00e9e Chalamet: Una Obra Maestra en la Alfombra Roja"},"content":{"rendered":"<p>En el anticipado estreno de<strong> &#8220;Wonka&#8221;, Timoth\u00e9e Chalamet<\/strong> deslumbr\u00f3 en la alfombra roja con un collar <strong>Cartier<\/strong> verdaderamente excepcional.<\/p>\n<p>Esta creaci\u00f3n \u00fanica, desarrollada en colaboraci\u00f3n con la directora creativa de joyer\u00eda y relojer\u00eda de Cartier, <strong>Marie-Laure C\u00e9r\u00e8de<\/strong>, se ha convertido en una obra maestra que fusiona la artesan\u00eda exquisita con la visi\u00f3n creativa del embajador de Cartier.<\/p>\n<figure id=\"attachment_131815\" aria-describedby=\"caption-attachment-131815\" style=\"width: 683px\" class=\"wp-caption alignnone\"><img loading=\"lazy\" decoding=\"async\" class=\"size-large wp-image-131815\" src=\"https:\/\/graziamagazine.com\/mx\/wp-content\/uploads\/sites\/13\/2023\/11\/Cartier-\u00a9-Matthieu-Lavanchy.jpg?w=683\" alt=\"El Collar Cartier de Timoth\u00e9e Chalamet: Una Obra Maestra en la Alfombra Roja\" width=\"683\" height=\"1024\" \/><figcaption id=\"caption-attachment-131815\" class=\"wp-caption-text\">El Collar Cartier de Timoth\u00e9e Chalamet: Una Obra Maestra en la Alfombra Roja<\/figcaption><\/figure>\n<p>El proceso creativo comenz\u00f3 cuando Chalamet se sumergi\u00f3 en los <strong>talleres de joyer\u00eda de Cartier en Par\u00eds<\/strong>, compartiendo inspiraciones y visiones con Marie-Laure C\u00e9r\u00e8de. Inspirados por <strong>fotogramas de pel\u00edculas y la personalidad distintiva del actor<\/strong>, el d\u00fao forj\u00f3 la idea de una pieza \u00fanica y ecl\u00e9ctica.<\/p>\n<p>La estructura del collar, adaptada precisamente a Chalamet, est\u00e1 hecha de <strong>oro blanco<\/strong> y dise\u00f1ada para reposar directamente sobre la piel.<\/p>\n<div class=\"content-gallery\"><div class=\"gallery-placeholder\"><div class=\"spinner\"><\/div><\/div><span class=\"gallery-pagination\"><\/span><div id=\"gallery-1\" class=\"gallery galleryid-131809 gallery-columns- gallery-size-\"><figure class=\"gallery-item\"><div class=\"gallery-icon landscape\"><img loading=\"lazy\" decoding=\"async\" width=\"2835\" height=\"3543\" src=\"https:\/\/graziamagazine.com\/mx\/wp-content\/uploads\/sites\/13\/2023\/11\/Cartier-\u00a9.jpg\" class=\"lazy\" alt=\"\" \/><\/div><\/figure><figure class=\"gallery-item\"><div class=\"gallery-icon landscape\"><img loading=\"lazy\" decoding=\"async\" width=\"2835\" height=\"3543\" src=\"https:\/\/graziamagazine.com\/mx\/wp-content\/uploads\/sites\/13\/2023\/11\/Cartier-\u00a9-2.jpg\" class=\"lazy\" alt=\"\" \/><\/div><\/figure><figure class=\"gallery-item\"><div class=\"gallery-icon landscape\"><img loading=\"lazy\" decoding=\"async\" width=\"2835\" height=\"3543\" src=\"https:\/\/graziamagazine.com\/mx\/wp-content\/uploads\/sites\/13\/2023\/11\/Cartier-\u00a9-3.jpg\" class=\"lazy\" alt=\"\" \/><\/div><\/figure><\/div><\/div>\n<p>Adornado con una mezcla de piedras <strong>preciosas giratorias, incluyendo \u00f3nix, \u00f3palos, turmalinas y esmeraldas<\/strong>, el collar deslumbra con una<strong> paleta de colores vibrantes.<\/strong><\/p>\n<p>Despu\u00e9s de su aparici\u00f3n en la alfombra roja, el collar se integrar\u00e1 en la <strong>Colecci\u00f3n Cartier<\/strong>. Adem\u00e1s, se embarcar\u00e1 en un viaje internacional a trav\u00e9s de exposiciones relevantes, brindando al p\u00fablico la oportunidad de admirar esta obra maestra de la joyer\u00eda contempor\u00e1nea.<img loading=\"lazy\" decoding=\"async\" class=\"alignnone size-large wp-image-131813\" src=\"https:\/\/graziamagazine.com\/mx\/wp-content\/uploads\/sites\/13\/2023\/11\/Cartier-\u00a9-Julien-Thomas-Hamon.jpg?w=754\" alt=\"\" width=\"754\" height=\"1024\" \/><\/p>\n<p>En palabras de Chalamet, este collar es un homenaje al <strong>personaje colorido, ambicioso y brillante de Wonka<\/strong>, capturando su esencia y genialidad. Marie-Laure C\u00e9r\u00e8de describe la creaci\u00f3n como m\u00e1s que un collar, es una obra de arte puntillista con m\u00e1s de <strong>900 piedras preciosas<\/strong>, creando un universo imaginario lleno de emoci\u00f3n.<\/p>\n<p>Esta colaboraci\u00f3n entre el talento actoral de Chalamet y la artesan\u00eda de Cartier ha dado vida a una joya que trasciende lo convencional, fusionando la<strong> moda, el arte y la excelencia joyera<\/strong> en una experiencia visual \u00fanica.<\/p>\n<p><em><strong>*IMAGEN: Cortes\u00eda Cartier<\/strong><\/em><\/p>\n","protected":false},"author":28953,"featured_media":131817,"template":"","format":"standard","categories":[114],"acf":[],"yoast_head":"<!-- This site is optimized with the Yoast SEO Premium plugin v18.5 (Yoast SEO v20.4) - https:\/\/yoast.com\/wordpress\/plugins\/seo\/ -->\n<title>El Collar Cartier de Timoth\u00e9e Chalamet: Una Obra Maestra en la Alfombra Roja<\/title>\n<meta name=\"description\" content=\"La pieza, creada en colaboraci\u00f3n con la casa francesa, es un homenaje al personaje de Willy Wonka, el famoso chocolatero que protagoniza el cl\u00e1sico cuento infantil.\" \/>\n<meta name=\"robots\" content=\"index, follow, max-snippet:-1, max-image-preview:large, max-video-preview:-1\" \/>\n<link rel=\"canonical\" href=\"https:\/\/graziamagazine.com\/mx\/articles\/el-collar-cartier-de-timothee-chalamet-una-obra-maestra-en-la-alfombra-roja\/\" \/>\n<meta property=\"og:locale\" content=\"es_MX\" \/>\n<meta property=\"og:type\" content=\"article\" \/>\n<meta property=\"og:title\" content=\"El Collar Cartier de Timoth\u00e9e Chalamet: Una Obra Maestra en la Alfombra Roja\" \/>\n<meta property=\"og:description\" content=\"La pieza, creada en colaboraci\u00f3n con la casa francesa, es un homenaje al personaje de Willy Wonka, el famoso chocolatero que protagoniza el cl\u00e1sico cuento infantil.\" \/>\n<meta property=\"og:url\" content=\"https:\/\/graziamagazine.com\/mx\/articles\/el-collar-cartier-de-timothee-chalamet-una-obra-maestra-en-la-alfombra-roja\/\" \/>\n<meta property=\"og:site_name\" content=\"Grazia M\u00e9xico y Latinoam\u00e9rica\" \/>\n<meta property=\"article:modified_time\" content=\"2023-11-30T18:39:31+00:00\" \/>\n<meta property=\"og:image\" content=\"https:\/\/graziamagazine.com\/mx\/wp-content\/uploads\/sites\/13\/2023\/11\/Cartier-\u00a9-1-e1701369482525.jpg\" \/>\n\t<meta property=\"og:image:width\" content=\"2350\" \/>\n\t<meta property=\"og:image:height\" content=\"1665\" \/>\n\t<meta property=\"og:image:type\" content=\"image\/jpeg\" \/>\n<meta name=\"twitter:card\" content=\"summary_large_image\" \/>\n<meta name=\"twitter:label1\" content=\"Est. reading time\" \/>\n\t<meta name=\"twitter:data1\" content=\"2 minutos\" \/>\n<script type=\"application\/ld+json\" class=\"yoast-schema-graph\">{\"@context\":\"https:\/\/schema.org\",\"@graph\":[{\"@type\":\"WebPage\",\"@id\":\"https:\/\/graziamagazine.com\/mx\/articles\/el-collar-cartier-de-timothee-chalamet-una-obra-maestra-en-la-alfombra-roja\/\",\"url\":\"https:\/\/graziamagazine.com\/mx\/articles\/el-collar-cartier-de-timothee-chalamet-una-obra-maestra-en-la-alfombra-roja\/\",\"name\":\"El Collar Cartier de Timoth\u00e9e Chalamet: Una Obra Maestra en la Alfombra Roja\",\"isPartOf\":{\"@id\":\"https:\/\/graziamagazine.com\/mx\/#website\"},\"datePublished\":\"2023-11-30T18:32:21+00:00\",\"dateModified\":\"2023-11-30T18:39:31+00:00\",\"description\":\"La pieza, creada en colaboraci\u00f3n con la casa francesa, es un homenaje al personaje de Willy Wonka, el famoso chocolatero que protagoniza el cl\u00e1sico cuento infantil.\",\"breadcrumb\":{\"@id\":\"https:\/\/graziamagazine.com\/mx\/articles\/el-collar-cartier-de-timothee-chalamet-una-obra-maestra-en-la-alfombra-roja\/#breadcrumb\"},\"inLanguage\":\"es-MX\",\"potentialAction\":[{\"@type\":\"ReadAction\",\"target\":[\"https:\/\/graziamagazine.com\/mx\/articles\/el-collar-cartier-de-timothee-chalamet-una-obra-maestra-en-la-alfombra-roja\/\"]}]},{\"@type\":\"BreadcrumbList\",\"@id\":\"https:\/\/graziamagazine.com\/mx\/articles\/el-collar-cartier-de-timothee-chalamet-una-obra-maestra-en-la-alfombra-roja\/#breadcrumb\",\"itemListElement\":[{\"@type\":\"ListItem\",\"position\":1,\"name\":\"Home\",\"item\":\"https:\/\/graziamagazine.com\/mx\/\"},{\"@type\":\"ListItem\",\"position\":2,\"name\":\"El Collar Cartier de Timoth\u00e9e Chalamet: Una Obra Maestra en la Alfombra Roja\"}]},{\"@type\":\"WebSite\",\"@id\":\"https:\/\/graziamagazine.com\/mx\/#website\",\"url\":\"https:\/\/graziamagazine.com\/mx\/\",\"name\":\"Grazia M\u00e9xico y Latinoam\u00e9rica\",\"description\":\"Grazia es moda, belleza y noticias  de actualidad \",\"potentialAction\":[{\"@type\":\"SearchAction\",\"target\":{\"@type\":\"EntryPoint\",\"urlTemplate\":\"https:\/\/graziamagazine.com\/mx\/?s={search_term_string}\"},\"query-input\":\"required name=search_term_string\"}],\"inLanguage\":\"es-MX\"}]}<\/script>\n<!-- \/ Yoast SEO Premium plugin. -->","yoast_head_json":{"title":"El Collar Cartier de Timoth\u00e9e Chalamet: Una Obra Maestra en la Alfombra Roja","description":"La pieza, creada en colaboraci\u00f3n con la casa francesa, es un homenaje al personaje de Willy Wonka, el famoso chocolatero que protagoniza el cl\u00e1sico cuento infantil.","robots":{"index":"index","follow":"follow","max-snippet":"max-snippet:-1","max-image-preview":"max-image-preview:large","max-video-preview":"max-video-preview:-1"},"canonical":"https:\/\/graziamagazine.com\/mx\/articles\/el-collar-cartier-de-timothee-chalamet-una-obra-maestra-en-la-alfombra-roja\/","og_locale":"es_MX","og_type":"article","og_title":"El Collar Cartier de Timoth\u00e9e Chalamet: Una Obra Maestra en la Alfombra Roja","og_description":"La pieza, creada en colaboraci\u00f3n con la casa francesa, es un homenaje al personaje de Willy Wonka, el famoso chocolatero que protagoniza el cl\u00e1sico cuento infantil.","og_url":"https:\/\/graziamagazine.com\/mx\/articles\/el-collar-cartier-de-timothee-chalamet-una-obra-maestra-en-la-alfombra-roja\/","og_site_name":"Grazia M\u00e9xico y Latinoam\u00e9rica","article_modified_time":"2023-11-30T18:39:31+00:00","og_image":[{"width":2350,"height":1665,"url":"https:\/\/graziamagazine.com\/mx\/wp-content\/uploads\/sites\/13\/2023\/11\/Cartier-\u00a9-1-e1701369482525.jpg","type":"image\/jpeg"}],"twitter_card":"summary_large_image","twitter_misc":{"Est. reading time":"2 minutos"},"schema":{"@context":"https:\/\/schema.org","@graph":[{"@type":"WebPage","@id":"https:\/\/graziamagazine.com\/mx\/articles\/el-collar-cartier-de-timothee-chalamet-una-obra-maestra-en-la-alfombra-roja\/","url":"https:\/\/graziamagazine.com\/mx\/articles\/el-collar-cartier-de-timothee-chalamet-una-obra-maestra-en-la-alfombra-roja\/","name":"El Collar Cartier de Timoth\u00e9e Chalamet: Una Obra Maestra en la Alfombra Roja","isPartOf":{"@id":"https:\/\/graziamagazine.com\/mx\/#website"},"datePublished":"2023-11-30T18:32:21+00:00","dateModified":"2023-11-30T18:39:31+00:00","description":"La pieza, creada en colaboraci\u00f3n con la casa francesa, es un homenaje al personaje de Willy Wonka, el famoso chocolatero que protagoniza el cl\u00e1sico cuento infantil.","breadcrumb":{"@id":"https:\/\/graziamagazine.com\/mx\/articles\/el-collar-cartier-de-timothee-chalamet-una-obra-maestra-en-la-alfombra-roja\/#breadcrumb"},"inLanguage":"es-MX","potentialAction":[{"@type":"ReadAction","target":["https:\/\/graziamagazine.com\/mx\/articles\/el-collar-cartier-de-timothee-chalamet-una-obra-maestra-en-la-alfombra-roja\/"]}]},{"@type":"BreadcrumbList","@id":"https:\/\/graziamagazine.com\/mx\/articles\/el-collar-cartier-de-timothee-chalamet-una-obra-maestra-en-la-alfombra-roja\/#breadcrumb","itemListElement":[{"@type":"ListItem","position":1,"name":"Home","item":"https:\/\/graziamagazine.com\/mx\/"},{"@type":"ListItem","position":2,"name":"El Collar Cartier de Timoth\u00e9e Chalamet: Una Obra Maestra en la Alfombra Roja"}]},{"@type":"WebSite","@id":"https:\/\/graziamagazine.com\/mx\/#website","url":"https:\/\/graziamagazine.com\/mx\/","name":"Grazia M\u00e9xico y Latinoam\u00e9rica","description":"Grazia es moda, belleza y noticias  de actualidad ","potentialAction":[{"@type":"SearchAction","target":{"@type":"EntryPoint","urlTemplate":"https:\/\/graziamagazine.com\/mx\/?s={search_term_string}"},"query-input":"required name=search_term_string"}],"inLanguage":"es-MX"}]}},"jetpack_sharing_enabled":true,"distributor_meta":false,"distributor_terms":false,"distributor_media":false,"distributor_original_site_name":"Grazia M\u00e9xico y Latinoam\u00e9rica","distributor_original_site_url":"https:\/\/graziamagazine.com\/mx","push-errors":false,"_links":{"self":[{"href":"https:\/\/graziamagazine.com\/mx\/wp-json\/wp\/v2\/articles\/131809"}],"collection":[{"href":"https:\/\/graziamagazine.com\/mx\/wp-json\/wp\/v2\/articles"}],"about":[{"href":"https:\/\/graziamagazine.com\/mx\/wp-json\/wp\/v2\/types\/articles"}],"author":[{"embeddable":true,"href":"https:\/\/graziamagazine.com\/mx\/wp-json\/wp\/v2\/users\/28953"}],"wp:featuredmedia":[{"embeddable":true,"href":"https:\/\/graziamagazine.com\/mx\/wp-json\/wp\/v2\/media\/131817"}],"wp:attachment":[{"href":"https:\/\/graziamagazine.com\/mx\/wp-json\/wp\/v2\/media?parent=131809"}],"wp:term":[{"taxonomy":"category","embeddable":true,"href":"https:\/\/graziamagazine.com\/mx\/wp-json\/wp\/v2\/categories?post=131809"}],"curies":[{"name":"wp","href":"https:\/\/api.w.org\/{rel}","templated":true}]}}