{"id":131792,"date":"2023-11-30T11:15:55","date_gmt":"2023-11-30T16:15:55","guid":{"rendered":"https:\/\/graziamagazine.com\/mx\/?post_type=articles&#038;p=131792"},"modified":"2023-11-30T11:32:40","modified_gmt":"2023-11-30T16:32:40","slug":"taylor-swift-rechazo-cantar-coronacion-rey-carlos-iii-mayo","status":"publish","type":"articles","link":"https:\/\/graziamagazine.com\/mx\/articles\/taylor-swift-rechazo-cantar-coronacion-rey-carlos-iii-mayo\/","title":{"rendered":"Taylor Swift rechaz\u00f3 cantar en la coronaci\u00f3n del rey Carlos III en mayo"},"content":{"rendered":"<p>Omid Scobie escribi\u00f3 en su \u00faltimo libro, &#8220;Endgame: Inside the Royal Family and the Monarchy&#8217;s Fight for Survival&#8221; (Final del juego: Dentro de la familia real y la lucha de la monarqu\u00eda por la supervivencia), que Taylor Swift rechaz\u00f3 cantar en la coronaci\u00f3n del rey Carlos III el pasado 6 de mayo.<\/p>\n<figure id=\"attachment_131794\" aria-describedby=\"caption-attachment-131794\" style=\"width: 450px\" class=\"wp-caption alignnone\"><img loading=\"lazy\" decoding=\"async\" class=\"wp-image-131794 size-medium\" src=\"https:\/\/graziamagazine.com\/mx\/wp-content\/uploads\/sites\/13\/2023\/11\/WhatsApp-Image-2023-11-30-at-10.21.32-AM.jpeg?w=450\" alt=\"\" width=\"450\" height=\"308\" \/><figcaption id=\"caption-attachment-131794\" class=\"wp-caption-text\">Instagram<\/figcaption><\/figure>\n<p>El libro, que reci\u00e9n fue estrenado, es un relato de la familia real. Scobie es escritor y periodista en Londres. Se especializa en la familia real brit\u00e1nica. Adem\u00e1s, es redactor jefe de la revista Harper&#8217;s Bazaar para temas relacionados con la monarqu\u00eda.<\/p>\n<p>\u00bfCu\u00e1l fue la raz\u00f3n que Taylor dio para declinar la invitaci\u00f3n del rey? Ten\u00eda un concierto programado, &#8220;The Eras Tour&#8221;, en el Estadio Nissan de Nashville, Tennessee.<\/p>\n<p>Y aunque nuestra Tay no asisti\u00f3 a la coronaci\u00f3n, Katy Perry, Andrea Bocelli y Lionel Richie si lo hicieron, y llenaron de m\u00fasica el escenario del evento de coronaci\u00f3n. Y tambi\u00e9n se vio un video con un mensaje especial para el rey de parte de Tom Cruise.<\/p>\n<p><img loading=\"lazy\" decoding=\"async\" class=\"alignnone size-medium wp-image-131793\" src=\"https:\/\/graziamagazine.com\/mx\/wp-content\/uploads\/sites\/13\/2023\/11\/WhatsApp-Image-2023-11-30-at-9.52.33-AM.jpeg?w=318\" alt=\"\" width=\"318\" height=\"450\" \/><\/p>\n<p>Sin embargo, al momento del evento hubo reportes de que otros artistas como Harry Styles, Elton John, Robbie Williams y las Spice Girls, tambi\u00e9n rechazaron la propuesta de actuar en la coronaci\u00f3n. Se inform\u00f3 que anteriormente Adele y Ed Sheeran hicieron lo mismo.<\/p>\n<p>El concierto atrajo alrededor de 20.000 personas fue en el Castillo de Windsor, mientras que la ceremonia oficial de la coronaci\u00f3n fue en la Abad\u00eda de Westminster, en Londres, ante 2.000 invitados.<\/p>\n<p>Para los que se quedaron de ver a Taylor, en el 2014 se reanudar\u00e1 &#8220;The Eras Tour&#8221; con varias fechas programadas en el Reino Unido, tras haber terminado su etapa en Sudam\u00e9rica a finales de noviembre.<\/p>\n<p>Sin duda Taylor la est\u00e1 rompiendo en todo lo que hace, aunque ahora sabemos por qu\u00e9 rechaz\u00f3 la invitaci\u00f3n a participar en la coronaci\u00f3n del rey Carlos III.<\/p>\n","protected":false},"author":36289,"featured_media":131795,"template":"","format":"standard","categories":[12517],"acf":[],"yoast_head":"<!-- This site is optimized with the Yoast SEO Premium plugin v18.5 (Yoast SEO v20.4) - https:\/\/yoast.com\/wordpress\/plugins\/seo\/ -->\n<title>Taylor Swift rechaz\u00f3 cantar en la coronaci\u00f3n del rey Carlos III en mayo | Grazia M\u00e9xico y Latinoam\u00e9rica<\/title>\n<meta name=\"description\" content=\"Omid Scobie escribi\u00f3 en su \u00faltimo libro, &quot;Endgame: Inside the Royal Family and the Monarchy&#039;s Fight for Survival&quot; (Final del juego: Dentro de la familia\" \/>\n<meta name=\"robots\" content=\"index, follow, max-snippet:-1, max-image-preview:large, max-video-preview:-1\" \/>\n<link rel=\"canonical\" href=\"https:\/\/graziamagazine.com\/mx\/articles\/taylor-swift-rechazo-cantar-coronacion-rey-carlos-iii-mayo\/\" \/>\n<meta property=\"og:locale\" content=\"es_MX\" \/>\n<meta property=\"og:type\" content=\"article\" \/>\n<meta property=\"og:title\" content=\"Taylor Swift rechaz\u00f3 cantar en la coronaci\u00f3n del rey Carlos III en mayo\" \/>\n<meta property=\"og:description\" content=\"Omid Scobie escribi\u00f3 en su \u00faltimo libro, &quot;Endgame: Inside the Royal Family and the Monarchy&#039;s Fight for Survival&quot; (Final del juego: Dentro de la familia\" \/>\n<meta property=\"og:url\" content=\"https:\/\/graziamagazine.com\/mx\/articles\/taylor-swift-rechazo-cantar-coronacion-rey-carlos-iii-mayo\/\" \/>\n<meta property=\"og:site_name\" content=\"Grazia M\u00e9xico y Latinoam\u00e9rica\" \/>\n<meta property=\"article:modified_time\" content=\"2023-11-30T16:32:40+00:00\" \/>\n<meta property=\"og:image\" content=\"https:\/\/graziamagazine.com\/mx\/wp-content\/uploads\/sites\/13\/2023\/11\/WhatsApp-Image-2023-11-30-at-10.26.56-AM.jpeg\" \/>\n\t<meta property=\"og:image:width\" content=\"720\" \/>\n\t<meta property=\"og:image:height\" content=\"405\" \/>\n\t<meta property=\"og:image:type\" content=\"image\/jpeg\" \/>\n<meta name=\"twitter:card\" content=\"summary_large_image\" \/>\n<meta name=\"twitter:label1\" content=\"Est. reading time\" \/>\n\t<meta name=\"twitter:data1\" content=\"2 minutos\" \/>\n<script type=\"application\/ld+json\" class=\"yoast-schema-graph\">{\"@context\":\"https:\/\/schema.org\",\"@graph\":[{\"@type\":\"WebPage\",\"@id\":\"https:\/\/graziamagazine.com\/mx\/articles\/taylor-swift-rechazo-cantar-coronacion-rey-carlos-iii-mayo\/\",\"url\":\"https:\/\/graziamagazine.com\/mx\/articles\/taylor-swift-rechazo-cantar-coronacion-rey-carlos-iii-mayo\/\",\"name\":\"Taylor Swift rechaz\u00f3 cantar en la coronaci\u00f3n del rey Carlos III en mayo | Grazia M\u00e9xico y Latinoam\u00e9rica\",\"isPartOf\":{\"@id\":\"https:\/\/graziamagazine.com\/mx\/#website\"},\"datePublished\":\"2023-11-30T16:15:55+00:00\",\"dateModified\":\"2023-11-30T16:32:40+00:00\",\"description\":\"Omid Scobie escribi\u00f3 en su \u00faltimo libro, \\\"Endgame: Inside the Royal Family and the Monarchy's Fight for Survival\\\" (Final del juego: Dentro de la familia\",\"breadcrumb\":{\"@id\":\"https:\/\/graziamagazine.com\/mx\/articles\/taylor-swift-rechazo-cantar-coronacion-rey-carlos-iii-mayo\/#breadcrumb\"},\"inLanguage\":\"es-MX\",\"potentialAction\":[{\"@type\":\"ReadAction\",\"target\":[\"https:\/\/graziamagazine.com\/mx\/articles\/taylor-swift-rechazo-cantar-coronacion-rey-carlos-iii-mayo\/\"]}]},{\"@type\":\"BreadcrumbList\",\"@id\":\"https:\/\/graziamagazine.com\/mx\/articles\/taylor-swift-rechazo-cantar-coronacion-rey-carlos-iii-mayo\/#breadcrumb\",\"itemListElement\":[{\"@type\":\"ListItem\",\"position\":1,\"name\":\"Home\",\"item\":\"https:\/\/graziamagazine.com\/mx\/\"},{\"@type\":\"ListItem\",\"position\":2,\"name\":\"Taylor Swift rechaz\u00f3 cantar en la coronaci\u00f3n del rey Carlos III en mayo\"}]},{\"@type\":\"WebSite\",\"@id\":\"https:\/\/graziamagazine.com\/mx\/#website\",\"url\":\"https:\/\/graziamagazine.com\/mx\/\",\"name\":\"Grazia M\u00e9xico y Latinoam\u00e9rica\",\"description\":\"Grazia es moda, belleza y noticias  de actualidad \",\"potentialAction\":[{\"@type\":\"SearchAction\",\"target\":{\"@type\":\"EntryPoint\",\"urlTemplate\":\"https:\/\/graziamagazine.com\/mx\/?s={search_term_string}\"},\"query-input\":\"required name=search_term_string\"}],\"inLanguage\":\"es-MX\"}]}<\/script>\n<!-- \/ Yoast SEO Premium plugin. -->","yoast_head_json":{"title":"Taylor Swift rechaz\u00f3 cantar en la coronaci\u00f3n del rey Carlos III en mayo | Grazia M\u00e9xico y Latinoam\u00e9rica","description":"Omid Scobie escribi\u00f3 en su \u00faltimo libro, \"Endgame: Inside the Royal Family and the Monarchy's Fight for Survival\" (Final del juego: Dentro de la familia","robots":{"index":"index","follow":"follow","max-snippet":"max-snippet:-1","max-image-preview":"max-image-preview:large","max-video-preview":"max-video-preview:-1"},"canonical":"https:\/\/graziamagazine.com\/mx\/articles\/taylor-swift-rechazo-cantar-coronacion-rey-carlos-iii-mayo\/","og_locale":"es_MX","og_type":"article","og_title":"Taylor Swift rechaz\u00f3 cantar en la coronaci\u00f3n del rey Carlos III en mayo","og_description":"Omid Scobie escribi\u00f3 en su \u00faltimo libro, \"Endgame: Inside the Royal Family and the Monarchy's Fight for Survival\" (Final del juego: Dentro de la familia","og_url":"https:\/\/graziamagazine.com\/mx\/articles\/taylor-swift-rechazo-cantar-coronacion-rey-carlos-iii-mayo\/","og_site_name":"Grazia M\u00e9xico y Latinoam\u00e9rica","article_modified_time":"2023-11-30T16:32:40+00:00","og_image":[{"width":720,"height":405,"url":"https:\/\/graziamagazine.com\/mx\/wp-content\/uploads\/sites\/13\/2023\/11\/WhatsApp-Image-2023-11-30-at-10.26.56-AM.jpeg","type":"image\/jpeg"}],"twitter_card":"summary_large_image","twitter_misc":{"Est. reading time":"2 minutos"},"schema":{"@context":"https:\/\/schema.org","@graph":[{"@type":"WebPage","@id":"https:\/\/graziamagazine.com\/mx\/articles\/taylor-swift-rechazo-cantar-coronacion-rey-carlos-iii-mayo\/","url":"https:\/\/graziamagazine.com\/mx\/articles\/taylor-swift-rechazo-cantar-coronacion-rey-carlos-iii-mayo\/","name":"Taylor Swift rechaz\u00f3 cantar en la coronaci\u00f3n del rey Carlos III en mayo | Grazia M\u00e9xico y Latinoam\u00e9rica","isPartOf":{"@id":"https:\/\/graziamagazine.com\/mx\/#website"},"datePublished":"2023-11-30T16:15:55+00:00","dateModified":"2023-11-30T16:32:40+00:00","description":"Omid Scobie escribi\u00f3 en su \u00faltimo libro, \"Endgame: Inside the Royal Family and the Monarchy's Fight for Survival\" (Final del juego: Dentro de la familia","breadcrumb":{"@id":"https:\/\/graziamagazine.com\/mx\/articles\/taylor-swift-rechazo-cantar-coronacion-rey-carlos-iii-mayo\/#breadcrumb"},"inLanguage":"es-MX","potentialAction":[{"@type":"ReadAction","target":["https:\/\/graziamagazine.com\/mx\/articles\/taylor-swift-rechazo-cantar-coronacion-rey-carlos-iii-mayo\/"]}]},{"@type":"BreadcrumbList","@id":"https:\/\/graziamagazine.com\/mx\/articles\/taylor-swift-rechazo-cantar-coronacion-rey-carlos-iii-mayo\/#breadcrumb","itemListElement":[{"@type":"ListItem","position":1,"name":"Home","item":"https:\/\/graziamagazine.com\/mx\/"},{"@type":"ListItem","position":2,"name":"Taylor Swift rechaz\u00f3 cantar en la coronaci\u00f3n del rey Carlos III en mayo"}]},{"@type":"WebSite","@id":"https:\/\/graziamagazine.com\/mx\/#website","url":"https:\/\/graziamagazine.com\/mx\/","name":"Grazia M\u00e9xico y Latinoam\u00e9rica","description":"Grazia es moda, belleza y noticias  de actualidad ","potentialAction":[{"@type":"SearchAction","target":{"@type":"EntryPoint","urlTemplate":"https:\/\/graziamagazine.com\/mx\/?s={search_term_string}"},"query-input":"required name=search_term_string"}],"inLanguage":"es-MX"}]}},"jetpack_sharing_enabled":true,"distributor_meta":false,"distributor_terms":false,"distributor_media":false,"distributor_original_site_name":"Grazia M\u00e9xico y Latinoam\u00e9rica","distributor_original_site_url":"https:\/\/graziamagazine.com\/mx","push-errors":false,"_links":{"self":[{"href":"https:\/\/graziamagazine.com\/mx\/wp-json\/wp\/v2\/articles\/131792"}],"collection":[{"href":"https:\/\/graziamagazine.com\/mx\/wp-json\/wp\/v2\/articles"}],"about":[{"href":"https:\/\/graziamagazine.com\/mx\/wp-json\/wp\/v2\/types\/articles"}],"author":[{"embeddable":true,"href":"https:\/\/graziamagazine.com\/mx\/wp-json\/wp\/v2\/users\/36289"}],"wp:featuredmedia":[{"embeddable":true,"href":"https:\/\/graziamagazine.com\/mx\/wp-json\/wp\/v2\/media\/131795"}],"wp:attachment":[{"href":"https:\/\/graziamagazine.com\/mx\/wp-json\/wp\/v2\/media?parent=131792"}],"wp:term":[{"taxonomy":"category","embeddable":true,"href":"https:\/\/graziamagazine.com\/mx\/wp-json\/wp\/v2\/categories?post=131792"}],"curies":[{"name":"wp","href":"https:\/\/api.w.org\/{rel}","templated":true}]}}