{"id":131693,"date":"2023-11-27T21:39:53","date_gmt":"2023-11-28T02:39:53","guid":{"rendered":"https:\/\/graziamagazine.com\/mx\/?post_type=articles&#038;p=131693"},"modified":"2023-11-27T21:43:38","modified_gmt":"2023-11-28T02:43:38","slug":"natalie-portman-expresa-su-preocupacion-hacia-los-ninos-que-trabajan-en-la-actuacion","status":"publish","type":"articles","link":"https:\/\/graziamagazine.com\/mx\/articles\/natalie-portman-expresa-su-preocupacion-hacia-los-ninos-que-trabajan-en-la-actuacion\/","title":{"rendered":"Natalie Portman expresa su preocupaci\u00f3n hacia los ni\u00f1os que trabajan en la actuaci\u00f3n"},"content":{"rendered":"<p><span style=\"font-weight: 400\"><strong>Natalie Portman<\/strong> sac\u00f3 su lado m\u00e1s humano al romper el silencio y hablar sobre los ni\u00f1os que trabajan en la industria del entretenimiento, recordando lo que ella misma vivi\u00f3 en ese momento como ni\u00f1a actriz.<\/span><\/p>\n<p><span style=\"font-weight: 400\">Natalie, de 42 a\u00f1os, dijo en un <em>podcast<\/em> que fue &#8220;un accidente de suerte&#8221; que no sufriera da\u00f1os cuando era una joven actriz, y agreg\u00f3 que no aconsejar\u00eda a los ni\u00f1os que ingresaran a la industria.<\/span><\/p>\n<p><span style=\"font-weight: 400\">&#8220;No animar\u00eda a los j\u00f3venes a entrar en esto&#8221;, dijo, sabiendo que tiene dos hijos, Aleph, de 12 a\u00f1os, y Amalia, de 6, con su marido <strong>Benjamin Millepied.<\/strong> &#8220;No me refiero a nunca. Me refiero a mientras sean ni\u00f1os\u201d, agreg\u00f3.<\/span><\/p>\n<p><img loading=\"lazy\" decoding=\"async\" class=\"alignnone size-medium wp-image-131696\" src=\"https:\/\/graziamagazine.com\/mx\/wp-content\/uploads\/sites\/13\/2023\/11\/Captura-de-Pantalla-2023-11-27-a-las-13.08.28.png?w=450\" alt=\"\" width=\"450\" height=\"294\" \/><\/p>\n<p><span style=\"font-weight: 400\">Portman, quien hizo su debut en la pantalla grande en <\/span><strong><i>L\u00e9on: The Professional<\/i><\/strong><span style=\"font-weight: 400\"> a los 13 a\u00f1os, en 1994, a\u00f1adi\u00f3 que &#8220;no te gusta cuando eres ni\u00f1o y lo agradeces cuando eres adulto&#8221;.<\/span><\/p>\n<p><span style=\"font-weight: 400\">&#8220;He escuchado demasiadas historias malas como para pensar que los ni\u00f1os deber\u00edan ser parte de ellas. Dicho esto, conozco todas las conversaciones que hemos tenido estos \u00faltimos a\u00f1os. Ha hecho que la gente sea m\u00e1s consciente y cuidadosa\u201d, asegur\u00f3.<\/span><\/p>\n<p><span style=\"font-weight: 400\">\u201cPero en \u00faltima instancia, no creo que los ni\u00f1os deban trabajar. Creo que los ni\u00f1os deber\u00edan jugar e ir a la escuela&#8221;, concluy\u00f3.<\/span><\/p>\n<p><span style=\"font-weight: 400\">En esa pel\u00edcula que la llev\u00f3 a la fama, Natalie interpret\u00f3 a Mathilda, una joven que entabla una relaci\u00f3n de mentora y aprendiz con un sicario (<strong>Jean Reno<\/strong>) despu\u00e9s de que su familia es asesinada.<\/span><\/p>\n","protected":false},"author":11628,"featured_media":79121,"template":"","format":"standard","categories":[2],"acf":[],"yoast_head":"<!-- This site is optimized with the Yoast SEO Premium plugin v18.5 (Yoast SEO v20.4) - https:\/\/yoast.com\/wordpress\/plugins\/seo\/ -->\n<title>Natalie Portman expresa su preocupaci\u00f3n hacia los ni\u00f1os que trabajan en la actuaci\u00f3n | Grazia M\u00e9xico y Latinoam\u00e9rica<\/title>\n<meta name=\"description\" content=\"Natalie Portman sac\u00f3 su lado m\u00e1s humano al romper el silencio y hablar sobre los ni\u00f1os que trabajan en la industria del entretenimiento, recordando lo que\" \/>\n<meta name=\"robots\" content=\"index, follow, max-snippet:-1, max-image-preview:large, max-video-preview:-1\" \/>\n<link rel=\"canonical\" href=\"https:\/\/graziamagazine.com\/mx\/articles\/natalie-portman-expresa-su-preocupacion-hacia-los-ninos-que-trabajan-en-la-actuacion\/\" \/>\n<meta property=\"og:locale\" content=\"es_MX\" \/>\n<meta property=\"og:type\" content=\"article\" \/>\n<meta property=\"og:title\" content=\"Natalie Portman expresa su preocupaci\u00f3n hacia los ni\u00f1os que trabajan en la actuaci\u00f3n\" \/>\n<meta property=\"og:description\" content=\"Natalie Portman sac\u00f3 su lado m\u00e1s humano al romper el silencio y hablar sobre los ni\u00f1os que trabajan en la industria del entretenimiento, recordando lo que\" \/>\n<meta property=\"og:url\" content=\"https:\/\/graziamagazine.com\/mx\/articles\/natalie-portman-expresa-su-preocupacion-hacia-los-ninos-que-trabajan-en-la-actuacion\/\" \/>\n<meta property=\"og:site_name\" content=\"Grazia M\u00e9xico y Latinoam\u00e9rica\" \/>\n<meta property=\"article:modified_time\" content=\"2023-11-28T02:43:38+00:00\" \/>\n<meta property=\"og:image\" content=\"https:\/\/graziamagazine.com\/mx\/wp-content\/uploads\/sites\/13\/2020\/02\/por-que-la-capa-de-natalie-portman-es-un-statement-feminista-destacada.jpg\" \/>\n\t<meta property=\"og:image:width\" content=\"800\" \/>\n\t<meta property=\"og:image:height\" content=\"400\" \/>\n\t<meta property=\"og:image:type\" content=\"image\/jpeg\" \/>\n<meta name=\"twitter:card\" content=\"summary_large_image\" \/>\n<meta name=\"twitter:label1\" content=\"Est. reading time\" \/>\n\t<meta name=\"twitter:data1\" content=\"2 minutos\" \/>\n<script type=\"application\/ld+json\" class=\"yoast-schema-graph\">{\"@context\":\"https:\/\/schema.org\",\"@graph\":[{\"@type\":\"WebPage\",\"@id\":\"https:\/\/graziamagazine.com\/mx\/articles\/natalie-portman-expresa-su-preocupacion-hacia-los-ninos-que-trabajan-en-la-actuacion\/\",\"url\":\"https:\/\/graziamagazine.com\/mx\/articles\/natalie-portman-expresa-su-preocupacion-hacia-los-ninos-que-trabajan-en-la-actuacion\/\",\"name\":\"Natalie Portman expresa su preocupaci\u00f3n hacia los ni\u00f1os que trabajan en la actuaci\u00f3n | Grazia M\u00e9xico y Latinoam\u00e9rica\",\"isPartOf\":{\"@id\":\"https:\/\/graziamagazine.com\/mx\/#website\"},\"datePublished\":\"2023-11-28T02:39:53+00:00\",\"dateModified\":\"2023-11-28T02:43:38+00:00\",\"description\":\"Natalie Portman sac\u00f3 su lado m\u00e1s humano al romper el silencio y hablar sobre los ni\u00f1os que trabajan en la industria del entretenimiento, recordando lo que\",\"breadcrumb\":{\"@id\":\"https:\/\/graziamagazine.com\/mx\/articles\/natalie-portman-expresa-su-preocupacion-hacia-los-ninos-que-trabajan-en-la-actuacion\/#breadcrumb\"},\"inLanguage\":\"es-MX\",\"potentialAction\":[{\"@type\":\"ReadAction\",\"target\":[\"https:\/\/graziamagazine.com\/mx\/articles\/natalie-portman-expresa-su-preocupacion-hacia-los-ninos-que-trabajan-en-la-actuacion\/\"]}]},{\"@type\":\"BreadcrumbList\",\"@id\":\"https:\/\/graziamagazine.com\/mx\/articles\/natalie-portman-expresa-su-preocupacion-hacia-los-ninos-que-trabajan-en-la-actuacion\/#breadcrumb\",\"itemListElement\":[{\"@type\":\"ListItem\",\"position\":1,\"name\":\"Home\",\"item\":\"https:\/\/graziamagazine.com\/mx\/\"},{\"@type\":\"ListItem\",\"position\":2,\"name\":\"Natalie Portman expresa su preocupaci\u00f3n hacia los ni\u00f1os que trabajan en la actuaci\u00f3n\"}]},{\"@type\":\"WebSite\",\"@id\":\"https:\/\/graziamagazine.com\/mx\/#website\",\"url\":\"https:\/\/graziamagazine.com\/mx\/\",\"name\":\"Grazia M\u00e9xico y Latinoam\u00e9rica\",\"description\":\"Grazia es moda, belleza y noticias  de actualidad \",\"potentialAction\":[{\"@type\":\"SearchAction\",\"target\":{\"@type\":\"EntryPoint\",\"urlTemplate\":\"https:\/\/graziamagazine.com\/mx\/?s={search_term_string}\"},\"query-input\":\"required name=search_term_string\"}],\"inLanguage\":\"es-MX\"}]}<\/script>\n<!-- \/ Yoast SEO Premium plugin. -->","yoast_head_json":{"title":"Natalie Portman expresa su preocupaci\u00f3n hacia los ni\u00f1os que trabajan en la actuaci\u00f3n | Grazia M\u00e9xico y Latinoam\u00e9rica","description":"Natalie Portman sac\u00f3 su lado m\u00e1s humano al romper el silencio y hablar sobre los ni\u00f1os que trabajan en la industria del entretenimiento, recordando lo que","robots":{"index":"index","follow":"follow","max-snippet":"max-snippet:-1","max-image-preview":"max-image-preview:large","max-video-preview":"max-video-preview:-1"},"canonical":"https:\/\/graziamagazine.com\/mx\/articles\/natalie-portman-expresa-su-preocupacion-hacia-los-ninos-que-trabajan-en-la-actuacion\/","og_locale":"es_MX","og_type":"article","og_title":"Natalie Portman expresa su preocupaci\u00f3n hacia los ni\u00f1os que trabajan en la actuaci\u00f3n","og_description":"Natalie Portman sac\u00f3 su lado m\u00e1s humano al romper el silencio y hablar sobre los ni\u00f1os que trabajan en la industria del entretenimiento, recordando lo que","og_url":"https:\/\/graziamagazine.com\/mx\/articles\/natalie-portman-expresa-su-preocupacion-hacia-los-ninos-que-trabajan-en-la-actuacion\/","og_site_name":"Grazia M\u00e9xico y Latinoam\u00e9rica","article_modified_time":"2023-11-28T02:43:38+00:00","og_image":[{"width":800,"height":400,"url":"https:\/\/graziamagazine.com\/mx\/wp-content\/uploads\/sites\/13\/2020\/02\/por-que-la-capa-de-natalie-portman-es-un-statement-feminista-destacada.jpg","type":"image\/jpeg"}],"twitter_card":"summary_large_image","twitter_misc":{"Est. reading time":"2 minutos"},"schema":{"@context":"https:\/\/schema.org","@graph":[{"@type":"WebPage","@id":"https:\/\/graziamagazine.com\/mx\/articles\/natalie-portman-expresa-su-preocupacion-hacia-los-ninos-que-trabajan-en-la-actuacion\/","url":"https:\/\/graziamagazine.com\/mx\/articles\/natalie-portman-expresa-su-preocupacion-hacia-los-ninos-que-trabajan-en-la-actuacion\/","name":"Natalie Portman expresa su preocupaci\u00f3n hacia los ni\u00f1os que trabajan en la actuaci\u00f3n | Grazia M\u00e9xico y Latinoam\u00e9rica","isPartOf":{"@id":"https:\/\/graziamagazine.com\/mx\/#website"},"datePublished":"2023-11-28T02:39:53+00:00","dateModified":"2023-11-28T02:43:38+00:00","description":"Natalie Portman sac\u00f3 su lado m\u00e1s humano al romper el silencio y hablar sobre los ni\u00f1os que trabajan en la industria del entretenimiento, recordando lo que","breadcrumb":{"@id":"https:\/\/graziamagazine.com\/mx\/articles\/natalie-portman-expresa-su-preocupacion-hacia-los-ninos-que-trabajan-en-la-actuacion\/#breadcrumb"},"inLanguage":"es-MX","potentialAction":[{"@type":"ReadAction","target":["https:\/\/graziamagazine.com\/mx\/articles\/natalie-portman-expresa-su-preocupacion-hacia-los-ninos-que-trabajan-en-la-actuacion\/"]}]},{"@type":"BreadcrumbList","@id":"https:\/\/graziamagazine.com\/mx\/articles\/natalie-portman-expresa-su-preocupacion-hacia-los-ninos-que-trabajan-en-la-actuacion\/#breadcrumb","itemListElement":[{"@type":"ListItem","position":1,"name":"Home","item":"https:\/\/graziamagazine.com\/mx\/"},{"@type":"ListItem","position":2,"name":"Natalie Portman expresa su preocupaci\u00f3n hacia los ni\u00f1os que trabajan en la actuaci\u00f3n"}]},{"@type":"WebSite","@id":"https:\/\/graziamagazine.com\/mx\/#website","url":"https:\/\/graziamagazine.com\/mx\/","name":"Grazia M\u00e9xico y Latinoam\u00e9rica","description":"Grazia es moda, belleza y noticias  de actualidad ","potentialAction":[{"@type":"SearchAction","target":{"@type":"EntryPoint","urlTemplate":"https:\/\/graziamagazine.com\/mx\/?s={search_term_string}"},"query-input":"required name=search_term_string"}],"inLanguage":"es-MX"}]}},"jetpack_sharing_enabled":true,"distributor_meta":false,"distributor_terms":false,"distributor_media":false,"distributor_original_site_name":"Grazia M\u00e9xico y Latinoam\u00e9rica","distributor_original_site_url":"https:\/\/graziamagazine.com\/mx","push-errors":false,"_links":{"self":[{"href":"https:\/\/graziamagazine.com\/mx\/wp-json\/wp\/v2\/articles\/131693"}],"collection":[{"href":"https:\/\/graziamagazine.com\/mx\/wp-json\/wp\/v2\/articles"}],"about":[{"href":"https:\/\/graziamagazine.com\/mx\/wp-json\/wp\/v2\/types\/articles"}],"author":[{"embeddable":true,"href":"https:\/\/graziamagazine.com\/mx\/wp-json\/wp\/v2\/users\/11628"}],"wp:featuredmedia":[{"embeddable":true,"href":"https:\/\/graziamagazine.com\/mx\/wp-json\/wp\/v2\/media\/79121"}],"wp:attachment":[{"href":"https:\/\/graziamagazine.com\/mx\/wp-json\/wp\/v2\/media?parent=131693"}],"wp:term":[{"taxonomy":"category","embeddable":true,"href":"https:\/\/graziamagazine.com\/mx\/wp-json\/wp\/v2\/categories?post=131693"}],"curies":[{"name":"wp","href":"https:\/\/api.w.org\/{rel}","templated":true}]}}