{"id":131666,"date":"2023-11-27T18:47:08","date_gmt":"2023-11-27T23:47:08","guid":{"rendered":"https:\/\/graziamagazine.com\/mx\/?post_type=articles&#038;p=131666"},"modified":"2023-11-27T21:37:46","modified_gmt":"2023-11-28T02:37:46","slug":"meghan-markle-principe-harry-aniversario-compromiso-propuesta","status":"publish","type":"articles","link":"https:\/\/graziamagazine.com\/mx\/articles\/meghan-markle-principe-harry-aniversario-compromiso-propuesta\/","title":{"rendered":"Meghan Markle y el pr\u00edncipe Harry est\u00e1n de aniversario de compromiso: as\u00ed fue la propuesta"},"content":{"rendered":"<p><strong>Meghan Markle<\/strong> y el <strong>pr\u00edncipe Harry<\/strong> se comprometieron hace 6 a\u00f1os y queremos celebrar con ellos recordando el momento en que el pr\u00edncipe le propuso matrimonio a Meghan.<\/p>\n<p>Todos los detalles del compromiso y la forma en que Harry declar\u00f3 sus deseos de casarse a Meghan fueron dados a conocer tanto en su documental &#8216;Harry &amp; Meghan&#8217; de Netflix y las memorias del pr\u00edncipe <em>Spare<\/em>.<\/p>\n<figure id=\"attachment_131667\" aria-describedby=\"caption-attachment-131667\" style=\"width: 450px\" class=\"wp-caption alignnone\"><img loading=\"lazy\" decoding=\"async\" class=\"size-medium wp-image-131667\" src=\"https:\/\/graziamagazine.com\/mx\/wp-content\/uploads\/sites\/13\/2023\/11\/WhatsApp-Image-2023-11-27-at-5.46.02-PM-3.jpeg?w=450\" alt=\"\" width=\"450\" height=\"340\" \/><figcaption id=\"caption-attachment-131667\" class=\"wp-caption-text\">Netflix<\/figcaption><\/figure>\n<p>Harry escribi\u00f3 su libro la forma en que le dijo a su abuela que quer\u00eda su permiso para proponerle matrimonio a Meghan.<\/p>\n<p>&#8220;La vi esperando que yo hablara, y no esperando pacientemente\u201d escribi\u00f3 Harry en <em>Spare<\/em>. &#8220;Tos\u00ed. &#8216;Abuela, sabes que amo mucho a Meg, y he decidido que me gustar\u00eda pedirle que se case conmigo, y me han dicho que, eh, que tengo que pedirte permiso antes de hacerlo&#8217;\u201d.<\/p>\n<p>&#8220;\u00bfTienes que?&#8221; escribi\u00f3 Harry citando a la reina Isabel II.<\/p>\n<p>&#8220;&#8216;Um. Bueno, s\u00ed, eso es lo que me dijo su personal, y el m\u00edo tambi\u00e9n. Que tengo que pedirle permiso'&#8221;, escribi\u00f3. &#8220;Por fin ella respondi\u00f3: &#8216;Bueno, entonces supongo que tengo que decir que s\u00ed'&#8221;.<\/p>\n<figure id=\"attachment_131668\" aria-describedby=\"caption-attachment-131668\" style=\"width: 450px\" class=\"wp-caption alignnone\"><img loading=\"lazy\" decoding=\"async\" class=\"size-medium wp-image-131668\" src=\"https:\/\/graziamagazine.com\/mx\/wp-content\/uploads\/sites\/13\/2023\/11\/WhatsApp-Image-2023-11-27-at-5.46.02-PM-2.jpeg?w=450\" alt=\"\" width=\"450\" height=\"300\" \/><figcaption id=\"caption-attachment-131668\" class=\"wp-caption-text\">Netflix<\/figcaption><\/figure>\n<p>Esto, escribi\u00f3, lo confundi\u00f3. Tal vez esperaba m\u00e1s emoci\u00f3n de parte de su abuela.<\/p>\n<p>&#8220;Por fin me di cuenta: \u00a1ella est\u00e1 diciendo que s\u00ed, mu\u00f1eco! Est\u00e1 concediendo permiso. A qui\u00e9n le importa c\u00f3mo lo exprese, s\u00f3lo debes saber cu\u00e1ndo aceptar un s\u00ed como respuesta&#8221;, escribi\u00f3.<\/p>\n<p>Sobre la propuesta, esta ocurri\u00f3 en su casa mientras Meghan asaba un pollo.<\/p>\n<p>Harry la llev\u00f3 al jard\u00edn de la casa en Nottingham Cottage y puso una manta sobre el c\u00e9sped, velas el\u00e9ctricas y una botella de champ\u00e1n.<\/p>\n<figure id=\"attachment_131669\" aria-describedby=\"caption-attachment-131669\" style=\"width: 336px\" class=\"wp-caption alignnone\"><img loading=\"lazy\" decoding=\"async\" class=\"size-medium wp-image-131669\" src=\"https:\/\/graziamagazine.com\/mx\/wp-content\/uploads\/sites\/13\/2023\/11\/WhatsApp-Image-2023-11-27-at-5.46.02-PM-1.jpeg?w=336\" alt=\"\" width=\"336\" height=\"450\" \/><figcaption id=\"caption-attachment-131669\" class=\"wp-caption-text\">Netflix<\/figcaption><\/figure>\n<p>&#8220;Quer\u00eda que se pareciera a Botswana, donde pens\u00e9 por primera vez en proponerle matrimonio&#8221;, escribi\u00f3 en Spare.<\/p>\n<p>Entonces sac\u00f3 el anillo y le hizo la pregunta. Literalmente un pr\u00edncipe pidiendo matrimonio.<\/p>\n<p>\u201c\u00bfPasar tu vida conmigo? \u00bfHacerme el chico m\u00e1s feliz del planeta?\u2019\u201d, Harry resumi\u00f3 c\u00f3mo le pregunt\u00f3 y Meghan dijo que s\u00ed.<\/p>\n<p>Esto fue el 4 de noviembre del 2017 y mantuvieron en secreto el compromiso por dos semanas m\u00e1s y se casaron finalmente el 18 de mayo del 2018.<\/p>\n","protected":false},"author":36289,"featured_media":131670,"template":"","format":"standard","categories":[12517],"acf":[],"yoast_head":"<!-- This site is optimized with the Yoast SEO Premium plugin v18.5 (Yoast SEO v20.4) - https:\/\/yoast.com\/wordpress\/plugins\/seo\/ -->\n<title>Meghan Markle y el pr\u00edncipe Harry est\u00e1n de aniversario de compromiso: as\u00ed fue la propuesta | Grazia M\u00e9xico y Latinoam\u00e9rica<\/title>\n<meta name=\"description\" content=\"Meghan Markle y el pr\u00edncipe Harry se comprometieron hace 6 a\u00f1os y queremos celebrar con ellos recordando el momento en que el pr\u00edncipe le propuso\" \/>\n<meta name=\"robots\" content=\"index, follow, max-snippet:-1, max-image-preview:large, max-video-preview:-1\" \/>\n<link rel=\"canonical\" href=\"https:\/\/graziamagazine.com\/mx\/articles\/meghan-markle-principe-harry-aniversario-compromiso-propuesta\/\" \/>\n<meta property=\"og:locale\" content=\"es_MX\" \/>\n<meta property=\"og:type\" content=\"article\" \/>\n<meta property=\"og:title\" content=\"Meghan Markle y el pr\u00edncipe Harry est\u00e1n de aniversario de compromiso: as\u00ed fue la propuesta\" \/>\n<meta property=\"og:description\" content=\"Meghan Markle y el pr\u00edncipe Harry se comprometieron hace 6 a\u00f1os y queremos celebrar con ellos recordando el momento en que el pr\u00edncipe le propuso\" \/>\n<meta property=\"og:url\" content=\"https:\/\/graziamagazine.com\/mx\/articles\/meghan-markle-principe-harry-aniversario-compromiso-propuesta\/\" \/>\n<meta property=\"og:site_name\" content=\"Grazia M\u00e9xico y Latinoam\u00e9rica\" \/>\n<meta property=\"article:modified_time\" content=\"2023-11-28T02:37:46+00:00\" \/>\n<meta property=\"og:image\" content=\"https:\/\/graziamagazine.com\/mx\/wp-content\/uploads\/sites\/13\/2023\/11\/WhatsApp-Image-2023-11-27-at-5.46.02-PM.jpeg\" \/>\n\t<meta property=\"og:image:width\" content=\"750\" \/>\n\t<meta property=\"og:image:height\" content=\"500\" \/>\n\t<meta property=\"og:image:type\" content=\"image\/jpeg\" \/>\n<meta name=\"twitter:card\" content=\"summary_large_image\" \/>\n<meta name=\"twitter:label1\" content=\"Est. reading time\" \/>\n\t<meta name=\"twitter:data1\" content=\"3 minutos\" \/>\n<script type=\"application\/ld+json\" class=\"yoast-schema-graph\">{\"@context\":\"https:\/\/schema.org\",\"@graph\":[{\"@type\":\"WebPage\",\"@id\":\"https:\/\/graziamagazine.com\/mx\/articles\/meghan-markle-principe-harry-aniversario-compromiso-propuesta\/\",\"url\":\"https:\/\/graziamagazine.com\/mx\/articles\/meghan-markle-principe-harry-aniversario-compromiso-propuesta\/\",\"name\":\"Meghan Markle y el pr\u00edncipe Harry est\u00e1n de aniversario de compromiso: as\u00ed fue la propuesta | Grazia M\u00e9xico y Latinoam\u00e9rica\",\"isPartOf\":{\"@id\":\"https:\/\/graziamagazine.com\/mx\/#website\"},\"datePublished\":\"2023-11-27T23:47:08+00:00\",\"dateModified\":\"2023-11-28T02:37:46+00:00\",\"description\":\"Meghan Markle y el pr\u00edncipe Harry se comprometieron hace 6 a\u00f1os y queremos celebrar con ellos recordando el momento en que el pr\u00edncipe le propuso\",\"breadcrumb\":{\"@id\":\"https:\/\/graziamagazine.com\/mx\/articles\/meghan-markle-principe-harry-aniversario-compromiso-propuesta\/#breadcrumb\"},\"inLanguage\":\"es-MX\",\"potentialAction\":[{\"@type\":\"ReadAction\",\"target\":[\"https:\/\/graziamagazine.com\/mx\/articles\/meghan-markle-principe-harry-aniversario-compromiso-propuesta\/\"]}]},{\"@type\":\"BreadcrumbList\",\"@id\":\"https:\/\/graziamagazine.com\/mx\/articles\/meghan-markle-principe-harry-aniversario-compromiso-propuesta\/#breadcrumb\",\"itemListElement\":[{\"@type\":\"ListItem\",\"position\":1,\"name\":\"Home\",\"item\":\"https:\/\/graziamagazine.com\/mx\/\"},{\"@type\":\"ListItem\",\"position\":2,\"name\":\"Meghan Markle y el pr\u00edncipe Harry est\u00e1n de aniversario de compromiso: as\u00ed fue la propuesta\"}]},{\"@type\":\"WebSite\",\"@id\":\"https:\/\/graziamagazine.com\/mx\/#website\",\"url\":\"https:\/\/graziamagazine.com\/mx\/\",\"name\":\"Grazia M\u00e9xico y Latinoam\u00e9rica\",\"description\":\"Grazia es moda, belleza y noticias  de actualidad \",\"potentialAction\":[{\"@type\":\"SearchAction\",\"target\":{\"@type\":\"EntryPoint\",\"urlTemplate\":\"https:\/\/graziamagazine.com\/mx\/?s={search_term_string}\"},\"query-input\":\"required name=search_term_string\"}],\"inLanguage\":\"es-MX\"}]}<\/script>\n<!-- \/ Yoast SEO Premium plugin. -->","yoast_head_json":{"title":"Meghan Markle y el pr\u00edncipe Harry est\u00e1n de aniversario de compromiso: as\u00ed fue la propuesta | Grazia M\u00e9xico y Latinoam\u00e9rica","description":"Meghan Markle y el pr\u00edncipe Harry se comprometieron hace 6 a\u00f1os y queremos celebrar con ellos recordando el momento en que el pr\u00edncipe le propuso","robots":{"index":"index","follow":"follow","max-snippet":"max-snippet:-1","max-image-preview":"max-image-preview:large","max-video-preview":"max-video-preview:-1"},"canonical":"https:\/\/graziamagazine.com\/mx\/articles\/meghan-markle-principe-harry-aniversario-compromiso-propuesta\/","og_locale":"es_MX","og_type":"article","og_title":"Meghan Markle y el pr\u00edncipe Harry est\u00e1n de aniversario de compromiso: as\u00ed fue la propuesta","og_description":"Meghan Markle y el pr\u00edncipe Harry se comprometieron hace 6 a\u00f1os y queremos celebrar con ellos recordando el momento en que el pr\u00edncipe le propuso","og_url":"https:\/\/graziamagazine.com\/mx\/articles\/meghan-markle-principe-harry-aniversario-compromiso-propuesta\/","og_site_name":"Grazia M\u00e9xico y Latinoam\u00e9rica","article_modified_time":"2023-11-28T02:37:46+00:00","og_image":[{"width":750,"height":500,"url":"https:\/\/graziamagazine.com\/mx\/wp-content\/uploads\/sites\/13\/2023\/11\/WhatsApp-Image-2023-11-27-at-5.46.02-PM.jpeg","type":"image\/jpeg"}],"twitter_card":"summary_large_image","twitter_misc":{"Est. reading time":"3 minutos"},"schema":{"@context":"https:\/\/schema.org","@graph":[{"@type":"WebPage","@id":"https:\/\/graziamagazine.com\/mx\/articles\/meghan-markle-principe-harry-aniversario-compromiso-propuesta\/","url":"https:\/\/graziamagazine.com\/mx\/articles\/meghan-markle-principe-harry-aniversario-compromiso-propuesta\/","name":"Meghan Markle y el pr\u00edncipe Harry est\u00e1n de aniversario de compromiso: as\u00ed fue la propuesta | Grazia M\u00e9xico y Latinoam\u00e9rica","isPartOf":{"@id":"https:\/\/graziamagazine.com\/mx\/#website"},"datePublished":"2023-11-27T23:47:08+00:00","dateModified":"2023-11-28T02:37:46+00:00","description":"Meghan Markle y el pr\u00edncipe Harry se comprometieron hace 6 a\u00f1os y queremos celebrar con ellos recordando el momento en que el pr\u00edncipe le propuso","breadcrumb":{"@id":"https:\/\/graziamagazine.com\/mx\/articles\/meghan-markle-principe-harry-aniversario-compromiso-propuesta\/#breadcrumb"},"inLanguage":"es-MX","potentialAction":[{"@type":"ReadAction","target":["https:\/\/graziamagazine.com\/mx\/articles\/meghan-markle-principe-harry-aniversario-compromiso-propuesta\/"]}]},{"@type":"BreadcrumbList","@id":"https:\/\/graziamagazine.com\/mx\/articles\/meghan-markle-principe-harry-aniversario-compromiso-propuesta\/#breadcrumb","itemListElement":[{"@type":"ListItem","position":1,"name":"Home","item":"https:\/\/graziamagazine.com\/mx\/"},{"@type":"ListItem","position":2,"name":"Meghan Markle y el pr\u00edncipe Harry est\u00e1n de aniversario de compromiso: as\u00ed fue la propuesta"}]},{"@type":"WebSite","@id":"https:\/\/graziamagazine.com\/mx\/#website","url":"https:\/\/graziamagazine.com\/mx\/","name":"Grazia M\u00e9xico y Latinoam\u00e9rica","description":"Grazia es moda, belleza y noticias  de actualidad ","potentialAction":[{"@type":"SearchAction","target":{"@type":"EntryPoint","urlTemplate":"https:\/\/graziamagazine.com\/mx\/?s={search_term_string}"},"query-input":"required name=search_term_string"}],"inLanguage":"es-MX"}]}},"jetpack_sharing_enabled":true,"distributor_meta":false,"distributor_terms":false,"distributor_media":false,"distributor_original_site_name":"Grazia M\u00e9xico y Latinoam\u00e9rica","distributor_original_site_url":"https:\/\/graziamagazine.com\/mx","push-errors":false,"_links":{"self":[{"href":"https:\/\/graziamagazine.com\/mx\/wp-json\/wp\/v2\/articles\/131666"}],"collection":[{"href":"https:\/\/graziamagazine.com\/mx\/wp-json\/wp\/v2\/articles"}],"about":[{"href":"https:\/\/graziamagazine.com\/mx\/wp-json\/wp\/v2\/types\/articles"}],"author":[{"embeddable":true,"href":"https:\/\/graziamagazine.com\/mx\/wp-json\/wp\/v2\/users\/36289"}],"wp:featuredmedia":[{"embeddable":true,"href":"https:\/\/graziamagazine.com\/mx\/wp-json\/wp\/v2\/media\/131670"}],"wp:attachment":[{"href":"https:\/\/graziamagazine.com\/mx\/wp-json\/wp\/v2\/media?parent=131666"}],"wp:term":[{"taxonomy":"category","embeddable":true,"href":"https:\/\/graziamagazine.com\/mx\/wp-json\/wp\/v2\/categories?post=131666"}],"curies":[{"name":"wp","href":"https:\/\/api.w.org\/{rel}","templated":true}]}}