{"id":131570,"date":"2023-11-23T23:12:11","date_gmt":"2023-11-24T04:12:11","guid":{"rendered":"https:\/\/graziamagazine.com\/mx\/?post_type=articles&#038;p=131570"},"modified":"2023-11-23T23:15:51","modified_gmt":"2023-11-24T04:15:51","slug":"el-duro-mensaje-de-pax-a-su-padre-brad-pitt","status":"publish","type":"articles","link":"https:\/\/graziamagazine.com\/mx\/articles\/el-duro-mensaje-de-pax-a-su-padre-brad-pitt\/","title":{"rendered":"El duro mensaje de Pax a su padre, Brad Pitt"},"content":{"rendered":"<p><span style=\"font-weight: 400\"><strong>Pax Jolie-Pitt,<\/strong> de 19 a\u00f1os, llam\u00f3 a su padre &#8211; <strong>Brad Pitt<\/strong> &#8211; una &#8220;persona terrible y despreciable&#8221; que hace que sus cuatro hijos menores &#8220;tiemblen de miedo&#8221;. Esto lo dijo en una entrevista otorgada en 2020 que, aparentemente, apenas ha salido a la luz.<\/span><\/p>\n<p><span style=\"font-weight: 400\">Pax comenz\u00f3 el pleito p\u00fablico con <a href=\"https:\/\/graziamagazine.com\/mx\/articles\/brad-pitt-tiene-oficialmente-nueva-novia-ines-de-ramon\/\">Brad<\/a> cuando ten\u00eda 16 a\u00f1os, alegando que la vida con el actor era un &#8220;infierno constante&#8221;.<\/span><\/p>\n<p><span style=\"font-weight: 400\">Ahora que el contenido de la publicaci\u00f3n de hace tres a\u00f1os se ha hecho p\u00fablico, fuentes cercanas a Pitt afirmaron que al hombre de 59 a\u00f1os le resulta &#8220;deprimente ver esto sacado a la luz&#8221;.<\/span><\/p>\n<p><span style=\"font-weight: 400\">La fuente le dijo al diario ingl\u00e9s <em>The Sun<\/em>: &#8220;Es frustrante ver a Brad siendo pintado como una especie de \u2018mala persona\u2019 cuando est\u00e1 lejos de la verdad&#8221;. La fuente a\u00f1adi\u00f3 que Pitt tiene \u201cun gran respeto&#8221; por cada uno de sus hijos y opina que &#8220;dice mucho&#8221; que &#8220;decida guardar un silencio digno&#8221; sobre la situaci\u00f3n.<\/span><\/p>\n<p><span style=\"font-weight: 400\"><strong>Angelina Jolie<\/strong> adopt\u00f3 a Pax de un orfanato en la ciudad de Ho Chi Minh, Vietnam, en 2007. Ten\u00eda tres a\u00f1os y su madre biol\u00f3gica, adicta a la hero\u00edna, lo hab\u00eda abandonado cuando era reci\u00e9n nacido.<\/span><\/p>\n<p><span style=\"font-weight: 400\">Pitt, el entonces marido de Jolie, lo adopt\u00f3 formalmente al a\u00f1o siguiente.<\/span><\/p>\n<p><span style=\"font-weight: 400\">Cuando Pitt y Jolie, de 48 a\u00f1os, se separaron en 2016, apenas dos a\u00f1os despu\u00e9s de casarse en una ceremonia privada en Francia, los ni\u00f1os se quedaron con su madre.<\/span><\/p>\n<p><span style=\"font-weight: 400\">Ahora est\u00e1 claro que la relaci\u00f3n entre Pax y Pitt es problem\u00e1tica, ya que el joven de 19 a\u00f1os acusa a su padre de hacer de su vida un &#8220;infierno&#8221;.<\/span><\/p>\n<p><span style=\"font-weight: 400\">&#8220;Has hecho de la vida de las personas m\u00e1s cercanas a m\u00ed un infierno constante&#8221;, escribi\u00f3 Pax en la publicaci\u00f3n de junio de 2020. &#8220;Puedes decirte a ti mismo y al mundo lo que quieras&#8221;, a\u00f1adi\u00f3, &#8220;pero la verdad saldr\u00e1 a la luz alg\u00fan d\u00eda&#8221;.<\/span><\/p>\n","protected":false},"author":11628,"featured_media":126366,"template":"","format":"standard","categories":[2],"acf":[],"yoast_head":"<!-- This site is optimized with the Yoast SEO Premium plugin v18.5 (Yoast SEO v20.4) - https:\/\/yoast.com\/wordpress\/plugins\/seo\/ -->\n<title>El duro mensaje de Pax a su padre, Brad Pitt | Grazia M\u00e9xico y Latinoam\u00e9rica<\/title>\n<meta name=\"description\" content=\"Pax Jolie-Pitt, de 19 a\u00f1os, llam\u00f3 a su padre - Brad Pitt - una &quot;persona terrible y despreciable&quot; que hace que sus cuatro hijos menores &quot;tiemblen de\" \/>\n<meta name=\"robots\" content=\"index, follow, max-snippet:-1, max-image-preview:large, max-video-preview:-1\" \/>\n<link rel=\"canonical\" href=\"https:\/\/graziamagazine.com\/mx\/articles\/el-duro-mensaje-de-pax-a-su-padre-brad-pitt\/\" \/>\n<meta property=\"og:locale\" content=\"es_MX\" \/>\n<meta property=\"og:type\" content=\"article\" \/>\n<meta property=\"og:title\" content=\"El duro mensaje de Pax a su padre, Brad Pitt\" \/>\n<meta property=\"og:description\" content=\"Pax Jolie-Pitt, de 19 a\u00f1os, llam\u00f3 a su padre - Brad Pitt - una &quot;persona terrible y despreciable&quot; que hace que sus cuatro hijos menores &quot;tiemblen de\" \/>\n<meta property=\"og:url\" content=\"https:\/\/graziamagazine.com\/mx\/articles\/el-duro-mensaje-de-pax-a-su-padre-brad-pitt\/\" \/>\n<meta property=\"og:site_name\" content=\"Grazia M\u00e9xico y Latinoam\u00e9rica\" \/>\n<meta property=\"article:modified_time\" content=\"2023-11-24T04:15:51+00:00\" \/>\n<meta property=\"og:image\" content=\"https:\/\/graziamagazine.com\/mx\/wp-content\/uploads\/sites\/13\/2023\/06\/XALHLXOUUFBRZMRGSDKNI7LLUU.jpg\" \/>\n\t<meta property=\"og:image:width\" content=\"1920\" \/>\n\t<meta property=\"og:image:height\" content=\"1080\" \/>\n\t<meta property=\"og:image:type\" content=\"image\/jpeg\" \/>\n<meta name=\"twitter:card\" content=\"summary_large_image\" \/>\n<meta name=\"twitter:label1\" content=\"Est. reading time\" \/>\n\t<meta name=\"twitter:data1\" content=\"2 minutos\" \/>\n<script type=\"application\/ld+json\" class=\"yoast-schema-graph\">{\"@context\":\"https:\/\/schema.org\",\"@graph\":[{\"@type\":\"WebPage\",\"@id\":\"https:\/\/graziamagazine.com\/mx\/articles\/el-duro-mensaje-de-pax-a-su-padre-brad-pitt\/\",\"url\":\"https:\/\/graziamagazine.com\/mx\/articles\/el-duro-mensaje-de-pax-a-su-padre-brad-pitt\/\",\"name\":\"El duro mensaje de Pax a su padre, Brad Pitt | Grazia M\u00e9xico y Latinoam\u00e9rica\",\"isPartOf\":{\"@id\":\"https:\/\/graziamagazine.com\/mx\/#website\"},\"datePublished\":\"2023-11-24T04:12:11+00:00\",\"dateModified\":\"2023-11-24T04:15:51+00:00\",\"description\":\"Pax Jolie-Pitt, de 19 a\u00f1os, llam\u00f3 a su padre - Brad Pitt - una \\\"persona terrible y despreciable\\\" que hace que sus cuatro hijos menores \\\"tiemblen de\",\"breadcrumb\":{\"@id\":\"https:\/\/graziamagazine.com\/mx\/articles\/el-duro-mensaje-de-pax-a-su-padre-brad-pitt\/#breadcrumb\"},\"inLanguage\":\"es-MX\",\"potentialAction\":[{\"@type\":\"ReadAction\",\"target\":[\"https:\/\/graziamagazine.com\/mx\/articles\/el-duro-mensaje-de-pax-a-su-padre-brad-pitt\/\"]}]},{\"@type\":\"BreadcrumbList\",\"@id\":\"https:\/\/graziamagazine.com\/mx\/articles\/el-duro-mensaje-de-pax-a-su-padre-brad-pitt\/#breadcrumb\",\"itemListElement\":[{\"@type\":\"ListItem\",\"position\":1,\"name\":\"Home\",\"item\":\"https:\/\/graziamagazine.com\/mx\/\"},{\"@type\":\"ListItem\",\"position\":2,\"name\":\"El duro mensaje de Pax a su padre, Brad Pitt\"}]},{\"@type\":\"WebSite\",\"@id\":\"https:\/\/graziamagazine.com\/mx\/#website\",\"url\":\"https:\/\/graziamagazine.com\/mx\/\",\"name\":\"Grazia M\u00e9xico y Latinoam\u00e9rica\",\"description\":\"Grazia es moda, belleza y noticias  de actualidad \",\"potentialAction\":[{\"@type\":\"SearchAction\",\"target\":{\"@type\":\"EntryPoint\",\"urlTemplate\":\"https:\/\/graziamagazine.com\/mx\/?s={search_term_string}\"},\"query-input\":\"required name=search_term_string\"}],\"inLanguage\":\"es-MX\"}]}<\/script>\n<!-- \/ Yoast SEO Premium plugin. -->","yoast_head_json":{"title":"El duro mensaje de Pax a su padre, Brad Pitt | Grazia M\u00e9xico y Latinoam\u00e9rica","description":"Pax Jolie-Pitt, de 19 a\u00f1os, llam\u00f3 a su padre - Brad Pitt - una \"persona terrible y despreciable\" que hace que sus cuatro hijos menores \"tiemblen de","robots":{"index":"index","follow":"follow","max-snippet":"max-snippet:-1","max-image-preview":"max-image-preview:large","max-video-preview":"max-video-preview:-1"},"canonical":"https:\/\/graziamagazine.com\/mx\/articles\/el-duro-mensaje-de-pax-a-su-padre-brad-pitt\/","og_locale":"es_MX","og_type":"article","og_title":"El duro mensaje de Pax a su padre, Brad Pitt","og_description":"Pax Jolie-Pitt, de 19 a\u00f1os, llam\u00f3 a su padre - Brad Pitt - una \"persona terrible y despreciable\" que hace que sus cuatro hijos menores \"tiemblen de","og_url":"https:\/\/graziamagazine.com\/mx\/articles\/el-duro-mensaje-de-pax-a-su-padre-brad-pitt\/","og_site_name":"Grazia M\u00e9xico y Latinoam\u00e9rica","article_modified_time":"2023-11-24T04:15:51+00:00","og_image":[{"width":1920,"height":1080,"url":"https:\/\/graziamagazine.com\/mx\/wp-content\/uploads\/sites\/13\/2023\/06\/XALHLXOUUFBRZMRGSDKNI7LLUU.jpg","type":"image\/jpeg"}],"twitter_card":"summary_large_image","twitter_misc":{"Est. reading time":"2 minutos"},"schema":{"@context":"https:\/\/schema.org","@graph":[{"@type":"WebPage","@id":"https:\/\/graziamagazine.com\/mx\/articles\/el-duro-mensaje-de-pax-a-su-padre-brad-pitt\/","url":"https:\/\/graziamagazine.com\/mx\/articles\/el-duro-mensaje-de-pax-a-su-padre-brad-pitt\/","name":"El duro mensaje de Pax a su padre, Brad Pitt | Grazia M\u00e9xico y Latinoam\u00e9rica","isPartOf":{"@id":"https:\/\/graziamagazine.com\/mx\/#website"},"datePublished":"2023-11-24T04:12:11+00:00","dateModified":"2023-11-24T04:15:51+00:00","description":"Pax Jolie-Pitt, de 19 a\u00f1os, llam\u00f3 a su padre - Brad Pitt - una \"persona terrible y despreciable\" que hace que sus cuatro hijos menores \"tiemblen de","breadcrumb":{"@id":"https:\/\/graziamagazine.com\/mx\/articles\/el-duro-mensaje-de-pax-a-su-padre-brad-pitt\/#breadcrumb"},"inLanguage":"es-MX","potentialAction":[{"@type":"ReadAction","target":["https:\/\/graziamagazine.com\/mx\/articles\/el-duro-mensaje-de-pax-a-su-padre-brad-pitt\/"]}]},{"@type":"BreadcrumbList","@id":"https:\/\/graziamagazine.com\/mx\/articles\/el-duro-mensaje-de-pax-a-su-padre-brad-pitt\/#breadcrumb","itemListElement":[{"@type":"ListItem","position":1,"name":"Home","item":"https:\/\/graziamagazine.com\/mx\/"},{"@type":"ListItem","position":2,"name":"El duro mensaje de Pax a su padre, Brad Pitt"}]},{"@type":"WebSite","@id":"https:\/\/graziamagazine.com\/mx\/#website","url":"https:\/\/graziamagazine.com\/mx\/","name":"Grazia M\u00e9xico y Latinoam\u00e9rica","description":"Grazia es moda, belleza y noticias  de actualidad ","potentialAction":[{"@type":"SearchAction","target":{"@type":"EntryPoint","urlTemplate":"https:\/\/graziamagazine.com\/mx\/?s={search_term_string}"},"query-input":"required name=search_term_string"}],"inLanguage":"es-MX"}]}},"jetpack_sharing_enabled":true,"distributor_meta":false,"distributor_terms":false,"distributor_media":false,"distributor_original_site_name":"Grazia M\u00e9xico y Latinoam\u00e9rica","distributor_original_site_url":"https:\/\/graziamagazine.com\/mx","push-errors":false,"_links":{"self":[{"href":"https:\/\/graziamagazine.com\/mx\/wp-json\/wp\/v2\/articles\/131570"}],"collection":[{"href":"https:\/\/graziamagazine.com\/mx\/wp-json\/wp\/v2\/articles"}],"about":[{"href":"https:\/\/graziamagazine.com\/mx\/wp-json\/wp\/v2\/types\/articles"}],"author":[{"embeddable":true,"href":"https:\/\/graziamagazine.com\/mx\/wp-json\/wp\/v2\/users\/11628"}],"wp:featuredmedia":[{"embeddable":true,"href":"https:\/\/graziamagazine.com\/mx\/wp-json\/wp\/v2\/media\/126366"}],"wp:attachment":[{"href":"https:\/\/graziamagazine.com\/mx\/wp-json\/wp\/v2\/media?parent=131570"}],"wp:term":[{"taxonomy":"category","embeddable":true,"href":"https:\/\/graziamagazine.com\/mx\/wp-json\/wp\/v2\/categories?post=131570"}],"curies":[{"name":"wp","href":"https:\/\/api.w.org\/{rel}","templated":true}]}}