{"id":131550,"date":"2023-11-22T22:26:19","date_gmt":"2023-11-23T03:26:19","guid":{"rendered":"https:\/\/graziamagazine.com\/mx\/?post_type=articles&#038;p=131550"},"modified":"2023-11-23T06:08:33","modified_gmt":"2023-11-23T11:08:33","slug":"kate-middleton-aparecio-tiara-tenia-casi-siglo-sin-ser-vista","status":"publish","type":"articles","link":"https:\/\/graziamagazine.com\/mx\/articles\/kate-middleton-aparecio-tiara-tenia-casi-siglo-sin-ser-vista\/","title":{"rendered":"Kate Middleton apareci\u00f3 con una tiara que ten\u00eda casi un siglo sin ser vista"},"content":{"rendered":"<p>Este martes se ofreci\u00f3 una cena de gala en el palacio de Buckingham en honor al presidente de Corea del Sur, Yoon Suk Yeol y su esposa Kim Keon-Hee, quienes realizar una visita de Estado. Adem\u00e1s de los reyes de Inglaterra, tambi\u00e9n asistieron otros miembros de la realiza como el <strong>pr\u00edncipe Guillermo<\/strong> y la princesa <strong>Kate Middleton<\/strong> quien luci\u00f3 una tiara muy especial.<\/p>\n<p>La joya perteneci\u00f3 a la reina madre abuela del actual rey de Inglaterra Carlos III y condesa de Strathmore, <strong>Isabel Bowes Lyon<\/strong>, justo antes de su boda como regalo de bodas de sus padres en 1923.<\/p>\n<figure id=\"attachment_131555\" aria-describedby=\"caption-attachment-131555\" style=\"width: 682px\" class=\"wp-caption alignnone\"><img loading=\"lazy\" decoding=\"async\" class=\"wp-image-131555 size-large\" src=\"https:\/\/graziamagazine.com\/mx\/wp-content\/uploads\/sites\/13\/2023\/11\/WhatsApp-Image-2023-11-22-at-9.37.10-PM.jpeg?w=682\" alt=\"\" width=\"682\" height=\"1024\" \/><figcaption id=\"caption-attachment-131555\" class=\"wp-caption-text\">Getty Images<\/figcaption><\/figure>\n<p>La madre de <strong>Isabel II<\/strong> la us\u00f3 en varias ocasiones, pero utiliz\u00f3 m\u00e1s bien otras opciones del joyero real. La tiara <strong>Strathmore Rose<\/strong> ten\u00eda casi un siglo que ninguna otra <em>royal <\/em>llevaba en actos p\u00fablicos.<\/p>\n<p>Kate combin\u00f3 la tiara con unos aretes de diamantes que pertenecieron a la reina Isabel II y opt\u00f3 por un vestido blanco de la dise\u00f1adora brit\u00e1nica<strong> Jenny Packham<\/strong>, quien ya ha vestido a la princesa en otras ocasiones.<\/p>\n<p>El vestido llevaba una capa blanca abierta a los hombros con bordes dorados, al parecer un <strong>estilo preferido<\/strong> por Kate, pues us\u00f3 uno similar de la misma dise\u00f1adora en la primera cena de gala del reinado de Carlos III, su suegro.<\/p>\n<p>La reina consorte <strong>Camilla<\/strong> decidi\u00f3 usar la tiara de rub\u00edes Burmese, una joya realizada por encargo de la reina Isabel II, con unos aretes de rub\u00edes y diamantes y un collar a juego. Camilla opt\u00f3 por un vestido de terciopelo rojo de Fiona Clare.<\/p>\n<figure id=\"attachment_131553\" aria-describedby=\"caption-attachment-131553\" style=\"width: 1024px\" class=\"wp-caption alignnone\"><img loading=\"lazy\" decoding=\"async\" class=\"wp-image-131553 size-large\" src=\"https:\/\/graziamagazine.com\/mx\/wp-content\/uploads\/sites\/13\/2023\/11\/WhatsApp-Image-2023-11-22-at-9.27.01-PM.jpeg?w=1024\" alt=\"\" width=\"1024\" height=\"683\" \/><figcaption id=\"caption-attachment-131553\" class=\"wp-caption-text\">Getty Images<\/figcaption><\/figure>\n<p>Durante la \u00e9poca del reinado de la reina madre, las tiaras sol\u00edan llevarse sobre la frente y su dise\u00f1o floral pod\u00eda transformar las flores en broches. La pieza fue exhibida en la muestra <em>The Queen\u2019s Diamonds<\/em>, en el museo Victoria &amp; Albert de Londres en el 2002.<\/p>\n<figure id=\"attachment_131551\" aria-describedby=\"caption-attachment-131551\" style=\"width: 683px\" class=\"wp-caption alignnone\"><img loading=\"lazy\" decoding=\"async\" class=\"wp-image-131551 size-large\" src=\"https:\/\/graziamagazine.com\/mx\/wp-content\/uploads\/sites\/13\/2023\/11\/WhatsApp-Image-2023-11-22-at-9.27.02-PM-1.jpeg?w=683\" alt=\"\" width=\"683\" height=\"1024\" \/><figcaption id=\"caption-attachment-131551\" class=\"wp-caption-text\">Isabel Bowes Lyon\/Getty Images<\/figcaption><\/figure>\n<p>A la gala tambi\u00e9n asistieron la\u00a0duquesa de Edimburgo\u00a0y la\u00a0princesa Ana. La primera eligi\u00f3 una <strong>tiara de aguamarinas,<\/strong> y la segunda pot\u00f3 por la <strong>tiara de diamantes<\/strong> que le regalaron hace 50 a\u00f1os.<\/p>\n","protected":false},"author":36289,"featured_media":131552,"template":"","format":"standard","categories":[12517],"acf":[],"yoast_head":"<!-- This site is optimized with the Yoast SEO Premium plugin v18.5 (Yoast SEO v20.4) - https:\/\/yoast.com\/wordpress\/plugins\/seo\/ -->\n<title>Kate Middleton apareci\u00f3 con una tiara que ten\u00eda casi un siglo sin ser vista | Grazia M\u00e9xico y Latinoam\u00e9rica<\/title>\n<meta name=\"description\" content=\"Este martes se ofreci\u00f3 una cena de gala en el palacio de Buckingham en honor al presidente de Corea del Sur, Yoon Suk Yeol y su esposa Kim Keon-Hee,\" \/>\n<meta name=\"robots\" content=\"index, follow, max-snippet:-1, max-image-preview:large, max-video-preview:-1\" \/>\n<link rel=\"canonical\" href=\"https:\/\/graziamagazine.com\/mx\/articles\/kate-middleton-aparecio-tiara-tenia-casi-siglo-sin-ser-vista\/\" \/>\n<meta property=\"og:locale\" content=\"es_MX\" \/>\n<meta property=\"og:type\" content=\"article\" \/>\n<meta property=\"og:title\" content=\"Kate Middleton apareci\u00f3 con una tiara que ten\u00eda casi un siglo sin ser vista\" \/>\n<meta property=\"og:description\" content=\"Este martes se ofreci\u00f3 una cena de gala en el palacio de Buckingham en honor al presidente de Corea del Sur, Yoon Suk Yeol y su esposa Kim Keon-Hee,\" \/>\n<meta property=\"og:url\" content=\"https:\/\/graziamagazine.com\/mx\/articles\/kate-middleton-aparecio-tiara-tenia-casi-siglo-sin-ser-vista\/\" \/>\n<meta property=\"og:site_name\" content=\"Grazia M\u00e9xico y Latinoam\u00e9rica\" \/>\n<meta property=\"article:modified_time\" content=\"2023-11-23T11:08:33+00:00\" \/>\n<meta property=\"og:image\" content=\"https:\/\/graziamagazine.com\/mx\/wp-content\/uploads\/sites\/13\/2023\/11\/WhatsApp-Image-2023-11-22-at-9.27.02-PM-e1700710222657.jpeg\" \/>\n\t<meta property=\"og:image:width\" content=\"1029\" \/>\n\t<meta property=\"og:image:height\" content=\"704\" \/>\n\t<meta property=\"og:image:type\" content=\"image\/jpeg\" \/>\n<meta name=\"twitter:card\" content=\"summary_large_image\" \/>\n<meta name=\"twitter:label1\" content=\"Est. reading time\" \/>\n\t<meta name=\"twitter:data1\" content=\"3 minutos\" \/>\n<script type=\"application\/ld+json\" class=\"yoast-schema-graph\">{\"@context\":\"https:\/\/schema.org\",\"@graph\":[{\"@type\":\"WebPage\",\"@id\":\"https:\/\/graziamagazine.com\/mx\/articles\/kate-middleton-aparecio-tiara-tenia-casi-siglo-sin-ser-vista\/\",\"url\":\"https:\/\/graziamagazine.com\/mx\/articles\/kate-middleton-aparecio-tiara-tenia-casi-siglo-sin-ser-vista\/\",\"name\":\"Kate Middleton apareci\u00f3 con una tiara que ten\u00eda casi un siglo sin ser vista | Grazia M\u00e9xico y Latinoam\u00e9rica\",\"isPartOf\":{\"@id\":\"https:\/\/graziamagazine.com\/mx\/#website\"},\"datePublished\":\"2023-11-23T03:26:19+00:00\",\"dateModified\":\"2023-11-23T11:08:33+00:00\",\"description\":\"Este martes se ofreci\u00f3 una cena de gala en el palacio de Buckingham en honor al presidente de Corea del Sur, Yoon Suk Yeol y su esposa Kim Keon-Hee,\",\"breadcrumb\":{\"@id\":\"https:\/\/graziamagazine.com\/mx\/articles\/kate-middleton-aparecio-tiara-tenia-casi-siglo-sin-ser-vista\/#breadcrumb\"},\"inLanguage\":\"es-MX\",\"potentialAction\":[{\"@type\":\"ReadAction\",\"target\":[\"https:\/\/graziamagazine.com\/mx\/articles\/kate-middleton-aparecio-tiara-tenia-casi-siglo-sin-ser-vista\/\"]}]},{\"@type\":\"BreadcrumbList\",\"@id\":\"https:\/\/graziamagazine.com\/mx\/articles\/kate-middleton-aparecio-tiara-tenia-casi-siglo-sin-ser-vista\/#breadcrumb\",\"itemListElement\":[{\"@type\":\"ListItem\",\"position\":1,\"name\":\"Home\",\"item\":\"https:\/\/graziamagazine.com\/mx\/\"},{\"@type\":\"ListItem\",\"position\":2,\"name\":\"Kate Middleton apareci\u00f3 con una tiara que ten\u00eda casi un siglo sin ser vista\"}]},{\"@type\":\"WebSite\",\"@id\":\"https:\/\/graziamagazine.com\/mx\/#website\",\"url\":\"https:\/\/graziamagazine.com\/mx\/\",\"name\":\"Grazia M\u00e9xico y Latinoam\u00e9rica\",\"description\":\"Grazia es moda, belleza y noticias  de actualidad \",\"potentialAction\":[{\"@type\":\"SearchAction\",\"target\":{\"@type\":\"EntryPoint\",\"urlTemplate\":\"https:\/\/graziamagazine.com\/mx\/?s={search_term_string}\"},\"query-input\":\"required name=search_term_string\"}],\"inLanguage\":\"es-MX\"}]}<\/script>\n<!-- \/ Yoast SEO Premium plugin. -->","yoast_head_json":{"title":"Kate Middleton apareci\u00f3 con una tiara que ten\u00eda casi un siglo sin ser vista | Grazia M\u00e9xico y Latinoam\u00e9rica","description":"Este martes se ofreci\u00f3 una cena de gala en el palacio de Buckingham en honor al presidente de Corea del Sur, Yoon Suk Yeol y su esposa Kim Keon-Hee,","robots":{"index":"index","follow":"follow","max-snippet":"max-snippet:-1","max-image-preview":"max-image-preview:large","max-video-preview":"max-video-preview:-1"},"canonical":"https:\/\/graziamagazine.com\/mx\/articles\/kate-middleton-aparecio-tiara-tenia-casi-siglo-sin-ser-vista\/","og_locale":"es_MX","og_type":"article","og_title":"Kate Middleton apareci\u00f3 con una tiara que ten\u00eda casi un siglo sin ser vista","og_description":"Este martes se ofreci\u00f3 una cena de gala en el palacio de Buckingham en honor al presidente de Corea del Sur, Yoon Suk Yeol y su esposa Kim Keon-Hee,","og_url":"https:\/\/graziamagazine.com\/mx\/articles\/kate-middleton-aparecio-tiara-tenia-casi-siglo-sin-ser-vista\/","og_site_name":"Grazia M\u00e9xico y Latinoam\u00e9rica","article_modified_time":"2023-11-23T11:08:33+00:00","og_image":[{"width":1029,"height":704,"url":"https:\/\/graziamagazine.com\/mx\/wp-content\/uploads\/sites\/13\/2023\/11\/WhatsApp-Image-2023-11-22-at-9.27.02-PM-e1700710222657.jpeg","type":"image\/jpeg"}],"twitter_card":"summary_large_image","twitter_misc":{"Est. reading time":"3 minutos"},"schema":{"@context":"https:\/\/schema.org","@graph":[{"@type":"WebPage","@id":"https:\/\/graziamagazine.com\/mx\/articles\/kate-middleton-aparecio-tiara-tenia-casi-siglo-sin-ser-vista\/","url":"https:\/\/graziamagazine.com\/mx\/articles\/kate-middleton-aparecio-tiara-tenia-casi-siglo-sin-ser-vista\/","name":"Kate Middleton apareci\u00f3 con una tiara que ten\u00eda casi un siglo sin ser vista | Grazia M\u00e9xico y Latinoam\u00e9rica","isPartOf":{"@id":"https:\/\/graziamagazine.com\/mx\/#website"},"datePublished":"2023-11-23T03:26:19+00:00","dateModified":"2023-11-23T11:08:33+00:00","description":"Este martes se ofreci\u00f3 una cena de gala en el palacio de Buckingham en honor al presidente de Corea del Sur, Yoon Suk Yeol y su esposa Kim Keon-Hee,","breadcrumb":{"@id":"https:\/\/graziamagazine.com\/mx\/articles\/kate-middleton-aparecio-tiara-tenia-casi-siglo-sin-ser-vista\/#breadcrumb"},"inLanguage":"es-MX","potentialAction":[{"@type":"ReadAction","target":["https:\/\/graziamagazine.com\/mx\/articles\/kate-middleton-aparecio-tiara-tenia-casi-siglo-sin-ser-vista\/"]}]},{"@type":"BreadcrumbList","@id":"https:\/\/graziamagazine.com\/mx\/articles\/kate-middleton-aparecio-tiara-tenia-casi-siglo-sin-ser-vista\/#breadcrumb","itemListElement":[{"@type":"ListItem","position":1,"name":"Home","item":"https:\/\/graziamagazine.com\/mx\/"},{"@type":"ListItem","position":2,"name":"Kate Middleton apareci\u00f3 con una tiara que ten\u00eda casi un siglo sin ser vista"}]},{"@type":"WebSite","@id":"https:\/\/graziamagazine.com\/mx\/#website","url":"https:\/\/graziamagazine.com\/mx\/","name":"Grazia M\u00e9xico y Latinoam\u00e9rica","description":"Grazia es moda, belleza y noticias  de actualidad ","potentialAction":[{"@type":"SearchAction","target":{"@type":"EntryPoint","urlTemplate":"https:\/\/graziamagazine.com\/mx\/?s={search_term_string}"},"query-input":"required name=search_term_string"}],"inLanguage":"es-MX"}]}},"jetpack_sharing_enabled":true,"distributor_meta":false,"distributor_terms":false,"distributor_media":false,"distributor_original_site_name":"Grazia M\u00e9xico y Latinoam\u00e9rica","distributor_original_site_url":"https:\/\/graziamagazine.com\/mx","push-errors":false,"_links":{"self":[{"href":"https:\/\/graziamagazine.com\/mx\/wp-json\/wp\/v2\/articles\/131550"}],"collection":[{"href":"https:\/\/graziamagazine.com\/mx\/wp-json\/wp\/v2\/articles"}],"about":[{"href":"https:\/\/graziamagazine.com\/mx\/wp-json\/wp\/v2\/types\/articles"}],"author":[{"embeddable":true,"href":"https:\/\/graziamagazine.com\/mx\/wp-json\/wp\/v2\/users\/36289"}],"wp:featuredmedia":[{"embeddable":true,"href":"https:\/\/graziamagazine.com\/mx\/wp-json\/wp\/v2\/media\/131552"}],"wp:attachment":[{"href":"https:\/\/graziamagazine.com\/mx\/wp-json\/wp\/v2\/media?parent=131550"}],"wp:term":[{"taxonomy":"category","embeddable":true,"href":"https:\/\/graziamagazine.com\/mx\/wp-json\/wp\/v2\/categories?post=131550"}],"curies":[{"name":"wp","href":"https:\/\/api.w.org\/{rel}","templated":true}]}}