{"id":131295,"date":"2023-11-13T23:57:03","date_gmt":"2023-11-14T04:57:03","guid":{"rendered":"https:\/\/graziamagazine.com\/mx\/?post_type=articles&#038;p=131295"},"modified":"2023-11-14T00:05:40","modified_gmt":"2023-11-14T05:05:40","slug":"duques-de-sussex-no-estaran-cumpleanos-75-rey-carlos-iii-esta-razon","status":"publish","type":"articles","link":"https:\/\/graziamagazine.com\/mx\/articles\/duques-de-sussex-no-estaran-cumpleanos-75-rey-carlos-iii-esta-razon\/","title":{"rendered":"Los duques de Sussex no estar\u00e1n en el cumplea\u00f1os 75 del rey Carlos III y esta es la raz\u00f3n"},"content":{"rendered":"<p>El rey <strong>Carlos III<\/strong> cumplir\u00e1 75 a\u00f1os este 14 de noviembre y celebrar\u00e1 con una fiesta p\u00fablica y una privada en la que festejar\u00e1 con sus m\u00e1s allegados.<\/p>\n<p>Sin embargo, al parecer su hijo menor <strong>Harry<\/strong> y su nuera <strong>Meghan<\/strong> no asistir\u00e1n a los festejos. El diario <em>The Sunday Times<\/em> y otros medios dijeron hace unos d\u00edas que la pareja hab\u00eda declinado la invitaci\u00f3n al festejo.<\/p>\n<p>La prensa lo atribu\u00eda a las declaraciones que Harry hizo en su libro <strong><em>Spare<\/em><\/strong> donde calific\u00f3 a la reina Camilla como \u201cpeligrosa\u201d y \u201cvillana\u201d.<\/p>\n<p>En la publicaci\u00f3n un supuesto <strong>amigo cercano del rey<\/strong> dijo que la relaci\u00f3n entre Harry y Carlos era muy complicada.<\/p>\n<figure id=\"attachment_131297\" aria-describedby=\"caption-attachment-131297\" style=\"width: 450px\" class=\"wp-caption alignnone\"><img loading=\"lazy\" decoding=\"async\" class=\"size-medium wp-image-131297\" src=\"https:\/\/graziamagazine.com\/mx\/wp-content\/uploads\/sites\/13\/2023\/11\/WhatsApp-Image-2023-11-13-at-22.59.02-1.jpeg?w=450\" alt=\"\" width=\"450\" height=\"281\" \/><figcaption id=\"caption-attachment-131297\" class=\"wp-caption-text\">Getty Images<\/figcaption><\/figure>\n<p>\u201cLa brecha entre ellos sigue siendo demasiado larga\u201d, dijo el amigo cercano del rey quien a\u00f1adi\u00f3 que el monarca siento \u201cdolor\u201d al no poder arreglar las cosas con su hijo.<\/p>\n<p>\u201cCuando llega el final de cualquier d\u00eda de trabajo, mi amigo piensa en su familia. Siempre sentir\u00e1 una punzada en el coraz\u00f3n por un problema que a\u00fan no ha podido resolver\u201d, se\u00f1al\u00f3.<\/p>\n<p>Sin embargo, la fuente asegura que Carlos III est\u00e1 lejos de guardar rencor con su hijo Harry.<\/p>\n<p>\u201cPero eso no cambia el <strong>amor del rey<\/strong> a su hijo. Nunca dejar\u00e1 de invitarlo a reuniones de familia, porque \u00e9l no es as\u00ed\u201d, agreg\u00f3.<\/p>\n<p>Por las declaraciones de Harry sobre Camilla dijo, que el rey sent\u00eda \u201cdecepci\u00f3n y consternaci\u00f3n\u201d y agreg\u00f3 que \u201cHay temas que no se resuelven y no habr\u00e1 un acercamiento a corto plazo\u201d.<\/p>\n<figure id=\"attachment_131296\" aria-describedby=\"caption-attachment-131296\" style=\"width: 450px\" class=\"wp-caption alignnone\"><img loading=\"lazy\" decoding=\"async\" class=\"size-medium wp-image-131296\" src=\"https:\/\/graziamagazine.com\/mx\/wp-content\/uploads\/sites\/13\/2023\/11\/WhatsApp-Image-2023-11-13-at-23.01.29.jpeg?w=450\" alt=\"\" width=\"450\" height=\"253\" \/><figcaption id=\"caption-attachment-131296\" class=\"wp-caption-text\">Facebook<\/figcaption><\/figure>\n<p>Aunque en un portavoz de la pareja dijo al diario brit\u00e1nico <em>The Messenger<\/em> que ellos no hab\u00edan declinado ninguna invitaci\u00f3n porque simplemente <strong>no la recibieron<\/strong>.<\/p>\n<p>\u201cEn respuesta a los titulares de los medios de comunicaci\u00f3n de Reino Unido tan solo decir que no ha habido ning\u00fan contacto con respecto a una invitaci\u00f3n para el cumplea\u00f1os del Rey\u201d, asegur\u00f3.<\/p>\n<p>\u201cEs decepcionante que <em>The Sunday Times<\/em> haya informado mal de esta historia\u201d, concluy\u00f3.<\/p>\n<p>Ya sea por declinar la invitaci\u00f3n o por no haber sido invitados en absoluto, la pareja no asistir\u00e1 a las celebraciones de cumplea\u00f1os del rey Carlos III y eso es un hecho. Lo que puede deducir es que toda esta disputa familiar no terminar\u00e1 en reconciliaci\u00f3n pronto<\/p>\n","protected":false},"author":36289,"featured_media":131298,"template":"","format":"standard","categories":[12517],"acf":[],"yoast_head":"<!-- This site is optimized with the Yoast SEO Premium plugin v18.5 (Yoast SEO v20.4) - https:\/\/yoast.com\/wordpress\/plugins\/seo\/ -->\n<title>Los duques de Sussex no estar\u00e1n en el cumplea\u00f1os 75 del rey Carlos III y esta es la raz\u00f3n | Grazia M\u00e9xico y Latinoam\u00e9rica<\/title>\n<meta name=\"description\" content=\"El rey Carlos III cumplir\u00e1 75 a\u00f1os este 14 de noviembre y celebrar\u00e1 con una fiesta p\u00fablica y una privada en la que festejar\u00e1 con sus m\u00e1s allegados. Sin\" \/>\n<meta name=\"robots\" content=\"index, follow, max-snippet:-1, max-image-preview:large, max-video-preview:-1\" \/>\n<link rel=\"canonical\" href=\"https:\/\/graziamagazine.com\/mx\/articles\/duques-de-sussex-no-estaran-cumpleanos-75-rey-carlos-iii-esta-razon\/\" \/>\n<meta property=\"og:locale\" content=\"es_MX\" \/>\n<meta property=\"og:type\" content=\"article\" \/>\n<meta property=\"og:title\" content=\"Los duques de Sussex no estar\u00e1n en el cumplea\u00f1os 75 del rey Carlos III y esta es la raz\u00f3n\" \/>\n<meta property=\"og:description\" content=\"El rey Carlos III cumplir\u00e1 75 a\u00f1os este 14 de noviembre y celebrar\u00e1 con una fiesta p\u00fablica y una privada en la que festejar\u00e1 con sus m\u00e1s allegados. Sin\" \/>\n<meta property=\"og:url\" content=\"https:\/\/graziamagazine.com\/mx\/articles\/duques-de-sussex-no-estaran-cumpleanos-75-rey-carlos-iii-esta-razon\/\" \/>\n<meta property=\"og:site_name\" content=\"Grazia M\u00e9xico y Latinoam\u00e9rica\" \/>\n<meta property=\"article:modified_time\" content=\"2023-11-14T05:05:40+00:00\" \/>\n<meta property=\"og:image\" content=\"https:\/\/graziamagazine.com\/mx\/wp-content\/uploads\/sites\/13\/2023\/11\/WhatsApp-Image-2023-11-13-at-22.59.02-e1699938263711.jpeg\" \/>\n\t<meta property=\"og:image:width\" content=\"1200\" \/>\n\t<meta property=\"og:image:height\" content=\"720\" \/>\n\t<meta property=\"og:image:type\" content=\"image\/jpeg\" \/>\n<meta name=\"twitter:card\" content=\"summary_large_image\" \/>\n<meta name=\"twitter:label1\" content=\"Est. reading time\" \/>\n\t<meta name=\"twitter:data1\" content=\"3 minutos\" \/>\n<script type=\"application\/ld+json\" class=\"yoast-schema-graph\">{\"@context\":\"https:\/\/schema.org\",\"@graph\":[{\"@type\":\"WebPage\",\"@id\":\"https:\/\/graziamagazine.com\/mx\/articles\/duques-de-sussex-no-estaran-cumpleanos-75-rey-carlos-iii-esta-razon\/\",\"url\":\"https:\/\/graziamagazine.com\/mx\/articles\/duques-de-sussex-no-estaran-cumpleanos-75-rey-carlos-iii-esta-razon\/\",\"name\":\"Los duques de Sussex no estar\u00e1n en el cumplea\u00f1os 75 del rey Carlos III y esta es la raz\u00f3n | Grazia M\u00e9xico y Latinoam\u00e9rica\",\"isPartOf\":{\"@id\":\"https:\/\/graziamagazine.com\/mx\/#website\"},\"datePublished\":\"2023-11-14T04:57:03+00:00\",\"dateModified\":\"2023-11-14T05:05:40+00:00\",\"description\":\"El rey Carlos III cumplir\u00e1 75 a\u00f1os este 14 de noviembre y celebrar\u00e1 con una fiesta p\u00fablica y una privada en la que festejar\u00e1 con sus m\u00e1s allegados. Sin\",\"breadcrumb\":{\"@id\":\"https:\/\/graziamagazine.com\/mx\/articles\/duques-de-sussex-no-estaran-cumpleanos-75-rey-carlos-iii-esta-razon\/#breadcrumb\"},\"inLanguage\":\"es-MX\",\"potentialAction\":[{\"@type\":\"ReadAction\",\"target\":[\"https:\/\/graziamagazine.com\/mx\/articles\/duques-de-sussex-no-estaran-cumpleanos-75-rey-carlos-iii-esta-razon\/\"]}]},{\"@type\":\"BreadcrumbList\",\"@id\":\"https:\/\/graziamagazine.com\/mx\/articles\/duques-de-sussex-no-estaran-cumpleanos-75-rey-carlos-iii-esta-razon\/#breadcrumb\",\"itemListElement\":[{\"@type\":\"ListItem\",\"position\":1,\"name\":\"Home\",\"item\":\"https:\/\/graziamagazine.com\/mx\/\"},{\"@type\":\"ListItem\",\"position\":2,\"name\":\"Los duques de Sussex no estar\u00e1n en el cumplea\u00f1os 75 del rey Carlos III y esta es la raz\u00f3n\"}]},{\"@type\":\"WebSite\",\"@id\":\"https:\/\/graziamagazine.com\/mx\/#website\",\"url\":\"https:\/\/graziamagazine.com\/mx\/\",\"name\":\"Grazia M\u00e9xico y Latinoam\u00e9rica\",\"description\":\"Grazia es moda, belleza y noticias  de actualidad \",\"potentialAction\":[{\"@type\":\"SearchAction\",\"target\":{\"@type\":\"EntryPoint\",\"urlTemplate\":\"https:\/\/graziamagazine.com\/mx\/?s={search_term_string}\"},\"query-input\":\"required name=search_term_string\"}],\"inLanguage\":\"es-MX\"}]}<\/script>\n<!-- \/ Yoast SEO Premium plugin. -->","yoast_head_json":{"title":"Los duques de Sussex no estar\u00e1n en el cumplea\u00f1os 75 del rey Carlos III y esta es la raz\u00f3n | Grazia M\u00e9xico y Latinoam\u00e9rica","description":"El rey Carlos III cumplir\u00e1 75 a\u00f1os este 14 de noviembre y celebrar\u00e1 con una fiesta p\u00fablica y una privada en la que festejar\u00e1 con sus m\u00e1s allegados. Sin","robots":{"index":"index","follow":"follow","max-snippet":"max-snippet:-1","max-image-preview":"max-image-preview:large","max-video-preview":"max-video-preview:-1"},"canonical":"https:\/\/graziamagazine.com\/mx\/articles\/duques-de-sussex-no-estaran-cumpleanos-75-rey-carlos-iii-esta-razon\/","og_locale":"es_MX","og_type":"article","og_title":"Los duques de Sussex no estar\u00e1n en el cumplea\u00f1os 75 del rey Carlos III y esta es la raz\u00f3n","og_description":"El rey Carlos III cumplir\u00e1 75 a\u00f1os este 14 de noviembre y celebrar\u00e1 con una fiesta p\u00fablica y una privada en la que festejar\u00e1 con sus m\u00e1s allegados. Sin","og_url":"https:\/\/graziamagazine.com\/mx\/articles\/duques-de-sussex-no-estaran-cumpleanos-75-rey-carlos-iii-esta-razon\/","og_site_name":"Grazia M\u00e9xico y Latinoam\u00e9rica","article_modified_time":"2023-11-14T05:05:40+00:00","og_image":[{"width":1200,"height":720,"url":"https:\/\/graziamagazine.com\/mx\/wp-content\/uploads\/sites\/13\/2023\/11\/WhatsApp-Image-2023-11-13-at-22.59.02-e1699938263711.jpeg","type":"image\/jpeg"}],"twitter_card":"summary_large_image","twitter_misc":{"Est. reading time":"3 minutos"},"schema":{"@context":"https:\/\/schema.org","@graph":[{"@type":"WebPage","@id":"https:\/\/graziamagazine.com\/mx\/articles\/duques-de-sussex-no-estaran-cumpleanos-75-rey-carlos-iii-esta-razon\/","url":"https:\/\/graziamagazine.com\/mx\/articles\/duques-de-sussex-no-estaran-cumpleanos-75-rey-carlos-iii-esta-razon\/","name":"Los duques de Sussex no estar\u00e1n en el cumplea\u00f1os 75 del rey Carlos III y esta es la raz\u00f3n | Grazia M\u00e9xico y Latinoam\u00e9rica","isPartOf":{"@id":"https:\/\/graziamagazine.com\/mx\/#website"},"datePublished":"2023-11-14T04:57:03+00:00","dateModified":"2023-11-14T05:05:40+00:00","description":"El rey Carlos III cumplir\u00e1 75 a\u00f1os este 14 de noviembre y celebrar\u00e1 con una fiesta p\u00fablica y una privada en la que festejar\u00e1 con sus m\u00e1s allegados. Sin","breadcrumb":{"@id":"https:\/\/graziamagazine.com\/mx\/articles\/duques-de-sussex-no-estaran-cumpleanos-75-rey-carlos-iii-esta-razon\/#breadcrumb"},"inLanguage":"es-MX","potentialAction":[{"@type":"ReadAction","target":["https:\/\/graziamagazine.com\/mx\/articles\/duques-de-sussex-no-estaran-cumpleanos-75-rey-carlos-iii-esta-razon\/"]}]},{"@type":"BreadcrumbList","@id":"https:\/\/graziamagazine.com\/mx\/articles\/duques-de-sussex-no-estaran-cumpleanos-75-rey-carlos-iii-esta-razon\/#breadcrumb","itemListElement":[{"@type":"ListItem","position":1,"name":"Home","item":"https:\/\/graziamagazine.com\/mx\/"},{"@type":"ListItem","position":2,"name":"Los duques de Sussex no estar\u00e1n en el cumplea\u00f1os 75 del rey Carlos III y esta es la raz\u00f3n"}]},{"@type":"WebSite","@id":"https:\/\/graziamagazine.com\/mx\/#website","url":"https:\/\/graziamagazine.com\/mx\/","name":"Grazia M\u00e9xico y Latinoam\u00e9rica","description":"Grazia es moda, belleza y noticias  de actualidad ","potentialAction":[{"@type":"SearchAction","target":{"@type":"EntryPoint","urlTemplate":"https:\/\/graziamagazine.com\/mx\/?s={search_term_string}"},"query-input":"required name=search_term_string"}],"inLanguage":"es-MX"}]}},"jetpack_sharing_enabled":true,"distributor_meta":false,"distributor_terms":false,"distributor_media":false,"distributor_original_site_name":"Grazia M\u00e9xico y Latinoam\u00e9rica","distributor_original_site_url":"https:\/\/graziamagazine.com\/mx","push-errors":false,"_links":{"self":[{"href":"https:\/\/graziamagazine.com\/mx\/wp-json\/wp\/v2\/articles\/131295"}],"collection":[{"href":"https:\/\/graziamagazine.com\/mx\/wp-json\/wp\/v2\/articles"}],"about":[{"href":"https:\/\/graziamagazine.com\/mx\/wp-json\/wp\/v2\/types\/articles"}],"author":[{"embeddable":true,"href":"https:\/\/graziamagazine.com\/mx\/wp-json\/wp\/v2\/users\/36289"}],"wp:featuredmedia":[{"embeddable":true,"href":"https:\/\/graziamagazine.com\/mx\/wp-json\/wp\/v2\/media\/131298"}],"wp:attachment":[{"href":"https:\/\/graziamagazine.com\/mx\/wp-json\/wp\/v2\/media?parent=131295"}],"wp:term":[{"taxonomy":"category","embeddable":true,"href":"https:\/\/graziamagazine.com\/mx\/wp-json\/wp\/v2\/categories?post=131295"}],"curies":[{"name":"wp","href":"https:\/\/api.w.org\/{rel}","templated":true}]}}