{"id":131289,"date":"2023-11-13T17:47:23","date_gmt":"2023-11-13T22:47:23","guid":{"rendered":"https:\/\/graziamagazine.com\/mx\/?post_type=articles&#038;p=131289"},"modified":"2023-11-14T12:04:47","modified_gmt":"2023-11-14T17:04:47","slug":"asi-fue-el-regreso-de-timothee-chalamet-a-saturday-night-live","status":"publish","type":"articles","link":"https:\/\/graziamagazine.com\/mx\/articles\/asi-fue-el-regreso-de-timothee-chalamet-a-saturday-night-live\/","title":{"rendered":"As\u00ed fue el regreso de Timoth\u00e9e Chalamet a Saturday Night Live"},"content":{"rendered":"<p><span style=\"font-weight: 400;\"><strong>Timoth\u00e9e Chalamet<\/strong> hizo su debut como presentador de <em><strong>Saturday Night Live<\/strong><\/em> hace casi tres a\u00f1os, por all\u00e1 del 2020, y ahora regresa, mostrando un Timoth\u00e9e m\u00e1s talentoso, m\u00e1s divertido y con m\u00e1s experiencia.<\/span><\/p>\n<p><span style=\"font-weight: 400;\">Su participaci\u00f3n ocurri\u00f3 unos d\u00edas despu\u00e9s de que<strong> SAG-AFTRA<\/strong> y los estudios de filmaci\u00f3n llegaran a un <a href=\"https:\/\/graziamagazine.com\/mx\/articles\/la-huelga-de-actores-en-hollywood-llega-a-su-fin\/\">acuerdo tentativo<\/a> sobre un nuevo contrato laboral que podr\u00eda impulsar a Hollywood.<\/span><\/p>\n<p><span style=\"font-weight: 400;\">El actor comenz\u00f3 su participaci\u00f3n con una canci\u00f3n inspirada en su pr\u00f3xima pel\u00edcula, <strong><em>Wonka<\/em><\/strong>, sobre la &#8220;autopromoci\u00f3n descarada&#8221;, antes de voltear hacia la c\u00e1mara para hablar literalmente del estreno de la cinta el 15 de diciembre y jugar hasta el \u201ccami\u00f3n volquete Oompa Loompa\u201d de su coprotagonista, <strong>Hugh Grant.<\/strong><\/span><\/p>\n<p><span style=\"font-weight: 400;\">En su mon\u00f3logo de apertura, despu\u00e9s de bromear por primera vez diciendo que durante la huelga, lo \u00fanico de lo que pod\u00eda hablar era de su comercial de perfume dirigido por <strong>Martin Scorsese<\/strong>: \u201ccuando recibes esa llamada que Martin Scorsese quiere dirigirte, lo primero que piensas es: &#8216;Hombre , realmente espero que sea un comercial de perfume&#8217;\u201d.<\/span><\/p>\n<p><span style=\"font-weight: 400;\">Luego, Chalamet volvi\u00f3 a cantar, mencionando la pel\u00edcula de Scorsese, <em><strong>Killers of the Flower Moon<\/strong><\/em>, y su muy esperada epopeya de ciencia ficci\u00f3n, <em><strong>Dune: Part Two<\/strong><\/em>, protagonizada por \u00e9l como Paul Atreides.\u00a0<\/span><\/p>\n<p><span style=\"font-weight: 400;\">La huelga de actores llev\u00f3 a Warner Bros. a retrasar el estreno de esa pel\u00edcula del 3 de noviembre al 15 de marzo, sac\u00e1ndola de la temporada de premios de este a\u00f1o.<\/span><\/p>\n<p><span style=\"font-weight: 400;\">Despu\u00e9s de hacer otra broma sobre las multitudes generadas por la IA, Chalamet fue interrumpido por el protagonista de SNL, <strong>Marcello Hern\u00e1ndez<\/strong>, para lo que parec\u00eda ser el plan original para el mon\u00f3logo del actor: un dueto de rap sobre ser asesinos de damas con cara de beb\u00e9.<\/span><\/p>\n<p><span style=\"font-weight: 400;\">\u201cTengo cara de beb\u00e9, pero mis caderas no mienten, di que soy un chico malo, perra, soy un chico malo. Tengo cara de beb\u00e9, pero estoy colgado como mi pap\u00e1, cr\u00e9eme, cari\u00f1o, soy lo mejor que jam\u00e1s hayas tenido\u201d. Finalmente se les unieron<strong> Punkie Johnson, como Nicki Minaj, y Kenan Thompson<\/strong> como \u00e9l mismo.<\/span><\/p>\n","protected":false},"author":11628,"featured_media":97183,"template":"","format":"standard","categories":[12832],"acf":[],"yoast_head":"<!-- This site is optimized with the Yoast SEO Premium plugin v18.5 (Yoast SEO v20.4) - https:\/\/yoast.com\/wordpress\/plugins\/seo\/ -->\n<title>As\u00ed fue el regreso de Timoth\u00e9e Chalamet a Saturday Night Live | Grazia M\u00e9xico y Latinoam\u00e9rica<\/title>\n<meta name=\"description\" content=\"Timoth\u00e9e Chalamet hizo su debut como presentador de Saturday Night Live hace casi tres a\u00f1os, por all\u00e1 del 2020, y ahora regresa, mostrando un Timoth\u00e9e m\u00e1s\" \/>\n<meta name=\"robots\" content=\"index, follow, max-snippet:-1, max-image-preview:large, max-video-preview:-1\" \/>\n<link rel=\"canonical\" href=\"https:\/\/graziamagazine.com\/mx\/articles\/asi-fue-el-regreso-de-timothee-chalamet-a-saturday-night-live\/\" \/>\n<meta property=\"og:locale\" content=\"es_MX\" \/>\n<meta property=\"og:type\" content=\"article\" \/>\n<meta property=\"og:title\" content=\"As\u00ed fue el regreso de Timoth\u00e9e Chalamet a Saturday Night Live\" \/>\n<meta property=\"og:description\" content=\"Timoth\u00e9e Chalamet hizo su debut como presentador de Saturday Night Live hace casi tres a\u00f1os, por all\u00e1 del 2020, y ahora regresa, mostrando un Timoth\u00e9e m\u00e1s\" \/>\n<meta property=\"og:url\" content=\"https:\/\/graziamagazine.com\/mx\/articles\/asi-fue-el-regreso-de-timothee-chalamet-a-saturday-night-live\/\" \/>\n<meta property=\"og:site_name\" content=\"Grazia M\u00e9xico y Latinoam\u00e9rica\" \/>\n<meta property=\"article:modified_time\" content=\"2023-11-14T17:04:47+00:00\" \/>\n<meta property=\"og:image\" content=\"https:\/\/graziamagazine.com\/mx\/wp-content\/uploads\/sites\/13\/2021\/05\/asi-se-ve-timothee-chalamet-en-dune-destacada-1.jpeg\" \/>\n\t<meta property=\"og:image:width\" content=\"1024\" \/>\n\t<meta property=\"og:image:height\" content=\"660\" \/>\n\t<meta property=\"og:image:type\" content=\"image\/jpeg\" \/>\n<meta name=\"twitter:card\" content=\"summary_large_image\" \/>\n<meta name=\"twitter:label1\" content=\"Est. reading time\" \/>\n\t<meta name=\"twitter:data1\" content=\"2 minutos\" \/>\n<script type=\"application\/ld+json\" class=\"yoast-schema-graph\">{\"@context\":\"https:\/\/schema.org\",\"@graph\":[{\"@type\":\"WebPage\",\"@id\":\"https:\/\/graziamagazine.com\/mx\/articles\/asi-fue-el-regreso-de-timothee-chalamet-a-saturday-night-live\/\",\"url\":\"https:\/\/graziamagazine.com\/mx\/articles\/asi-fue-el-regreso-de-timothee-chalamet-a-saturday-night-live\/\",\"name\":\"As\u00ed fue el regreso de Timoth\u00e9e Chalamet a Saturday Night Live | Grazia M\u00e9xico y Latinoam\u00e9rica\",\"isPartOf\":{\"@id\":\"https:\/\/graziamagazine.com\/mx\/#website\"},\"datePublished\":\"2023-11-13T22:47:23+00:00\",\"dateModified\":\"2023-11-14T17:04:47+00:00\",\"description\":\"Timoth\u00e9e Chalamet hizo su debut como presentador de Saturday Night Live hace casi tres a\u00f1os, por all\u00e1 del 2020, y ahora regresa, mostrando un Timoth\u00e9e m\u00e1s\",\"breadcrumb\":{\"@id\":\"https:\/\/graziamagazine.com\/mx\/articles\/asi-fue-el-regreso-de-timothee-chalamet-a-saturday-night-live\/#breadcrumb\"},\"inLanguage\":\"es-MX\",\"potentialAction\":[{\"@type\":\"ReadAction\",\"target\":[\"https:\/\/graziamagazine.com\/mx\/articles\/asi-fue-el-regreso-de-timothee-chalamet-a-saturday-night-live\/\"]}]},{\"@type\":\"BreadcrumbList\",\"@id\":\"https:\/\/graziamagazine.com\/mx\/articles\/asi-fue-el-regreso-de-timothee-chalamet-a-saturday-night-live\/#breadcrumb\",\"itemListElement\":[{\"@type\":\"ListItem\",\"position\":1,\"name\":\"Home\",\"item\":\"https:\/\/graziamagazine.com\/mx\/\"},{\"@type\":\"ListItem\",\"position\":2,\"name\":\"As\u00ed fue el regreso de Timoth\u00e9e Chalamet a Saturday Night Live\"}]},{\"@type\":\"WebSite\",\"@id\":\"https:\/\/graziamagazine.com\/mx\/#website\",\"url\":\"https:\/\/graziamagazine.com\/mx\/\",\"name\":\"Grazia M\u00e9xico y Latinoam\u00e9rica\",\"description\":\"Grazia es moda, belleza y noticias  de actualidad \",\"potentialAction\":[{\"@type\":\"SearchAction\",\"target\":{\"@type\":\"EntryPoint\",\"urlTemplate\":\"https:\/\/graziamagazine.com\/mx\/?s={search_term_string}\"},\"query-input\":\"required name=search_term_string\"}],\"inLanguage\":\"es-MX\"}]}<\/script>\n<!-- \/ Yoast SEO Premium plugin. -->","yoast_head_json":{"title":"As\u00ed fue el regreso de Timoth\u00e9e Chalamet a Saturday Night Live | Grazia M\u00e9xico y Latinoam\u00e9rica","description":"Timoth\u00e9e Chalamet hizo su debut como presentador de Saturday Night Live hace casi tres a\u00f1os, por all\u00e1 del 2020, y ahora regresa, mostrando un Timoth\u00e9e m\u00e1s","robots":{"index":"index","follow":"follow","max-snippet":"max-snippet:-1","max-image-preview":"max-image-preview:large","max-video-preview":"max-video-preview:-1"},"canonical":"https:\/\/graziamagazine.com\/mx\/articles\/asi-fue-el-regreso-de-timothee-chalamet-a-saturday-night-live\/","og_locale":"es_MX","og_type":"article","og_title":"As\u00ed fue el regreso de Timoth\u00e9e Chalamet a Saturday Night Live","og_description":"Timoth\u00e9e Chalamet hizo su debut como presentador de Saturday Night Live hace casi tres a\u00f1os, por all\u00e1 del 2020, y ahora regresa, mostrando un Timoth\u00e9e m\u00e1s","og_url":"https:\/\/graziamagazine.com\/mx\/articles\/asi-fue-el-regreso-de-timothee-chalamet-a-saturday-night-live\/","og_site_name":"Grazia M\u00e9xico y Latinoam\u00e9rica","article_modified_time":"2023-11-14T17:04:47+00:00","og_image":[{"width":1024,"height":660,"url":"https:\/\/graziamagazine.com\/mx\/wp-content\/uploads\/sites\/13\/2021\/05\/asi-se-ve-timothee-chalamet-en-dune-destacada-1.jpeg","type":"image\/jpeg"}],"twitter_card":"summary_large_image","twitter_misc":{"Est. reading time":"2 minutos"},"schema":{"@context":"https:\/\/schema.org","@graph":[{"@type":"WebPage","@id":"https:\/\/graziamagazine.com\/mx\/articles\/asi-fue-el-regreso-de-timothee-chalamet-a-saturday-night-live\/","url":"https:\/\/graziamagazine.com\/mx\/articles\/asi-fue-el-regreso-de-timothee-chalamet-a-saturday-night-live\/","name":"As\u00ed fue el regreso de Timoth\u00e9e Chalamet a Saturday Night Live | Grazia M\u00e9xico y Latinoam\u00e9rica","isPartOf":{"@id":"https:\/\/graziamagazine.com\/mx\/#website"},"datePublished":"2023-11-13T22:47:23+00:00","dateModified":"2023-11-14T17:04:47+00:00","description":"Timoth\u00e9e Chalamet hizo su debut como presentador de Saturday Night Live hace casi tres a\u00f1os, por all\u00e1 del 2020, y ahora regresa, mostrando un Timoth\u00e9e m\u00e1s","breadcrumb":{"@id":"https:\/\/graziamagazine.com\/mx\/articles\/asi-fue-el-regreso-de-timothee-chalamet-a-saturday-night-live\/#breadcrumb"},"inLanguage":"es-MX","potentialAction":[{"@type":"ReadAction","target":["https:\/\/graziamagazine.com\/mx\/articles\/asi-fue-el-regreso-de-timothee-chalamet-a-saturday-night-live\/"]}]},{"@type":"BreadcrumbList","@id":"https:\/\/graziamagazine.com\/mx\/articles\/asi-fue-el-regreso-de-timothee-chalamet-a-saturday-night-live\/#breadcrumb","itemListElement":[{"@type":"ListItem","position":1,"name":"Home","item":"https:\/\/graziamagazine.com\/mx\/"},{"@type":"ListItem","position":2,"name":"As\u00ed fue el regreso de Timoth\u00e9e Chalamet a Saturday Night Live"}]},{"@type":"WebSite","@id":"https:\/\/graziamagazine.com\/mx\/#website","url":"https:\/\/graziamagazine.com\/mx\/","name":"Grazia M\u00e9xico y Latinoam\u00e9rica","description":"Grazia es moda, belleza y noticias  de actualidad ","potentialAction":[{"@type":"SearchAction","target":{"@type":"EntryPoint","urlTemplate":"https:\/\/graziamagazine.com\/mx\/?s={search_term_string}"},"query-input":"required name=search_term_string"}],"inLanguage":"es-MX"}]}},"jetpack_sharing_enabled":true,"distributor_meta":false,"distributor_terms":false,"distributor_media":false,"distributor_original_site_name":"Grazia M\u00e9xico y Latinoam\u00e9rica","distributor_original_site_url":"https:\/\/graziamagazine.com\/mx","push-errors":false,"_links":{"self":[{"href":"https:\/\/graziamagazine.com\/mx\/wp-json\/wp\/v2\/articles\/131289"}],"collection":[{"href":"https:\/\/graziamagazine.com\/mx\/wp-json\/wp\/v2\/articles"}],"about":[{"href":"https:\/\/graziamagazine.com\/mx\/wp-json\/wp\/v2\/types\/articles"}],"author":[{"embeddable":true,"href":"https:\/\/graziamagazine.com\/mx\/wp-json\/wp\/v2\/users\/11628"}],"wp:featuredmedia":[{"embeddable":true,"href":"https:\/\/graziamagazine.com\/mx\/wp-json\/wp\/v2\/media\/97183"}],"wp:attachment":[{"href":"https:\/\/graziamagazine.com\/mx\/wp-json\/wp\/v2\/media?parent=131289"}],"wp:term":[{"taxonomy":"category","embeddable":true,"href":"https:\/\/graziamagazine.com\/mx\/wp-json\/wp\/v2\/categories?post=131289"}],"curies":[{"name":"wp","href":"https:\/\/api.w.org\/{rel}","templated":true}]}}