{"id":131272,"date":"2023-11-12T23:26:30","date_gmt":"2023-11-13T04:26:30","guid":{"rendered":"https:\/\/graziamagazine.com\/mx\/?post_type=articles&#038;p=131272"},"modified":"2023-11-14T00:57:21","modified_gmt":"2023-11-14T05:57:21","slug":"zac-efron-quiere-interpretar-a-matthew-perry-en-su-biopic","status":"publish","type":"articles","link":"https:\/\/graziamagazine.com\/mx\/articles\/zac-efron-quiere-interpretar-a-matthew-perry-en-su-biopic\/","title":{"rendered":"Zac Efron quiere interpretar a Matthew Perry en su biopic"},"content":{"rendered":"<p><span style=\"font-weight: 400\"><strong>Zac Efron<\/strong> escuch\u00f3 la noticia de que <strong>Matthew Perry<\/strong> quer\u00eda contratarlo para una <a href=\"https:\/\/graziamagazine.com\/mx\/articles\/mattman-el-proyecto-que-matthew-perry-tenia-en-mente-antes-de-morir\/\">pel\u00edcula biogr\u00e1fica sobre su vida<\/a>, por lo que Zac dijo que estar\u00eda \u201chonrado\u201d de hacerlo.\u00a0<\/span><\/p>\n<p><span style=\"font-weight: 400\">El actor de<em><strong> High School Musical<\/strong> <\/em>dijo que Perry era una inspiraci\u00f3n y que ten\u00eda una figura de \u201cmentor\u201d en su vida. Adem\u00e1s, se conocieron lo suficiente, pues ambos protagonizaron la comedia de adolescentes de 2009, <em><strong>17 Again.<\/strong><\/em><\/span><\/p>\n<p><span style=\"font-weight: 400\">&#8220;Me siento honrado de saber que estaba pensando en m\u00ed para interpretarlo&#8221;, dijo Efron. &#8220;Ya veremos. Ser\u00eda un honor hacerlo\u201d.<\/span><\/p>\n<p><span style=\"font-weight: 400\">&#8220;\u00c9l fue un mentor para m\u00ed e hicimos juntos una pel\u00edcula realmente genial&#8221;, continu\u00f3. \u201cLo admiraba, aprend\u00ed el ritmo c\u00f3mico de ese tipo. Quiero decir, cuando est\u00e1bamos filmando<em> 17 Again<\/em>, fue muy surrealista para m\u00ed mirar al otro lado y tenerlo all\u00ed, porque he aprendido mucho de \u00e9l, de toda su vida&#8221;.<\/span><\/p>\n<figure id=\"attachment_130908\" aria-describedby=\"caption-attachment-130908\" style=\"width: 1024px\" class=\"wp-caption alignnone\"><img loading=\"lazy\" decoding=\"async\" class=\"wp-image-130908 size-large\" src=\"https:\/\/graziamagazine.com\/mx\/wp-content\/uploads\/sites\/13\/2023\/10\/matthew-perry_69.jpg?w=1024\" alt=\"Matthew Perry la estrella de &quot;Friends&quot; muere a los 54 a\u00f1os\" width=\"1024\" height=\"576\" \/><figcaption id=\"caption-attachment-130908\" class=\"wp-caption-text\">Matthew Perry la estrella de &#8220;Friends&#8221; muere a los 54 a\u00f1os<\/figcaption><\/figure>\n<p><span style=\"font-weight: 400\">En <em>17 Again<\/em>, el personaje de Perry se transforma m\u00e1gicamente en su yo de 17 a\u00f1os, y Zac interpreta a la versi\u00f3n m\u00e1s joven del personaje. La comedia fue un \u00e9xito de taquilla con una recaudaci\u00f3n mundial de 139.5 millones de d\u00f3lares.<\/span><\/p>\n<p><span style=\"font-weight: 400\">Por su parte, la amiga de Matthew,<strong> Athenna Crosby<\/strong>, revel\u00f3 por primera vez los planes del actor para una pel\u00edcula sobre su vida en una entrevista con <\/span><i><span style=\"font-weight: 400\">Entertainment Tonight, <\/span><\/i><span style=\"font-weight: 400\">poco despu\u00e9s de su muerte, el 28 de octubre de 2023, a los 54 a\u00f1os.<\/span><\/p>\n<p><span style=\"font-weight: 400\">&#8220;Dijo que quer\u00eda hacer una pel\u00edcula sobre su vida&#8221;, dijo Crosby. \u201cY hab\u00eda trabajado con Zac Efron en el pasado en una pel\u00edcula. Dijo que quer\u00eda que Zac Efron lo interpretara en una versi\u00f3n m\u00e1s joven y que pronto le pedir\u00eda que lo hiciera\u201d.<\/span><\/p>\n<p><span style=\"font-weight: 400\">&#8220;Estaba deseando compartir m\u00e1s sobre su historia y su recuperaci\u00f3n de la adicci\u00f3n, y realmente defender esa causa para ayudar a m\u00e1s personas&#8221;, a\u00f1adi\u00f3 Crosby. \u201cPor eso estaba muy optimista y feliz con todo lo que quer\u00eda hacer\u201d.<\/span><\/p>\n","protected":false},"author":11628,"featured_media":91122,"template":"","format":"standard","categories":[2,12832],"acf":[],"yoast_head":"<!-- This site is optimized with the Yoast SEO Premium plugin v18.5 (Yoast SEO v20.4) - https:\/\/yoast.com\/wordpress\/plugins\/seo\/ -->\n<title>Zac Efron quiere interpretar a Matthew Perry en su biopic | Grazia M\u00e9xico y Latinoam\u00e9rica<\/title>\n<meta name=\"description\" content=\"Zac Efron escuch\u00f3 la noticia de que Matthew Perry quer\u00eda contratarlo para una pel\u00edcula biogr\u00e1fica sobre su vida, por lo que Zac dijo que estar\u00eda \u201chonrado\u201d\" \/>\n<meta name=\"robots\" content=\"index, follow, max-snippet:-1, max-image-preview:large, max-video-preview:-1\" \/>\n<link rel=\"canonical\" href=\"https:\/\/graziamagazine.com\/mx\/articles\/zac-efron-quiere-interpretar-a-matthew-perry-en-su-biopic\/\" \/>\n<meta property=\"og:locale\" content=\"es_MX\" \/>\n<meta property=\"og:type\" content=\"article\" \/>\n<meta property=\"og:title\" content=\"Zac Efron quiere interpretar a Matthew Perry en su biopic\" \/>\n<meta property=\"og:description\" content=\"Zac Efron escuch\u00f3 la noticia de que Matthew Perry quer\u00eda contratarlo para una pel\u00edcula biogr\u00e1fica sobre su vida, por lo que Zac dijo que estar\u00eda \u201chonrado\u201d\" \/>\n<meta property=\"og:url\" content=\"https:\/\/graziamagazine.com\/mx\/articles\/zac-efron-quiere-interpretar-a-matthew-perry-en-su-biopic\/\" \/>\n<meta property=\"og:site_name\" content=\"Grazia M\u00e9xico y Latinoam\u00e9rica\" \/>\n<meta property=\"article:modified_time\" content=\"2023-11-14T05:57:21+00:00\" \/>\n<meta property=\"og:image\" content=\"https:\/\/graziamagazine.com\/mx\/wp-content\/uploads\/sites\/13\/2020\/11\/h.jpg\" \/>\n\t<meta property=\"og:image:width\" content=\"1536\" \/>\n\t<meta property=\"og:image:height\" content=\"864\" \/>\n\t<meta property=\"og:image:type\" content=\"image\/jpeg\" \/>\n<meta name=\"twitter:card\" content=\"summary_large_image\" \/>\n<meta name=\"twitter:label1\" content=\"Est. reading time\" \/>\n\t<meta name=\"twitter:data1\" content=\"2 minutos\" \/>\n<script type=\"application\/ld+json\" class=\"yoast-schema-graph\">{\"@context\":\"https:\/\/schema.org\",\"@graph\":[{\"@type\":\"WebPage\",\"@id\":\"https:\/\/graziamagazine.com\/mx\/articles\/zac-efron-quiere-interpretar-a-matthew-perry-en-su-biopic\/\",\"url\":\"https:\/\/graziamagazine.com\/mx\/articles\/zac-efron-quiere-interpretar-a-matthew-perry-en-su-biopic\/\",\"name\":\"Zac Efron quiere interpretar a Matthew Perry en su biopic | Grazia M\u00e9xico y Latinoam\u00e9rica\",\"isPartOf\":{\"@id\":\"https:\/\/graziamagazine.com\/mx\/#website\"},\"datePublished\":\"2023-11-13T04:26:30+00:00\",\"dateModified\":\"2023-11-14T05:57:21+00:00\",\"description\":\"Zac Efron escuch\u00f3 la noticia de que Matthew Perry quer\u00eda contratarlo para una pel\u00edcula biogr\u00e1fica sobre su vida, por lo que Zac dijo que estar\u00eda \u201chonrado\u201d\",\"breadcrumb\":{\"@id\":\"https:\/\/graziamagazine.com\/mx\/articles\/zac-efron-quiere-interpretar-a-matthew-perry-en-su-biopic\/#breadcrumb\"},\"inLanguage\":\"es-MX\",\"potentialAction\":[{\"@type\":\"ReadAction\",\"target\":[\"https:\/\/graziamagazine.com\/mx\/articles\/zac-efron-quiere-interpretar-a-matthew-perry-en-su-biopic\/\"]}]},{\"@type\":\"BreadcrumbList\",\"@id\":\"https:\/\/graziamagazine.com\/mx\/articles\/zac-efron-quiere-interpretar-a-matthew-perry-en-su-biopic\/#breadcrumb\",\"itemListElement\":[{\"@type\":\"ListItem\",\"position\":1,\"name\":\"Home\",\"item\":\"https:\/\/graziamagazine.com\/mx\/\"},{\"@type\":\"ListItem\",\"position\":2,\"name\":\"Zac Efron quiere interpretar a Matthew Perry en su biopic\"}]},{\"@type\":\"WebSite\",\"@id\":\"https:\/\/graziamagazine.com\/mx\/#website\",\"url\":\"https:\/\/graziamagazine.com\/mx\/\",\"name\":\"Grazia M\u00e9xico y Latinoam\u00e9rica\",\"description\":\"Grazia es moda, belleza y noticias  de actualidad \",\"potentialAction\":[{\"@type\":\"SearchAction\",\"target\":{\"@type\":\"EntryPoint\",\"urlTemplate\":\"https:\/\/graziamagazine.com\/mx\/?s={search_term_string}\"},\"query-input\":\"required name=search_term_string\"}],\"inLanguage\":\"es-MX\"}]}<\/script>\n<!-- \/ Yoast SEO Premium plugin. -->","yoast_head_json":{"title":"Zac Efron quiere interpretar a Matthew Perry en su biopic | Grazia M\u00e9xico y Latinoam\u00e9rica","description":"Zac Efron escuch\u00f3 la noticia de que Matthew Perry quer\u00eda contratarlo para una pel\u00edcula biogr\u00e1fica sobre su vida, por lo que Zac dijo que estar\u00eda \u201chonrado\u201d","robots":{"index":"index","follow":"follow","max-snippet":"max-snippet:-1","max-image-preview":"max-image-preview:large","max-video-preview":"max-video-preview:-1"},"canonical":"https:\/\/graziamagazine.com\/mx\/articles\/zac-efron-quiere-interpretar-a-matthew-perry-en-su-biopic\/","og_locale":"es_MX","og_type":"article","og_title":"Zac Efron quiere interpretar a Matthew Perry en su biopic","og_description":"Zac Efron escuch\u00f3 la noticia de que Matthew Perry quer\u00eda contratarlo para una pel\u00edcula biogr\u00e1fica sobre su vida, por lo que Zac dijo que estar\u00eda \u201chonrado\u201d","og_url":"https:\/\/graziamagazine.com\/mx\/articles\/zac-efron-quiere-interpretar-a-matthew-perry-en-su-biopic\/","og_site_name":"Grazia M\u00e9xico y Latinoam\u00e9rica","article_modified_time":"2023-11-14T05:57:21+00:00","og_image":[{"width":1536,"height":864,"url":"https:\/\/graziamagazine.com\/mx\/wp-content\/uploads\/sites\/13\/2020\/11\/h.jpg","type":"image\/jpeg"}],"twitter_card":"summary_large_image","twitter_misc":{"Est. reading time":"2 minutos"},"schema":{"@context":"https:\/\/schema.org","@graph":[{"@type":"WebPage","@id":"https:\/\/graziamagazine.com\/mx\/articles\/zac-efron-quiere-interpretar-a-matthew-perry-en-su-biopic\/","url":"https:\/\/graziamagazine.com\/mx\/articles\/zac-efron-quiere-interpretar-a-matthew-perry-en-su-biopic\/","name":"Zac Efron quiere interpretar a Matthew Perry en su biopic | Grazia M\u00e9xico y Latinoam\u00e9rica","isPartOf":{"@id":"https:\/\/graziamagazine.com\/mx\/#website"},"datePublished":"2023-11-13T04:26:30+00:00","dateModified":"2023-11-14T05:57:21+00:00","description":"Zac Efron escuch\u00f3 la noticia de que Matthew Perry quer\u00eda contratarlo para una pel\u00edcula biogr\u00e1fica sobre su vida, por lo que Zac dijo que estar\u00eda \u201chonrado\u201d","breadcrumb":{"@id":"https:\/\/graziamagazine.com\/mx\/articles\/zac-efron-quiere-interpretar-a-matthew-perry-en-su-biopic\/#breadcrumb"},"inLanguage":"es-MX","potentialAction":[{"@type":"ReadAction","target":["https:\/\/graziamagazine.com\/mx\/articles\/zac-efron-quiere-interpretar-a-matthew-perry-en-su-biopic\/"]}]},{"@type":"BreadcrumbList","@id":"https:\/\/graziamagazine.com\/mx\/articles\/zac-efron-quiere-interpretar-a-matthew-perry-en-su-biopic\/#breadcrumb","itemListElement":[{"@type":"ListItem","position":1,"name":"Home","item":"https:\/\/graziamagazine.com\/mx\/"},{"@type":"ListItem","position":2,"name":"Zac Efron quiere interpretar a Matthew Perry en su biopic"}]},{"@type":"WebSite","@id":"https:\/\/graziamagazine.com\/mx\/#website","url":"https:\/\/graziamagazine.com\/mx\/","name":"Grazia M\u00e9xico y Latinoam\u00e9rica","description":"Grazia es moda, belleza y noticias  de actualidad ","potentialAction":[{"@type":"SearchAction","target":{"@type":"EntryPoint","urlTemplate":"https:\/\/graziamagazine.com\/mx\/?s={search_term_string}"},"query-input":"required name=search_term_string"}],"inLanguage":"es-MX"}]}},"jetpack_sharing_enabled":true,"distributor_meta":false,"distributor_terms":false,"distributor_media":false,"distributor_original_site_name":"Grazia M\u00e9xico y Latinoam\u00e9rica","distributor_original_site_url":"https:\/\/graziamagazine.com\/mx","push-errors":false,"_links":{"self":[{"href":"https:\/\/graziamagazine.com\/mx\/wp-json\/wp\/v2\/articles\/131272"}],"collection":[{"href":"https:\/\/graziamagazine.com\/mx\/wp-json\/wp\/v2\/articles"}],"about":[{"href":"https:\/\/graziamagazine.com\/mx\/wp-json\/wp\/v2\/types\/articles"}],"author":[{"embeddable":true,"href":"https:\/\/graziamagazine.com\/mx\/wp-json\/wp\/v2\/users\/11628"}],"wp:featuredmedia":[{"embeddable":true,"href":"https:\/\/graziamagazine.com\/mx\/wp-json\/wp\/v2\/media\/91122"}],"wp:attachment":[{"href":"https:\/\/graziamagazine.com\/mx\/wp-json\/wp\/v2\/media?parent=131272"}],"wp:term":[{"taxonomy":"category","embeddable":true,"href":"https:\/\/graziamagazine.com\/mx\/wp-json\/wp\/v2\/categories?post=131272"}],"curies":[{"name":"wp","href":"https:\/\/api.w.org\/{rel}","templated":true}]}}