{"id":131203,"date":"2023-11-09T11:12:44","date_gmt":"2023-11-09T16:12:44","guid":{"rendered":"https:\/\/graziamagazine.com\/mx\/?post_type=articles&#038;p=131203"},"modified":"2023-11-09T13:49:55","modified_gmt":"2023-11-09T18:49:55","slug":"lo-que-tienes-que-saber-de-totem-la-pelicula-que-representara-a-mexico-en-el-oscar","status":"publish","type":"articles","link":"https:\/\/graziamagazine.com\/mx\/articles\/lo-que-tienes-que-saber-de-totem-la-pelicula-que-representara-a-mexico-en-el-oscar\/","title":{"rendered":"Lo que tienes que saber de T\u00f3tem, la pel\u00edcula que representar\u00e1 a M\u00e9xico en el Oscar"},"content":{"rendered":"<p>En el escenario internacional del cine, <strong>M\u00e9xico<\/strong> siempre ha tenido un lugar especial con su rica tradici\u00f3n cinematogr\u00e1fica. Este a\u00f1o, la pel\u00edcula <strong>&#8220;T\u00f3tem&#8221;<\/strong> se presenta como la representante de M\u00e9xico en los<strong> premios Oscar<\/strong>.<\/p>\n<p>En el esplendor del s\u00e9ptimo arte, el Festival Internacional de <strong>Cine de Morelia<\/strong> se convierte en el epicentro de la creatividad y la excelencia cinematogr\u00e1fica. Este a\u00f1o, la pel\u00edcula &#8220;T\u00f3tem&#8221; ha emergido como un verdadero fen\u00f3meno, conquistando corazones y cosechando \u00e9xitos en este prestigioso festival.<\/p>\n<figure id=\"attachment_131209\" aria-describedby=\"caption-attachment-131209\" style=\"width: 717px\" class=\"wp-caption alignnone\"><img loading=\"lazy\" decoding=\"async\" class=\"size-large wp-image-131209\" src=\"https:\/\/graziamagazine.com\/mx\/wp-content\/uploads\/sites\/13\/2023\/11\/unnamed_2.jpg?w=717\" alt=\"Lo que tienes que saber de T\u00f3tem, la pel\u00edcula que representar\u00e1 a M\u00e9xico en el Oscar\" width=\"717\" height=\"1024\" \/><figcaption id=\"caption-attachment-131209\" class=\"wp-caption-text\">Lo que tienes que saber de T\u00f3tem, la pel\u00edcula que representar\u00e1 a M\u00e9xico en el Oscar<\/figcaption><\/figure>\n<p>El triunfo de &#8220;T\u00f3tem&#8221; en Morelia no solo es un logro para la pel\u00edcula individualmente, sino que tambi\u00e9n tiene significativas implicaciones para el cine mexicano en su conjunto. Refuerza la posici\u00f3n del pa\u00eds como un semillero de talento cinematogr\u00e1fico y destaca la diversidad y calidad de las producciones nacionales.<\/p>\n<p>La pel\u00edcula fue dirigida por <b>Lila Avil\u00e9s<\/b>, una cineasta mexicana que ha destacado por su enfoque distintivo y narrativas impactantes. La pel\u00edcula se sumerge en temas profundos y universales, llevando al p\u00fablico a un viaje emocional y reflexivo.<img loading=\"lazy\" decoding=\"async\" class=\"alignnone size-large wp-image-131207\" src=\"https:\/\/graziamagazine.com\/mx\/wp-content\/uploads\/sites\/13\/2023\/11\/Captura-de-Pantalla-2023-11-09-a-las-12.47.43.png?w=1024\" alt=\"\" width=\"1024\" height=\"774\" \/><\/p>\n<p>Parte del elenco esta confrormado por <strong>Na\u00edma Sent\u00edes<\/strong>,\u00a0<strong>Montserrat Mara\u00f1\u00f3n<\/strong>,<strong>\u00a0Marisol Gas\u00e9<\/strong>,\u00a0<strong>Saori Gurza<\/strong>,\u00a0<strong>Mateo Garc\u00eda Elizondo<\/strong>,\u00a0<strong>Teresita S\u00e1nchez<\/strong>,\u00a0<strong>Juan Francisco Maldonado<\/strong>,\u00a0<strong>Iazua Larios<\/strong>\u00a0y\u00a0<strong>Alberto Amador<\/strong>.<\/p>\n<p>Al ser la pel\u00edcula seleccionada para representar a M\u00e9xico en los premios Oscar, &#8220;T\u00f3tem&#8221; no solo es una creaci\u00f3n cinematogr\u00e1fica, sino tambi\u00e9n un embajador cultural. La pel\u00edcula lleva consigo la<strong> rica tradici\u00f3n y la diversidad de la cinematograf\u00eda mexicana<\/strong>, destacando la voz \u00fanica del pa\u00eds en la escena internacional.<\/p>\n<p>Desde la exploraci\u00f3n de la identidad hasta la conexi\u00f3n con la naturaleza, la pel\u00edcula invita a los espectadores a reflexionar sobre aspectos fundamentales de la existencia humana.<img loading=\"lazy\" decoding=\"async\" class=\"alignnone size-large wp-image-131208\" src=\"https:\/\/graziamagazine.com\/mx\/wp-content\/uploads\/sites\/13\/2023\/11\/Captura-de-Pantalla-2023-11-09-a-las-12.47.49.png?w=1024\" alt=\"\" width=\"1024\" height=\"774\" \/><\/p>\n<p>Como la representante oficial de M\u00e9xico en los premios Oscar, &#8220;T\u00f3tem&#8221; lleva consigo la responsabilidad y el honor de destacar en la categor\u00eda internacional. La pel\u00edcula no solo busca el reconocimiento, sino tambi\u00e9n <strong>abrir un di\u00e1logo sobre la riqueza del cine<\/strong> mexicano y su capacidad para abordar tem\u00e1ticas universales.<\/p>\n<p>Las expectativas en torno a &#8220;T\u00f3tem&#8221; han sido altas desde su selecci\u00f3n como la representante mexicana en los Oscar. Las reacciones iniciales de cr\u00edticos y espectadores sugieren que la pel\u00edcula<strong> ha logrado cautivar con su narrativa \u00fanica y su enfoque art\u00edstico<\/strong>. Sin embargo, la verdadera prueba llegar\u00e1 con su participaci\u00f3n en la ceremonia de los premios Oscar.<\/p>\n<p>&#8220;T\u00f3tem&#8221; representa no solo una pel\u00edcula, sino un testimonio del talento cinematogr\u00e1fico mexicano. Su viaje hacia los premios Oscar es un motivo de orgullo para la industria y los amantes del cine en M\u00e9xico. Estaremos atentos a la noche de los Oscar para ver si &#8220;T\u00f3tem&#8221; se convierte en la joya que brilla en la escena internacional.<\/p>\n<p><em><strong>*IMAGEN: Google Images<\/strong><\/em><\/p>\n","protected":false},"author":28953,"featured_media":131210,"template":"","format":"standard","categories":[114],"acf":[],"yoast_head":"<!-- This site is optimized with the Yoast SEO Premium plugin v18.5 (Yoast SEO v20.4) - https:\/\/yoast.com\/wordpress\/plugins\/seo\/ -->\n<title>Lo que tienes que saber de T\u00f3tem, la pel\u00edcula que representar\u00e1 a M\u00e9xico en el Oscar<\/title>\n<meta name=\"description\" content=\"El triunfo de &quot;T\u00f3tem&quot; en el Festival de Cine de Morelia es un testimonio de la excelencia del cine mexicano\" \/>\n<meta name=\"robots\" content=\"index, follow, max-snippet:-1, max-image-preview:large, max-video-preview:-1\" \/>\n<link rel=\"canonical\" href=\"https:\/\/graziamagazine.com\/mx\/articles\/lo-que-tienes-que-saber-de-totem-la-pelicula-que-representara-a-mexico-en-el-oscar\/\" \/>\n<meta property=\"og:locale\" content=\"es_MX\" \/>\n<meta property=\"og:type\" content=\"article\" \/>\n<meta property=\"og:title\" content=\"Lo que tienes que saber de T\u00f3tem, la pel\u00edcula que representar\u00e1 a M\u00e9xico en el Oscar\" \/>\n<meta property=\"og:description\" content=\"El triunfo de &quot;T\u00f3tem&quot; en el Festival de Cine de Morelia es un testimonio de la excelencia del cine mexicano\" \/>\n<meta property=\"og:url\" content=\"https:\/\/graziamagazine.com\/mx\/articles\/lo-que-tienes-que-saber-de-totem-la-pelicula-que-representara-a-mexico-en-el-oscar\/\" \/>\n<meta property=\"og:site_name\" content=\"Grazia M\u00e9xico y Latinoam\u00e9rica\" \/>\n<meta property=\"article:modified_time\" content=\"2023-11-09T18:49:55+00:00\" \/>\n<meta property=\"og:image\" content=\"https:\/\/graziamagazine.com\/mx\/wp-content\/uploads\/sites\/13\/2023\/11\/totem2.2023.berlinale.jpg\" \/>\n\t<meta property=\"og:image:width\" content=\"2875\" \/>\n\t<meta property=\"og:image:height\" content=\"1523\" \/>\n\t<meta property=\"og:image:type\" content=\"image\/jpeg\" \/>\n<meta name=\"twitter:card\" content=\"summary_large_image\" \/>\n<meta name=\"twitter:label1\" content=\"Est. reading time\" \/>\n\t<meta name=\"twitter:data1\" content=\"3 minutos\" \/>\n<script type=\"application\/ld+json\" class=\"yoast-schema-graph\">{\"@context\":\"https:\/\/schema.org\",\"@graph\":[{\"@type\":\"WebPage\",\"@id\":\"https:\/\/graziamagazine.com\/mx\/articles\/lo-que-tienes-que-saber-de-totem-la-pelicula-que-representara-a-mexico-en-el-oscar\/\",\"url\":\"https:\/\/graziamagazine.com\/mx\/articles\/lo-que-tienes-que-saber-de-totem-la-pelicula-que-representara-a-mexico-en-el-oscar\/\",\"name\":\"Lo que tienes que saber de T\u00f3tem, la pel\u00edcula que representar\u00e1 a M\u00e9xico en el Oscar\",\"isPartOf\":{\"@id\":\"https:\/\/graziamagazine.com\/mx\/#website\"},\"datePublished\":\"2023-11-09T16:12:44+00:00\",\"dateModified\":\"2023-11-09T18:49:55+00:00\",\"description\":\"El triunfo de \\\"T\u00f3tem\\\" en el Festival de Cine de Morelia es un testimonio de la excelencia del cine mexicano\",\"breadcrumb\":{\"@id\":\"https:\/\/graziamagazine.com\/mx\/articles\/lo-que-tienes-que-saber-de-totem-la-pelicula-que-representara-a-mexico-en-el-oscar\/#breadcrumb\"},\"inLanguage\":\"es-MX\",\"potentialAction\":[{\"@type\":\"ReadAction\",\"target\":[\"https:\/\/graziamagazine.com\/mx\/articles\/lo-que-tienes-que-saber-de-totem-la-pelicula-que-representara-a-mexico-en-el-oscar\/\"]}]},{\"@type\":\"BreadcrumbList\",\"@id\":\"https:\/\/graziamagazine.com\/mx\/articles\/lo-que-tienes-que-saber-de-totem-la-pelicula-que-representara-a-mexico-en-el-oscar\/#breadcrumb\",\"itemListElement\":[{\"@type\":\"ListItem\",\"position\":1,\"name\":\"Home\",\"item\":\"https:\/\/graziamagazine.com\/mx\/\"},{\"@type\":\"ListItem\",\"position\":2,\"name\":\"Lo que tienes que saber de T\u00f3tem, la pel\u00edcula que representar\u00e1 a M\u00e9xico en el Oscar\"}]},{\"@type\":\"WebSite\",\"@id\":\"https:\/\/graziamagazine.com\/mx\/#website\",\"url\":\"https:\/\/graziamagazine.com\/mx\/\",\"name\":\"Grazia M\u00e9xico y Latinoam\u00e9rica\",\"description\":\"Grazia es moda, belleza y noticias  de actualidad \",\"potentialAction\":[{\"@type\":\"SearchAction\",\"target\":{\"@type\":\"EntryPoint\",\"urlTemplate\":\"https:\/\/graziamagazine.com\/mx\/?s={search_term_string}\"},\"query-input\":\"required name=search_term_string\"}],\"inLanguage\":\"es-MX\"}]}<\/script>\n<!-- \/ Yoast SEO Premium plugin. -->","yoast_head_json":{"title":"Lo que tienes que saber de T\u00f3tem, la pel\u00edcula que representar\u00e1 a M\u00e9xico en el Oscar","description":"El triunfo de \"T\u00f3tem\" en el Festival de Cine de Morelia es un testimonio de la excelencia del cine mexicano","robots":{"index":"index","follow":"follow","max-snippet":"max-snippet:-1","max-image-preview":"max-image-preview:large","max-video-preview":"max-video-preview:-1"},"canonical":"https:\/\/graziamagazine.com\/mx\/articles\/lo-que-tienes-que-saber-de-totem-la-pelicula-que-representara-a-mexico-en-el-oscar\/","og_locale":"es_MX","og_type":"article","og_title":"Lo que tienes que saber de T\u00f3tem, la pel\u00edcula que representar\u00e1 a M\u00e9xico en el Oscar","og_description":"El triunfo de \"T\u00f3tem\" en el Festival de Cine de Morelia es un testimonio de la excelencia del cine mexicano","og_url":"https:\/\/graziamagazine.com\/mx\/articles\/lo-que-tienes-que-saber-de-totem-la-pelicula-que-representara-a-mexico-en-el-oscar\/","og_site_name":"Grazia M\u00e9xico y Latinoam\u00e9rica","article_modified_time":"2023-11-09T18:49:55+00:00","og_image":[{"width":2875,"height":1523,"url":"https:\/\/graziamagazine.com\/mx\/wp-content\/uploads\/sites\/13\/2023\/11\/totem2.2023.berlinale.jpg","type":"image\/jpeg"}],"twitter_card":"summary_large_image","twitter_misc":{"Est. reading time":"3 minutos"},"schema":{"@context":"https:\/\/schema.org","@graph":[{"@type":"WebPage","@id":"https:\/\/graziamagazine.com\/mx\/articles\/lo-que-tienes-que-saber-de-totem-la-pelicula-que-representara-a-mexico-en-el-oscar\/","url":"https:\/\/graziamagazine.com\/mx\/articles\/lo-que-tienes-que-saber-de-totem-la-pelicula-que-representara-a-mexico-en-el-oscar\/","name":"Lo que tienes que saber de T\u00f3tem, la pel\u00edcula que representar\u00e1 a M\u00e9xico en el Oscar","isPartOf":{"@id":"https:\/\/graziamagazine.com\/mx\/#website"},"datePublished":"2023-11-09T16:12:44+00:00","dateModified":"2023-11-09T18:49:55+00:00","description":"El triunfo de \"T\u00f3tem\" en el Festival de Cine de Morelia es un testimonio de la excelencia del cine mexicano","breadcrumb":{"@id":"https:\/\/graziamagazine.com\/mx\/articles\/lo-que-tienes-que-saber-de-totem-la-pelicula-que-representara-a-mexico-en-el-oscar\/#breadcrumb"},"inLanguage":"es-MX","potentialAction":[{"@type":"ReadAction","target":["https:\/\/graziamagazine.com\/mx\/articles\/lo-que-tienes-que-saber-de-totem-la-pelicula-que-representara-a-mexico-en-el-oscar\/"]}]},{"@type":"BreadcrumbList","@id":"https:\/\/graziamagazine.com\/mx\/articles\/lo-que-tienes-que-saber-de-totem-la-pelicula-que-representara-a-mexico-en-el-oscar\/#breadcrumb","itemListElement":[{"@type":"ListItem","position":1,"name":"Home","item":"https:\/\/graziamagazine.com\/mx\/"},{"@type":"ListItem","position":2,"name":"Lo que tienes que saber de T\u00f3tem, la pel\u00edcula que representar\u00e1 a M\u00e9xico en el Oscar"}]},{"@type":"WebSite","@id":"https:\/\/graziamagazine.com\/mx\/#website","url":"https:\/\/graziamagazine.com\/mx\/","name":"Grazia M\u00e9xico y Latinoam\u00e9rica","description":"Grazia es moda, belleza y noticias  de actualidad ","potentialAction":[{"@type":"SearchAction","target":{"@type":"EntryPoint","urlTemplate":"https:\/\/graziamagazine.com\/mx\/?s={search_term_string}"},"query-input":"required name=search_term_string"}],"inLanguage":"es-MX"}]}},"jetpack_sharing_enabled":true,"distributor_meta":false,"distributor_terms":false,"distributor_media":false,"distributor_original_site_name":"Grazia M\u00e9xico y Latinoam\u00e9rica","distributor_original_site_url":"https:\/\/graziamagazine.com\/mx","push-errors":false,"_links":{"self":[{"href":"https:\/\/graziamagazine.com\/mx\/wp-json\/wp\/v2\/articles\/131203"}],"collection":[{"href":"https:\/\/graziamagazine.com\/mx\/wp-json\/wp\/v2\/articles"}],"about":[{"href":"https:\/\/graziamagazine.com\/mx\/wp-json\/wp\/v2\/types\/articles"}],"author":[{"embeddable":true,"href":"https:\/\/graziamagazine.com\/mx\/wp-json\/wp\/v2\/users\/28953"}],"wp:featuredmedia":[{"embeddable":true,"href":"https:\/\/graziamagazine.com\/mx\/wp-json\/wp\/v2\/media\/131210"}],"wp:attachment":[{"href":"https:\/\/graziamagazine.com\/mx\/wp-json\/wp\/v2\/media?parent=131203"}],"wp:term":[{"taxonomy":"category","embeddable":true,"href":"https:\/\/graziamagazine.com\/mx\/wp-json\/wp\/v2\/categories?post=131203"}],"curies":[{"name":"wp","href":"https:\/\/api.w.org\/{rel}","templated":true}]}}