{"id":131151,"date":"2023-11-08T13:03:04","date_gmt":"2023-11-08T18:03:04","guid":{"rendered":"https:\/\/graziamagazine.com\/mx\/?post_type=articles&#038;p=131151"},"modified":"2023-11-08T13:06:06","modified_gmt":"2023-11-08T18:06:06","slug":"mattman-el-proyecto-que-matthew-perry-tenia-en-mente-antes-de-morir","status":"publish","type":"articles","link":"https:\/\/graziamagazine.com\/mx\/articles\/mattman-el-proyecto-que-matthew-perry-tenia-en-mente-antes-de-morir\/","title":{"rendered":"\u2018Mattman\u2019, el proyecto que Matthew Perry ten\u00eda en mente antes de morir"},"content":{"rendered":"<p><span style=\"font-weight: 400\"><strong>Matthew Perry<\/strong> imagin\u00f3 protagonizar un proyecto autobiogr\u00e1fico de superh\u00e9roe, as\u00ed que se lo present\u00f3 a <strong>Adam McKay<\/strong>, director de <em><strong>Don&#8217;t Look Up.<\/strong> <\/em>Sin embargo, el director le hizo una contrapropuesta que no fue del agrado del actor.<\/span><\/p>\n<p><span style=\"font-weight: 400\"><em><strong>Mattman<\/strong> <\/em>era el nombre del proyecto en el que <a href=\"https:\/\/graziamagazine.com\/mx\/articles\/friends-resucita-tras-la-muerte-de-matthew-perry\/\">Matthew<\/a> estaba trabajando y ahora, tras su muerte el pasado mes de octubre, McKay ha decidido revelar la informaci\u00f3n de sus conversaciones.<\/span><\/p>\n<p><span style=\"font-weight: 400\">&#8220;Se trata de este tipo&#8221;, explic\u00f3 McKay a <em>The Hollywood Reporter.<\/em> &#8220;Lo reconocer\u00edas. Su nombre es Matt y es muy famoso y tiene unos 50 a\u00f1os. Su vida es un poco un desastre. Est\u00e1 perdido. De la nada, un pariente lejano muere y le deja $2 mil millones, y \u00e9l lo usa para convertirse en un superh\u00e9roe&#8221;.<\/span><\/p>\n<p><span style=\"font-weight: 400\">&#8220;Cualquier idea cinematogr\u00e1fica es como si alguien te contara su sue\u00f1o. Y obviamente hay un significado detr\u00e1s de esto. Y cuando escuch\u00e9 esa idea, pens\u00e9: &#8216;Oh, es interesante que esa sea la idea que \u00e9l quiere hacer'&#8221;, a\u00f1adi\u00f3 el director en la entrevista.<\/span><\/p>\n<p><span style=\"font-weight: 400\">Perry, que era un gran fan\u00e1tico de <strong>Batman<\/strong>, quer\u00eda interpretar el papel \u00e9l mismo, pero no estaba seguro de si deber\u00eda ser una serie o una pel\u00edcula.<\/span><\/p>\n<p><span style=\"font-weight: 400\">McKay le respondi\u00f3 proponiendo otra idea, cont\u00f3 el cineasta: &#8220;Mi idea era simplemente hacer un programa sobre c\u00f3mo soy este tipo de televisi\u00f3n incre\u00edblemente popular y conocido que est\u00e1 lidiando con la adicci\u00f3n. Porque el mundo ha cambiado. De hecho, podr\u00edas hacer ese programa ahora. Hace diez a\u00f1os, la gente habr\u00eda dicho que est\u00e1s loco. Pero ahora la gente puede ser m\u00e1s sincera sobre sus problemas de salud mental, sus problemas de adicci\u00f3n, y es algo maravilloso&#8221;.<\/span><\/p>\n<p><span style=\"font-weight: 400\">Entonces, le sugiri\u00f3 a Matthew que &#8220;hicieran un programa que fuera una versi\u00f3n ficticia de aquello con lo que has luchado&#8221;.<\/span><\/p>\n<p><span style=\"font-weight: 400\">Le propuso centrarse en &#8220;la idea de que dondequiera que vayas, la gente grita tus frases un poco de tu pasado, la adicci\u00f3n, c\u00f3mo es, porque todos te ven a trav\u00e9s de esta lente de este espect\u00e1culo alegre, brillante y multicolor. Y luego , mientras tanto, eres un ser humano que est\u00e1 lidiando con una adicci\u00f3n real, un dolor real&#8221;.<\/span><\/p>\n<p><span style=\"font-weight: 400\">&#8220;Podr\u00eda ser un espect\u00e1culo incre\u00edble. Podr\u00eda ser realmente divertido. Realmente podr\u00eda afectar la vida de las personas&#8221;, agreg\u00f3.<\/span><\/p>\n<p><span style=\"font-weight: 400\">Pero al actor no le gust\u00f3 la idea y McKay entendi\u00f3 que Perry &#8220;no era el tipo al que le impones algo. As\u00ed que yo dije: &#8216;Est\u00e1 bien'&#8221;.<\/span><\/p>\n","protected":false},"author":11628,"featured_media":130908,"template":"","format":"standard","categories":[2,12832],"acf":[],"yoast_head":"<!-- This site is optimized with the Yoast SEO Premium plugin v18.5 (Yoast SEO v20.4) - https:\/\/yoast.com\/wordpress\/plugins\/seo\/ -->\n<title>\u2018Mattman\u2019, el proyecto que Matthew Perry ten\u00eda en mente antes de morir | Grazia M\u00e9xico y Latinoam\u00e9rica<\/title>\n<meta name=\"description\" content=\"Matthew Perry imagin\u00f3 protagonizar un proyecto autobiogr\u00e1fico de superh\u00e9roe, as\u00ed que se lo present\u00f3 a Adam McKay, director de Don&#039;t Look Up. Sin embargo,\" \/>\n<meta name=\"robots\" content=\"index, follow, max-snippet:-1, max-image-preview:large, max-video-preview:-1\" \/>\n<link rel=\"canonical\" href=\"https:\/\/graziamagazine.com\/mx\/articles\/mattman-el-proyecto-que-matthew-perry-tenia-en-mente-antes-de-morir\/\" \/>\n<meta property=\"og:locale\" content=\"es_MX\" \/>\n<meta property=\"og:type\" content=\"article\" \/>\n<meta property=\"og:title\" content=\"\u2018Mattman\u2019, el proyecto que Matthew Perry ten\u00eda en mente antes de morir\" \/>\n<meta property=\"og:description\" content=\"Matthew Perry imagin\u00f3 protagonizar un proyecto autobiogr\u00e1fico de superh\u00e9roe, as\u00ed que se lo present\u00f3 a Adam McKay, director de Don&#039;t Look Up. Sin embargo,\" \/>\n<meta property=\"og:url\" content=\"https:\/\/graziamagazine.com\/mx\/articles\/mattman-el-proyecto-que-matthew-perry-tenia-en-mente-antes-de-morir\/\" \/>\n<meta property=\"og:site_name\" content=\"Grazia M\u00e9xico y Latinoam\u00e9rica\" \/>\n<meta property=\"article:modified_time\" content=\"2023-11-08T18:06:06+00:00\" \/>\n<meta property=\"og:image\" content=\"https:\/\/graziamagazine.com\/mx\/wp-content\/uploads\/sites\/13\/2023\/10\/matthew-perry_69.jpg\" \/>\n\t<meta property=\"og:image:width\" content=\"1280\" \/>\n\t<meta property=\"og:image:height\" content=\"720\" \/>\n\t<meta property=\"og:image:type\" content=\"image\/jpeg\" \/>\n<meta name=\"twitter:card\" content=\"summary_large_image\" \/>\n<meta name=\"twitter:label1\" content=\"Est. reading time\" \/>\n\t<meta name=\"twitter:data1\" content=\"2 minutos\" \/>\n<script type=\"application\/ld+json\" class=\"yoast-schema-graph\">{\"@context\":\"https:\/\/schema.org\",\"@graph\":[{\"@type\":\"WebPage\",\"@id\":\"https:\/\/graziamagazine.com\/mx\/articles\/mattman-el-proyecto-que-matthew-perry-tenia-en-mente-antes-de-morir\/\",\"url\":\"https:\/\/graziamagazine.com\/mx\/articles\/mattman-el-proyecto-que-matthew-perry-tenia-en-mente-antes-de-morir\/\",\"name\":\"\u2018Mattman\u2019, el proyecto que Matthew Perry ten\u00eda en mente antes de morir | Grazia M\u00e9xico y Latinoam\u00e9rica\",\"isPartOf\":{\"@id\":\"https:\/\/graziamagazine.com\/mx\/#website\"},\"datePublished\":\"2023-11-08T18:03:04+00:00\",\"dateModified\":\"2023-11-08T18:06:06+00:00\",\"description\":\"Matthew Perry imagin\u00f3 protagonizar un proyecto autobiogr\u00e1fico de superh\u00e9roe, as\u00ed que se lo present\u00f3 a Adam McKay, director de Don't Look Up. Sin embargo,\",\"breadcrumb\":{\"@id\":\"https:\/\/graziamagazine.com\/mx\/articles\/mattman-el-proyecto-que-matthew-perry-tenia-en-mente-antes-de-morir\/#breadcrumb\"},\"inLanguage\":\"es-MX\",\"potentialAction\":[{\"@type\":\"ReadAction\",\"target\":[\"https:\/\/graziamagazine.com\/mx\/articles\/mattman-el-proyecto-que-matthew-perry-tenia-en-mente-antes-de-morir\/\"]}]},{\"@type\":\"BreadcrumbList\",\"@id\":\"https:\/\/graziamagazine.com\/mx\/articles\/mattman-el-proyecto-que-matthew-perry-tenia-en-mente-antes-de-morir\/#breadcrumb\",\"itemListElement\":[{\"@type\":\"ListItem\",\"position\":1,\"name\":\"Home\",\"item\":\"https:\/\/graziamagazine.com\/mx\/\"},{\"@type\":\"ListItem\",\"position\":2,\"name\":\"\u2018Mattman\u2019, el proyecto que Matthew Perry ten\u00eda en mente antes de morir\"}]},{\"@type\":\"WebSite\",\"@id\":\"https:\/\/graziamagazine.com\/mx\/#website\",\"url\":\"https:\/\/graziamagazine.com\/mx\/\",\"name\":\"Grazia M\u00e9xico y Latinoam\u00e9rica\",\"description\":\"Grazia es moda, belleza y noticias  de actualidad \",\"potentialAction\":[{\"@type\":\"SearchAction\",\"target\":{\"@type\":\"EntryPoint\",\"urlTemplate\":\"https:\/\/graziamagazine.com\/mx\/?s={search_term_string}\"},\"query-input\":\"required name=search_term_string\"}],\"inLanguage\":\"es-MX\"}]}<\/script>\n<!-- \/ Yoast SEO Premium plugin. -->","yoast_head_json":{"title":"\u2018Mattman\u2019, el proyecto que Matthew Perry ten\u00eda en mente antes de morir | Grazia M\u00e9xico y Latinoam\u00e9rica","description":"Matthew Perry imagin\u00f3 protagonizar un proyecto autobiogr\u00e1fico de superh\u00e9roe, as\u00ed que se lo present\u00f3 a Adam McKay, director de Don't Look Up. Sin embargo,","robots":{"index":"index","follow":"follow","max-snippet":"max-snippet:-1","max-image-preview":"max-image-preview:large","max-video-preview":"max-video-preview:-1"},"canonical":"https:\/\/graziamagazine.com\/mx\/articles\/mattman-el-proyecto-que-matthew-perry-tenia-en-mente-antes-de-morir\/","og_locale":"es_MX","og_type":"article","og_title":"\u2018Mattman\u2019, el proyecto que Matthew Perry ten\u00eda en mente antes de morir","og_description":"Matthew Perry imagin\u00f3 protagonizar un proyecto autobiogr\u00e1fico de superh\u00e9roe, as\u00ed que se lo present\u00f3 a Adam McKay, director de Don't Look Up. Sin embargo,","og_url":"https:\/\/graziamagazine.com\/mx\/articles\/mattman-el-proyecto-que-matthew-perry-tenia-en-mente-antes-de-morir\/","og_site_name":"Grazia M\u00e9xico y Latinoam\u00e9rica","article_modified_time":"2023-11-08T18:06:06+00:00","og_image":[{"width":1280,"height":720,"url":"https:\/\/graziamagazine.com\/mx\/wp-content\/uploads\/sites\/13\/2023\/10\/matthew-perry_69.jpg","type":"image\/jpeg"}],"twitter_card":"summary_large_image","twitter_misc":{"Est. reading time":"2 minutos"},"schema":{"@context":"https:\/\/schema.org","@graph":[{"@type":"WebPage","@id":"https:\/\/graziamagazine.com\/mx\/articles\/mattman-el-proyecto-que-matthew-perry-tenia-en-mente-antes-de-morir\/","url":"https:\/\/graziamagazine.com\/mx\/articles\/mattman-el-proyecto-que-matthew-perry-tenia-en-mente-antes-de-morir\/","name":"\u2018Mattman\u2019, el proyecto que Matthew Perry ten\u00eda en mente antes de morir | Grazia M\u00e9xico y Latinoam\u00e9rica","isPartOf":{"@id":"https:\/\/graziamagazine.com\/mx\/#website"},"datePublished":"2023-11-08T18:03:04+00:00","dateModified":"2023-11-08T18:06:06+00:00","description":"Matthew Perry imagin\u00f3 protagonizar un proyecto autobiogr\u00e1fico de superh\u00e9roe, as\u00ed que se lo present\u00f3 a Adam McKay, director de Don't Look Up. Sin embargo,","breadcrumb":{"@id":"https:\/\/graziamagazine.com\/mx\/articles\/mattman-el-proyecto-que-matthew-perry-tenia-en-mente-antes-de-morir\/#breadcrumb"},"inLanguage":"es-MX","potentialAction":[{"@type":"ReadAction","target":["https:\/\/graziamagazine.com\/mx\/articles\/mattman-el-proyecto-que-matthew-perry-tenia-en-mente-antes-de-morir\/"]}]},{"@type":"BreadcrumbList","@id":"https:\/\/graziamagazine.com\/mx\/articles\/mattman-el-proyecto-que-matthew-perry-tenia-en-mente-antes-de-morir\/#breadcrumb","itemListElement":[{"@type":"ListItem","position":1,"name":"Home","item":"https:\/\/graziamagazine.com\/mx\/"},{"@type":"ListItem","position":2,"name":"\u2018Mattman\u2019, el proyecto que Matthew Perry ten\u00eda en mente antes de morir"}]},{"@type":"WebSite","@id":"https:\/\/graziamagazine.com\/mx\/#website","url":"https:\/\/graziamagazine.com\/mx\/","name":"Grazia M\u00e9xico y Latinoam\u00e9rica","description":"Grazia es moda, belleza y noticias  de actualidad ","potentialAction":[{"@type":"SearchAction","target":{"@type":"EntryPoint","urlTemplate":"https:\/\/graziamagazine.com\/mx\/?s={search_term_string}"},"query-input":"required name=search_term_string"}],"inLanguage":"es-MX"}]}},"jetpack_sharing_enabled":true,"distributor_meta":false,"distributor_terms":false,"distributor_media":false,"distributor_original_site_name":"Grazia M\u00e9xico y Latinoam\u00e9rica","distributor_original_site_url":"https:\/\/graziamagazine.com\/mx","push-errors":false,"_links":{"self":[{"href":"https:\/\/graziamagazine.com\/mx\/wp-json\/wp\/v2\/articles\/131151"}],"collection":[{"href":"https:\/\/graziamagazine.com\/mx\/wp-json\/wp\/v2\/articles"}],"about":[{"href":"https:\/\/graziamagazine.com\/mx\/wp-json\/wp\/v2\/types\/articles"}],"author":[{"embeddable":true,"href":"https:\/\/graziamagazine.com\/mx\/wp-json\/wp\/v2\/users\/11628"}],"wp:featuredmedia":[{"embeddable":true,"href":"https:\/\/graziamagazine.com\/mx\/wp-json\/wp\/v2\/media\/130908"}],"wp:attachment":[{"href":"https:\/\/graziamagazine.com\/mx\/wp-json\/wp\/v2\/media?parent=131151"}],"wp:term":[{"taxonomy":"category","embeddable":true,"href":"https:\/\/graziamagazine.com\/mx\/wp-json\/wp\/v2\/categories?post=131151"}],"curies":[{"name":"wp","href":"https:\/\/api.w.org\/{rel}","templated":true}]}}