{"id":13115,"date":"2017-01-03T17:30:45","date_gmt":"2017-01-03T23:30:45","guid":{"rendered":"https:\/\/graziamagazine.com\/mx\/?p=12725"},"modified":"2017-01-03T17:45:09","modified_gmt":"2017-01-03T23:45:09","slug":"montblanc-y-su-homenaje-a-miles-davis","status":"publish","type":"articles","link":"https:\/\/graziamagazine.com\/mx\/articles\/montblanc-y-su-homenaje-a-miles-davis\/","title":{"rendered":"MONTBLANC Y SU HOMENAJE A MILES DAVIS"},"content":{"rendered":"<p><b>La nueva edici\u00f3n especial de la colecci\u00f3n Great Characters celebra al legendario trompetista.<\/b><!--more--><\/p>\n<p>\u2013\u2013\u2013\u2013<\/p>\n<p>&nbsp;<\/p>\n<p><span style=\"font-weight: 400;\">Uno de los personajes que fueron hito en la historia del jazz es Miles Dewey Davis. Para la colecci\u00f3n Great Characters, Montblanc rinde especial tributo al trompetista con una pluma estilogr\u00e1fica disponible en tres versiones: edici\u00f3n especial, edici\u00f3n limitada 1926 y la edici\u00f3n Artisan LE90.<\/span><\/p>\n<p><span style=\"font-weight: 400;\">Su forma se inspira en el instrumento que lo hiciera famoso a la vez que cuenta la historia del m\u00fasico. La contera \u2013inspirada en la embocadura especial \u2018Heim\u2019 que \u00e9l usaba\u2013 se ti\u00f1e de azul para evocar a &#8220;Kind of Blue&#8221;, uno de los mejores \u00e1lbumes de jazz de todos los tiempos, mientras que el motivo del capuch\u00f3n y el dep\u00f3sito, rememora al Jazz Fusion, Modal Jazz, Hard Bop, Cool Jazz y Bebop. <\/span><\/p>\n<p>&nbsp;<\/p>\n<p><span style=\"font-weight: 400;\">Finalmente, el anillo del capuch\u00f3n tiene grabado el a\u00f1o \u20182006\u2019, cuando ingres\u00f3 al paseo de la fama del Rock &#8216;n Roll y el plum\u00edn de oro 585 luce grabada su silueta. Un verdadero deleite para quienes adem\u00e1s de seguir la trayectoria del artista, buscan una pieza de colecci\u00f3n \u00fanica.<\/span><\/p>\n<p>&nbsp;<\/p>\n<p><!--[gallery size=\"large\" ids=\"12734,12730,12731,12729,12732,12733\"]--><\/p>\n","protected":false},"author":11636,"featured_media":0,"template":"","format":"standard","categories":[],"acf":[],"yoast_head":"<!-- This site is optimized with the Yoast SEO Premium plugin v18.5 (Yoast SEO v20.4) - https:\/\/yoast.com\/wordpress\/plugins\/seo\/ -->\n<title>MONTBLANC Y SU HOMENAJE A MILES DAVIS | Grazia M\u00e9xico y Latinoam\u00e9rica<\/title>\n<meta name=\"description\" content=\"La nueva edici\u00f3n especial de la colecci\u00f3n Great Characters celebra al legendario trompetista. \u2013\u2013\u2013\u2013 &nbsp; Uno de los personajes que fueron hito en la\" \/>\n<meta name=\"robots\" content=\"index, follow, max-snippet:-1, max-image-preview:large, max-video-preview:-1\" \/>\n<link rel=\"canonical\" href=\"https:\/\/graziamagazine.com\/mx\/articles\/montblanc-y-su-homenaje-a-miles-davis\/\" \/>\n<meta property=\"og:locale\" content=\"es_MX\" \/>\n<meta property=\"og:type\" content=\"article\" \/>\n<meta property=\"og:title\" content=\"MONTBLANC Y SU HOMENAJE A MILES DAVIS\" \/>\n<meta property=\"og:description\" content=\"La nueva edici\u00f3n especial de la colecci\u00f3n Great Characters celebra al legendario trompetista. \u2013\u2013\u2013\u2013 &nbsp; Uno de los personajes que fueron hito en la\" \/>\n<meta property=\"og:url\" content=\"https:\/\/graziamagazine.com\/mx\/articles\/montblanc-y-su-homenaje-a-miles-davis\/\" \/>\n<meta property=\"og:site_name\" content=\"Grazia M\u00e9xico y Latinoam\u00e9rica\" \/>\n<meta property=\"article:modified_time\" content=\"2017-01-03T23:45:09+00:00\" \/>\n<meta property=\"og:image\" content=\"https:\/\/graziamagazine.com\/mx\/wp-content\/uploads\/sites\/13\/2017\/01\/Hailey-Baldwin-Guess-35th-Anniversary-Campaign-3.jpg\" \/>\n<meta name=\"twitter:card\" content=\"summary_large_image\" \/>\n<meta name=\"twitter:label1\" content=\"Est. reading time\" \/>\n\t<meta name=\"twitter:data1\" content=\"1 minuto\" \/>\n<script type=\"application\/ld+json\" class=\"yoast-schema-graph\">{\"@context\":\"https:\/\/schema.org\",\"@graph\":[{\"@type\":\"WebPage\",\"@id\":\"https:\/\/graziamagazine.com\/mx\/articles\/montblanc-y-su-homenaje-a-miles-davis\/\",\"url\":\"https:\/\/graziamagazine.com\/mx\/articles\/montblanc-y-su-homenaje-a-miles-davis\/\",\"name\":\"MONTBLANC Y SU HOMENAJE A MILES DAVIS | Grazia M\u00e9xico y Latinoam\u00e9rica\",\"isPartOf\":{\"@id\":\"https:\/\/graziamagazine.com\/mx\/#website\"},\"datePublished\":\"2017-01-03T23:30:45+00:00\",\"dateModified\":\"2017-01-03T23:45:09+00:00\",\"description\":\"La nueva edici\u00f3n especial de la colecci\u00f3n Great Characters celebra al legendario trompetista. \u2013\u2013\u2013\u2013 &nbsp; Uno de los personajes que fueron hito en la\",\"breadcrumb\":{\"@id\":\"https:\/\/graziamagazine.com\/mx\/articles\/montblanc-y-su-homenaje-a-miles-davis\/#breadcrumb\"},\"inLanguage\":\"es-MX\",\"potentialAction\":[{\"@type\":\"ReadAction\",\"target\":[\"https:\/\/graziamagazine.com\/mx\/articles\/montblanc-y-su-homenaje-a-miles-davis\/\"]}]},{\"@type\":\"BreadcrumbList\",\"@id\":\"https:\/\/graziamagazine.com\/mx\/articles\/montblanc-y-su-homenaje-a-miles-davis\/#breadcrumb\",\"itemListElement\":[{\"@type\":\"ListItem\",\"position\":1,\"name\":\"Home\",\"item\":\"https:\/\/graziamagazine.com\/mx\/\"},{\"@type\":\"ListItem\",\"position\":2,\"name\":\"MONTBLANC Y SU HOMENAJE A MILES DAVIS\"}]},{\"@type\":\"WebSite\",\"@id\":\"https:\/\/graziamagazine.com\/mx\/#website\",\"url\":\"https:\/\/graziamagazine.com\/mx\/\",\"name\":\"Grazia M\u00e9xico y Latinoam\u00e9rica\",\"description\":\"Grazia es moda, belleza y noticias  de actualidad \",\"potentialAction\":[{\"@type\":\"SearchAction\",\"target\":{\"@type\":\"EntryPoint\",\"urlTemplate\":\"https:\/\/graziamagazine.com\/mx\/?s={search_term_string}\"},\"query-input\":\"required name=search_term_string\"}],\"inLanguage\":\"es-MX\"}]}<\/script>\n<!-- \/ Yoast SEO Premium plugin. -->","yoast_head_json":{"title":"MONTBLANC Y SU HOMENAJE A MILES DAVIS | Grazia M\u00e9xico y Latinoam\u00e9rica","description":"La nueva edici\u00f3n especial de la colecci\u00f3n Great Characters celebra al legendario trompetista. \u2013\u2013\u2013\u2013 &nbsp; Uno de los personajes que fueron hito en la","robots":{"index":"index","follow":"follow","max-snippet":"max-snippet:-1","max-image-preview":"max-image-preview:large","max-video-preview":"max-video-preview:-1"},"canonical":"https:\/\/graziamagazine.com\/mx\/articles\/montblanc-y-su-homenaje-a-miles-davis\/","og_locale":"es_MX","og_type":"article","og_title":"MONTBLANC Y SU HOMENAJE A MILES DAVIS","og_description":"La nueva edici\u00f3n especial de la colecci\u00f3n Great Characters celebra al legendario trompetista. \u2013\u2013\u2013\u2013 &nbsp; Uno de los personajes que fueron hito en la","og_url":"https:\/\/graziamagazine.com\/mx\/articles\/montblanc-y-su-homenaje-a-miles-davis\/","og_site_name":"Grazia M\u00e9xico y Latinoam\u00e9rica","article_modified_time":"2017-01-03T23:45:09+00:00","og_image":[{"url":"https:\/\/graziamagazine.com\/mx\/wp-content\/uploads\/sites\/13\/2017\/01\/Hailey-Baldwin-Guess-35th-Anniversary-Campaign-3.jpg"}],"twitter_card":"summary_large_image","twitter_misc":{"Est. reading time":"1 minuto"},"schema":{"@context":"https:\/\/schema.org","@graph":[{"@type":"WebPage","@id":"https:\/\/graziamagazine.com\/mx\/articles\/montblanc-y-su-homenaje-a-miles-davis\/","url":"https:\/\/graziamagazine.com\/mx\/articles\/montblanc-y-su-homenaje-a-miles-davis\/","name":"MONTBLANC Y SU HOMENAJE A MILES DAVIS | Grazia M\u00e9xico y Latinoam\u00e9rica","isPartOf":{"@id":"https:\/\/graziamagazine.com\/mx\/#website"},"datePublished":"2017-01-03T23:30:45+00:00","dateModified":"2017-01-03T23:45:09+00:00","description":"La nueva edici\u00f3n especial de la colecci\u00f3n Great Characters celebra al legendario trompetista. \u2013\u2013\u2013\u2013 &nbsp; Uno de los personajes que fueron hito en la","breadcrumb":{"@id":"https:\/\/graziamagazine.com\/mx\/articles\/montblanc-y-su-homenaje-a-miles-davis\/#breadcrumb"},"inLanguage":"es-MX","potentialAction":[{"@type":"ReadAction","target":["https:\/\/graziamagazine.com\/mx\/articles\/montblanc-y-su-homenaje-a-miles-davis\/"]}]},{"@type":"BreadcrumbList","@id":"https:\/\/graziamagazine.com\/mx\/articles\/montblanc-y-su-homenaje-a-miles-davis\/#breadcrumb","itemListElement":[{"@type":"ListItem","position":1,"name":"Home","item":"https:\/\/graziamagazine.com\/mx\/"},{"@type":"ListItem","position":2,"name":"MONTBLANC Y SU HOMENAJE A MILES DAVIS"}]},{"@type":"WebSite","@id":"https:\/\/graziamagazine.com\/mx\/#website","url":"https:\/\/graziamagazine.com\/mx\/","name":"Grazia M\u00e9xico y Latinoam\u00e9rica","description":"Grazia es moda, belleza y noticias  de actualidad ","potentialAction":[{"@type":"SearchAction","target":{"@type":"EntryPoint","urlTemplate":"https:\/\/graziamagazine.com\/mx\/?s={search_term_string}"},"query-input":"required name=search_term_string"}],"inLanguage":"es-MX"}]}},"jetpack_sharing_enabled":true,"distributor_meta":false,"distributor_terms":false,"distributor_media":false,"distributor_original_site_name":"Grazia M\u00e9xico y Latinoam\u00e9rica","distributor_original_site_url":"https:\/\/graziamagazine.com\/mx","push-errors":false,"_links":{"self":[{"href":"https:\/\/graziamagazine.com\/mx\/wp-json\/wp\/v2\/articles\/13115"}],"collection":[{"href":"https:\/\/graziamagazine.com\/mx\/wp-json\/wp\/v2\/articles"}],"about":[{"href":"https:\/\/graziamagazine.com\/mx\/wp-json\/wp\/v2\/types\/articles"}],"author":[{"embeddable":true,"href":"https:\/\/graziamagazine.com\/mx\/wp-json\/wp\/v2\/users\/11636"}],"wp:attachment":[{"href":"https:\/\/graziamagazine.com\/mx\/wp-json\/wp\/v2\/media?parent=13115"}],"wp:term":[{"taxonomy":"category","embeddable":true,"href":"https:\/\/graziamagazine.com\/mx\/wp-json\/wp\/v2\/categories?post=13115"}],"curies":[{"name":"wp","href":"https:\/\/api.w.org\/{rel}","templated":true}]}}