{"id":130965,"date":"2023-11-01T14:54:16","date_gmt":"2023-11-01T19:54:16","guid":{"rendered":"https:\/\/graziamagazine.com\/mx\/?post_type=articles&#038;p=130965"},"modified":"2023-11-01T14:57:03","modified_gmt":"2023-11-01T19:57:03","slug":"selena-gomez-se-toma-un-break-de-las-redes-sociales-y-esta-es-la-razon","status":"publish","type":"articles","link":"https:\/\/graziamagazine.com\/mx\/articles\/selena-gomez-se-toma-un-break-de-las-redes-sociales-y-esta-es-la-razon\/","title":{"rendered":"Selena Gomez se toma un \u2018break\u2019 de las redes sociales y esta es la raz\u00f3n"},"content":{"rendered":"<p><span style=\"font-weight: 400\"><strong>Selena Gomez<\/strong> dio una noticia que poco agradar\u00e1 a m\u00e1s de 430 millones de seguidores de Instagram o, por el contrario, puede ser que la amen m\u00e1s. La actriz y cantante dijo que se tomar\u00e1 un descanso de sus redes sociales por una raz\u00f3n muy importante.<\/span><\/p>\n<p><span style=\"font-weight: 400\">La tambi\u00e9n creadora de <strong>Rare Beauty<\/strong> se aleja temporalmente del mundo virtual debido al \u201chorror, odio, violencia y terror que est\u00e1 sucediendo en el mundo\u201d. La actriz no hizo referencia directa a la<strong> guerra entre Israel y Hamas<\/strong>, pero se cree que sus recientes publicaciones sobre el ataque terrorista de Hamas y la posterior destrucci\u00f3n en Gaza influyeron en su decisi\u00f3n.<\/span><\/p>\n<p><span style=\"font-weight: 400\">&#8220;Me he estado tomando un descanso de las redes sociales porque se me parte el coraz\u00f3n al ver todo el horror, el odio, la violencia y el terror que est\u00e1 sucediendo en el mundo&#8221;, escribi\u00f3 <a href=\"https:\/\/graziamagazine.com\/mx\/articles\/rare-beauty-de-selena-gomez-genera-un-cambio-positivo-en-torno-al-dia-mundial-de-la-salud-mental\/\">Selena<\/a> en una historia de Instagram.\u00a0<\/span><\/p>\n<p><span style=\"font-weight: 400\">\u201cLa gente que es torturada y asesinada o cualquier acto de odio hacia cualquier grupo es horrible. Necesitamos proteger a todas las personas, especialmente a los ni\u00f1os, y detener la violencia para siempre\u201d, dijo.<\/span><\/p>\n<p><span style=\"font-weight: 400\">&#8220;Lo siento si mis palabras nunca ser\u00e1n suficientes para todos. Simplemente no puedo soportar que personas inocentes resulten heridas. Eso es lo que me enferma. Ojal\u00e1 pudiera cambiar el mundo. Pero una publicaci\u00f3n no lo har\u00e1. Con amor, Selena\u201d, concluy\u00f3.<\/span><\/p>\n<p><span style=\"font-weight: 400\">Luego, en una segunda publicaci\u00f3n en su historia de Instagram, Selena public\u00f3 una foto de su hermana menor Gracie Elliott Teefey y escribi\u00f3: \u201cTener una hermana todos los d\u00edas me ha enfermado tr\u00e1gicamente. Har\u00eda cualquier cosa por los ni\u00f1os y las vidas inocentes\u201d.<\/span><\/p>\n<p><span style=\"font-weight: 400\">Al igual que Selena, muchas celebridades han estado hablando sobre la guerra entre Israel y Hamas durante las \u00faltimas semanas. <strong>Joaquin Phoenix, Cate Blanchett, Jon Stewart, Kristen Stewart, Susan Sarandon, Mahershala Ali, Riz Ahmed, Ramy Youssef, Quinta Brunson<\/strong> y m\u00e1s, se unieron para firmar una carta para pedir al presidente estadounidense Joe Biden que se involucre pidiendo un alto el fuego en Gaza.<\/span><\/p>\n<p><span style=\"font-weight: 400\">&#8220;Instamos a su administraci\u00f3n, y a todos los l\u00edderes mundiales, a honrar todas las vidas en Tierra Santa y pedir y facilitar un alto el fuego sin demora: el fin del bombardeo de Gaza y la liberaci\u00f3n segura de los rehenes&#8221;, dec\u00eda la carta.\u00a0<\/span><\/p>\n<p><span style=\"font-weight: 400\">Luego circul\u00f3 una segunda carta pidiendo a Biden que intervenga en la liberaci\u00f3n de todos los rehenes tomados por Hamas. <strong>Amy Schumer, Sacha Baron Cohen, Chris Rock, Gwyneth Paltrow, Katy Perry, Bradley Cooper, Justin Timberlake<\/strong> y m\u00e1s estuvieron entre las celebridades que firmaron la nota.<\/span><\/p>\n","protected":false},"author":11628,"featured_media":91255,"template":"","format":"standard","categories":[2],"acf":[],"yoast_head":"<!-- This site is optimized with the Yoast SEO Premium plugin v18.5 (Yoast SEO v20.4) - https:\/\/yoast.com\/wordpress\/plugins\/seo\/ -->\n<title>Selena Gomez se toma un \u2018break\u2019 de las redes sociales y esta es la raz\u00f3n | Grazia M\u00e9xico y Latinoam\u00e9rica<\/title>\n<meta name=\"description\" content=\"Selena Gomez dio una noticia que poco agradar\u00e1 a m\u00e1s de 430 millones de seguidores de Instagram o, por el contrario, puede ser que la amen m\u00e1s. La actriz\" \/>\n<meta name=\"robots\" content=\"index, follow, max-snippet:-1, max-image-preview:large, max-video-preview:-1\" \/>\n<link rel=\"canonical\" href=\"https:\/\/graziamagazine.com\/mx\/articles\/selena-gomez-se-toma-un-break-de-las-redes-sociales-y-esta-es-la-razon\/\" \/>\n<meta property=\"og:locale\" content=\"es_MX\" \/>\n<meta property=\"og:type\" content=\"article\" \/>\n<meta property=\"og:title\" content=\"Selena Gomez se toma un \u2018break\u2019 de las redes sociales y esta es la raz\u00f3n\" \/>\n<meta property=\"og:description\" content=\"Selena Gomez dio una noticia que poco agradar\u00e1 a m\u00e1s de 430 millones de seguidores de Instagram o, por el contrario, puede ser que la amen m\u00e1s. La actriz\" \/>\n<meta property=\"og:url\" content=\"https:\/\/graziamagazine.com\/mx\/articles\/selena-gomez-se-toma-un-break-de-las-redes-sociales-y-esta-es-la-razon\/\" \/>\n<meta property=\"og:site_name\" content=\"Grazia M\u00e9xico y Latinoam\u00e9rica\" \/>\n<meta property=\"article:modified_time\" content=\"2023-11-01T19:57:03+00:00\" \/>\n<meta property=\"og:image\" content=\"https:\/\/graziamagazine.com\/mx\/wp-content\/uploads\/sites\/13\/2020\/12\/Selena-Gomez-exige-a-Mark-Zuckerberg-detener-el-racismo-y-el-odio-en-Facebook-e-Instagram.jpg\" \/>\n\t<meta property=\"og:image:width\" content=\"976\" \/>\n\t<meta property=\"og:image:height\" content=\"549\" \/>\n\t<meta property=\"og:image:type\" content=\"image\/jpeg\" \/>\n<meta name=\"twitter:card\" content=\"summary_large_image\" \/>\n<meta name=\"twitter:label1\" content=\"Est. reading time\" \/>\n\t<meta name=\"twitter:data1\" content=\"2 minutos\" \/>\n<script type=\"application\/ld+json\" class=\"yoast-schema-graph\">{\"@context\":\"https:\/\/schema.org\",\"@graph\":[{\"@type\":\"WebPage\",\"@id\":\"https:\/\/graziamagazine.com\/mx\/articles\/selena-gomez-se-toma-un-break-de-las-redes-sociales-y-esta-es-la-razon\/\",\"url\":\"https:\/\/graziamagazine.com\/mx\/articles\/selena-gomez-se-toma-un-break-de-las-redes-sociales-y-esta-es-la-razon\/\",\"name\":\"Selena Gomez se toma un \u2018break\u2019 de las redes sociales y esta es la raz\u00f3n | Grazia M\u00e9xico y Latinoam\u00e9rica\",\"isPartOf\":{\"@id\":\"https:\/\/graziamagazine.com\/mx\/#website\"},\"datePublished\":\"2023-11-01T19:54:16+00:00\",\"dateModified\":\"2023-11-01T19:57:03+00:00\",\"description\":\"Selena Gomez dio una noticia que poco agradar\u00e1 a m\u00e1s de 430 millones de seguidores de Instagram o, por el contrario, puede ser que la amen m\u00e1s. La actriz\",\"breadcrumb\":{\"@id\":\"https:\/\/graziamagazine.com\/mx\/articles\/selena-gomez-se-toma-un-break-de-las-redes-sociales-y-esta-es-la-razon\/#breadcrumb\"},\"inLanguage\":\"es-MX\",\"potentialAction\":[{\"@type\":\"ReadAction\",\"target\":[\"https:\/\/graziamagazine.com\/mx\/articles\/selena-gomez-se-toma-un-break-de-las-redes-sociales-y-esta-es-la-razon\/\"]}]},{\"@type\":\"BreadcrumbList\",\"@id\":\"https:\/\/graziamagazine.com\/mx\/articles\/selena-gomez-se-toma-un-break-de-las-redes-sociales-y-esta-es-la-razon\/#breadcrumb\",\"itemListElement\":[{\"@type\":\"ListItem\",\"position\":1,\"name\":\"Home\",\"item\":\"https:\/\/graziamagazine.com\/mx\/\"},{\"@type\":\"ListItem\",\"position\":2,\"name\":\"Selena Gomez se toma un \u2018break\u2019 de las redes sociales y esta es la raz\u00f3n\"}]},{\"@type\":\"WebSite\",\"@id\":\"https:\/\/graziamagazine.com\/mx\/#website\",\"url\":\"https:\/\/graziamagazine.com\/mx\/\",\"name\":\"Grazia M\u00e9xico y Latinoam\u00e9rica\",\"description\":\"Grazia es moda, belleza y noticias  de actualidad \",\"potentialAction\":[{\"@type\":\"SearchAction\",\"target\":{\"@type\":\"EntryPoint\",\"urlTemplate\":\"https:\/\/graziamagazine.com\/mx\/?s={search_term_string}\"},\"query-input\":\"required name=search_term_string\"}],\"inLanguage\":\"es-MX\"}]}<\/script>\n<!-- \/ Yoast SEO Premium plugin. -->","yoast_head_json":{"title":"Selena Gomez se toma un \u2018break\u2019 de las redes sociales y esta es la raz\u00f3n | Grazia M\u00e9xico y Latinoam\u00e9rica","description":"Selena Gomez dio una noticia que poco agradar\u00e1 a m\u00e1s de 430 millones de seguidores de Instagram o, por el contrario, puede ser que la amen m\u00e1s. La actriz","robots":{"index":"index","follow":"follow","max-snippet":"max-snippet:-1","max-image-preview":"max-image-preview:large","max-video-preview":"max-video-preview:-1"},"canonical":"https:\/\/graziamagazine.com\/mx\/articles\/selena-gomez-se-toma-un-break-de-las-redes-sociales-y-esta-es-la-razon\/","og_locale":"es_MX","og_type":"article","og_title":"Selena Gomez se toma un \u2018break\u2019 de las redes sociales y esta es la raz\u00f3n","og_description":"Selena Gomez dio una noticia que poco agradar\u00e1 a m\u00e1s de 430 millones de seguidores de Instagram o, por el contrario, puede ser que la amen m\u00e1s. La actriz","og_url":"https:\/\/graziamagazine.com\/mx\/articles\/selena-gomez-se-toma-un-break-de-las-redes-sociales-y-esta-es-la-razon\/","og_site_name":"Grazia M\u00e9xico y Latinoam\u00e9rica","article_modified_time":"2023-11-01T19:57:03+00:00","og_image":[{"width":976,"height":549,"url":"https:\/\/graziamagazine.com\/mx\/wp-content\/uploads\/sites\/13\/2020\/12\/Selena-Gomez-exige-a-Mark-Zuckerberg-detener-el-racismo-y-el-odio-en-Facebook-e-Instagram.jpg","type":"image\/jpeg"}],"twitter_card":"summary_large_image","twitter_misc":{"Est. reading time":"2 minutos"},"schema":{"@context":"https:\/\/schema.org","@graph":[{"@type":"WebPage","@id":"https:\/\/graziamagazine.com\/mx\/articles\/selena-gomez-se-toma-un-break-de-las-redes-sociales-y-esta-es-la-razon\/","url":"https:\/\/graziamagazine.com\/mx\/articles\/selena-gomez-se-toma-un-break-de-las-redes-sociales-y-esta-es-la-razon\/","name":"Selena Gomez se toma un \u2018break\u2019 de las redes sociales y esta es la raz\u00f3n | Grazia M\u00e9xico y Latinoam\u00e9rica","isPartOf":{"@id":"https:\/\/graziamagazine.com\/mx\/#website"},"datePublished":"2023-11-01T19:54:16+00:00","dateModified":"2023-11-01T19:57:03+00:00","description":"Selena Gomez dio una noticia que poco agradar\u00e1 a m\u00e1s de 430 millones de seguidores de Instagram o, por el contrario, puede ser que la amen m\u00e1s. La actriz","breadcrumb":{"@id":"https:\/\/graziamagazine.com\/mx\/articles\/selena-gomez-se-toma-un-break-de-las-redes-sociales-y-esta-es-la-razon\/#breadcrumb"},"inLanguage":"es-MX","potentialAction":[{"@type":"ReadAction","target":["https:\/\/graziamagazine.com\/mx\/articles\/selena-gomez-se-toma-un-break-de-las-redes-sociales-y-esta-es-la-razon\/"]}]},{"@type":"BreadcrumbList","@id":"https:\/\/graziamagazine.com\/mx\/articles\/selena-gomez-se-toma-un-break-de-las-redes-sociales-y-esta-es-la-razon\/#breadcrumb","itemListElement":[{"@type":"ListItem","position":1,"name":"Home","item":"https:\/\/graziamagazine.com\/mx\/"},{"@type":"ListItem","position":2,"name":"Selena Gomez se toma un \u2018break\u2019 de las redes sociales y esta es la raz\u00f3n"}]},{"@type":"WebSite","@id":"https:\/\/graziamagazine.com\/mx\/#website","url":"https:\/\/graziamagazine.com\/mx\/","name":"Grazia M\u00e9xico y Latinoam\u00e9rica","description":"Grazia es moda, belleza y noticias  de actualidad ","potentialAction":[{"@type":"SearchAction","target":{"@type":"EntryPoint","urlTemplate":"https:\/\/graziamagazine.com\/mx\/?s={search_term_string}"},"query-input":"required name=search_term_string"}],"inLanguage":"es-MX"}]}},"jetpack_sharing_enabled":true,"distributor_meta":false,"distributor_terms":false,"distributor_media":false,"distributor_original_site_name":"Grazia M\u00e9xico y Latinoam\u00e9rica","distributor_original_site_url":"https:\/\/graziamagazine.com\/mx","push-errors":false,"_links":{"self":[{"href":"https:\/\/graziamagazine.com\/mx\/wp-json\/wp\/v2\/articles\/130965"}],"collection":[{"href":"https:\/\/graziamagazine.com\/mx\/wp-json\/wp\/v2\/articles"}],"about":[{"href":"https:\/\/graziamagazine.com\/mx\/wp-json\/wp\/v2\/types\/articles"}],"author":[{"embeddable":true,"href":"https:\/\/graziamagazine.com\/mx\/wp-json\/wp\/v2\/users\/11628"}],"wp:featuredmedia":[{"embeddable":true,"href":"https:\/\/graziamagazine.com\/mx\/wp-json\/wp\/v2\/media\/91255"}],"wp:attachment":[{"href":"https:\/\/graziamagazine.com\/mx\/wp-json\/wp\/v2\/media?parent=130965"}],"wp:term":[{"taxonomy":"category","embeddable":true,"href":"https:\/\/graziamagazine.com\/mx\/wp-json\/wp\/v2\/categories?post=130965"}],"curies":[{"name":"wp","href":"https:\/\/api.w.org\/{rel}","templated":true}]}}