{"id":130957,"date":"2023-10-31T22:29:46","date_gmt":"2023-11-01T03:29:46","guid":{"rendered":"https:\/\/graziamagazine.com\/mx\/?post_type=articles&#038;p=130957"},"modified":"2023-10-31T22:32:23","modified_gmt":"2023-11-01T03:32:23","slug":"esto-sabemos-live-action-blancanieves","status":"publish","type":"articles","link":"https:\/\/graziamagazine.com\/mx\/articles\/esto-sabemos-live-action-blancanieves\/","title":{"rendered":"Esto es lo que sabemos del live action de Blancanieves"},"content":{"rendered":"<p>Seamos honestos, todos tenemos sentimientos encontrados con <strong>Blancanieves<\/strong>, Si bien es cierto que nos trae hermosos recuerdos de nuestra ni\u00f1ez, hay una corriente que ha causado mucha controversia y asegura que en el cuento hay discriminaci\u00f3n acentuada contra el enanismo.<\/p>\n<p>La buena noticia es que ya tenemos una imagen de lo que ser\u00e1 el <strong><em>live action<\/em><\/strong> de la primera pel\u00edcula animada de Disney en la historia. Sin embargo, <strong>Gal Gadot<\/strong>, que interpretar\u00e1 a la Reina Malvada, no aparece en la imagen. Solamente aparece <strong>Rachel Zegler,<\/strong> quien dar\u00e1 vida a Blancanieves en la historia.<\/p>\n<blockquote class=\"twitter-tweet\" data-width=\"500\" data-dnt=\"true\">\n<p lang=\"en\" dir=\"ltr\">Our first look at Rachel Zegler as <a href=\"https:\/\/twitter.com\/hashtag\/SnowWhite?src=hash&amp;ref_src=twsrc%5Etfw\" target=\"_blank\">#SnowWhite<\/a>.<\/p>\n<p>The Disney live-action remake has been delayed one year and will now release on March 21, 2025. <a href=\"https:\/\/t.co\/tftQjkRd40\" target=\"_blank\">pic.twitter.com\/tftQjkRd40<\/a><\/p>\n<p>&mdash; Rotten Tomatoes (@RottenTomatoes) <a href=\"https:\/\/twitter.com\/RottenTomatoes\/status\/1717970798600737150?ref_src=twsrc%5Etfw\" target=\"_blank\">October 27, 2023<\/a><\/p><\/blockquote>\n<p><script async src=\"https:\/\/platform.twitter.com\/widgets.js\" charset=\"utf-8\"><\/script><\/p>\n<p>Adem\u00e1s. se anunci\u00f3 que su estreno ser\u00e1 el <strong>21 de marzo de 2025<\/strong>, debido a la Huelga de Actores, en la cual Rachel Zegler ha sigo una de las principales defensoras. Su estreno anterior hab\u00eda sido programado para el 22 de marzo del 2024.<\/p>\n<p>Sin embargo, algunas personas han criticado que el <strong><em>live action<\/em><\/strong> se haga sobre la misma historia de 8 enanitos y una mujer.<\/p>\n<p>El actor estadounidense Peter Dinklage dijo en el Podcast WTF de Marc Maron el a\u00f1o pasado, &#8220;Literalmente, sin ofender a nadie, Me sorprendi\u00f3 un poco que estuvieran tan orgullosos de elegir a una actriz latina como Blancanieves. Pero siguen contando la historia de &#8216;Blancanieves y los siete enanos&#8217;. Que den un paso atr\u00e1s y miren lo que est\u00e1n haciendo. Para m\u00ed no tiene sentido&#8221;.<\/p>\n<p>&#8220;Son tan progresistas en unas cosas, pero a\u00fan est\u00e1n haciendo esa historia trasnochada sobre siete enanos que viven juntos en una cueva, \u00bfqu\u00e9 diablos hacen? \u00bfNo he conseguido ning\u00fan avance desde mi tribuna? Supongo que no soy lo suficientemente ruidoso&#8221; asegur\u00f3.<\/p>\n<p>&#8220;Estaban muy orgullosos de eso. Y, con todo el amor y el respeto por la actriz y las personas que pensaron que estaban haciendo lo correcto, yo pens\u00e9 &#8216;\u00bfqu\u00e9 est\u00e1n haciendo?'&#8221;, dijo Dinklage.<\/p>\n<p>Blancanieves est\u00e1 dirigida por Marc Webb a partir de un gui\u00f3n co-escrito por Greta Gerwig de Barbie y Erin Cressida Wilson.<\/p>\n<p>La pel\u00edcula original <em>Blancanieves y los siete enanitos<\/em> se estren\u00f3 en <strong>1937<\/strong> y fue la <strong>primera pel\u00edcula animada<\/strong> de Disney y el primer largometraje de animaci\u00f3n tradicional de larga duraci\u00f3n. Todo un cl\u00e1sico que precursor de la animaci\u00f3n.<\/p>\n","protected":false},"author":36289,"featured_media":130958,"template":"","format":"standard","categories":[12832],"acf":[],"yoast_head":"<!-- This site is optimized with the Yoast SEO Premium plugin v18.5 (Yoast SEO v20.4) - https:\/\/yoast.com\/wordpress\/plugins\/seo\/ -->\n<title>Esto es lo que sabemos del live action de Blancanieves | Grazia M\u00e9xico y Latinoam\u00e9rica<\/title>\n<meta name=\"description\" content=\"Seamos honestos, todos tenemos sentimientos encontrados con Blancanieves, Si bien es cierto que nos trae hermosos recuerdos de nuestra ni\u00f1ez, hay una\" \/>\n<meta name=\"robots\" content=\"index, follow, max-snippet:-1, max-image-preview:large, max-video-preview:-1\" \/>\n<link rel=\"canonical\" href=\"https:\/\/graziamagazine.com\/mx\/articles\/esto-sabemos-live-action-blancanieves\/\" \/>\n<meta property=\"og:locale\" content=\"es_MX\" \/>\n<meta property=\"og:type\" content=\"article\" \/>\n<meta property=\"og:title\" content=\"Esto es lo que sabemos del live action de Blancanieves\" \/>\n<meta property=\"og:description\" content=\"Seamos honestos, todos tenemos sentimientos encontrados con Blancanieves, Si bien es cierto que nos trae hermosos recuerdos de nuestra ni\u00f1ez, hay una\" \/>\n<meta property=\"og:url\" content=\"https:\/\/graziamagazine.com\/mx\/articles\/esto-sabemos-live-action-blancanieves\/\" \/>\n<meta property=\"og:site_name\" content=\"Grazia M\u00e9xico y Latinoam\u00e9rica\" \/>\n<meta property=\"article:modified_time\" content=\"2023-11-01T03:32:23+00:00\" \/>\n<meta property=\"og:image\" content=\"https:\/\/graziamagazine.com\/mx\/wp-content\/uploads\/sites\/13\/2023\/10\/Gal.jpg\" \/>\n\t<meta property=\"og:image:width\" content=\"980\" \/>\n\t<meta property=\"og:image:height\" content=\"654\" \/>\n\t<meta property=\"og:image:type\" content=\"image\/jpeg\" \/>\n<meta name=\"twitter:card\" content=\"summary_large_image\" \/>\n<meta name=\"twitter:label1\" content=\"Est. reading time\" \/>\n\t<meta name=\"twitter:data1\" content=\"2 minutos\" \/>\n<script type=\"application\/ld+json\" class=\"yoast-schema-graph\">{\"@context\":\"https:\/\/schema.org\",\"@graph\":[{\"@type\":\"WebPage\",\"@id\":\"https:\/\/graziamagazine.com\/mx\/articles\/esto-sabemos-live-action-blancanieves\/\",\"url\":\"https:\/\/graziamagazine.com\/mx\/articles\/esto-sabemos-live-action-blancanieves\/\",\"name\":\"Esto es lo que sabemos del live action de Blancanieves | Grazia M\u00e9xico y Latinoam\u00e9rica\",\"isPartOf\":{\"@id\":\"https:\/\/graziamagazine.com\/mx\/#website\"},\"datePublished\":\"2023-11-01T03:29:46+00:00\",\"dateModified\":\"2023-11-01T03:32:23+00:00\",\"description\":\"Seamos honestos, todos tenemos sentimientos encontrados con Blancanieves, Si bien es cierto que nos trae hermosos recuerdos de nuestra ni\u00f1ez, hay una\",\"breadcrumb\":{\"@id\":\"https:\/\/graziamagazine.com\/mx\/articles\/esto-sabemos-live-action-blancanieves\/#breadcrumb\"},\"inLanguage\":\"es-MX\",\"potentialAction\":[{\"@type\":\"ReadAction\",\"target\":[\"https:\/\/graziamagazine.com\/mx\/articles\/esto-sabemos-live-action-blancanieves\/\"]}]},{\"@type\":\"BreadcrumbList\",\"@id\":\"https:\/\/graziamagazine.com\/mx\/articles\/esto-sabemos-live-action-blancanieves\/#breadcrumb\",\"itemListElement\":[{\"@type\":\"ListItem\",\"position\":1,\"name\":\"Home\",\"item\":\"https:\/\/graziamagazine.com\/mx\/\"},{\"@type\":\"ListItem\",\"position\":2,\"name\":\"Esto es lo que sabemos del live action de Blancanieves\"}]},{\"@type\":\"WebSite\",\"@id\":\"https:\/\/graziamagazine.com\/mx\/#website\",\"url\":\"https:\/\/graziamagazine.com\/mx\/\",\"name\":\"Grazia M\u00e9xico y Latinoam\u00e9rica\",\"description\":\"Grazia es moda, belleza y noticias  de actualidad \",\"potentialAction\":[{\"@type\":\"SearchAction\",\"target\":{\"@type\":\"EntryPoint\",\"urlTemplate\":\"https:\/\/graziamagazine.com\/mx\/?s={search_term_string}\"},\"query-input\":\"required name=search_term_string\"}],\"inLanguage\":\"es-MX\"}]}<\/script>\n<!-- \/ Yoast SEO Premium plugin. -->","yoast_head_json":{"title":"Esto es lo que sabemos del live action de Blancanieves | Grazia M\u00e9xico y Latinoam\u00e9rica","description":"Seamos honestos, todos tenemos sentimientos encontrados con Blancanieves, Si bien es cierto que nos trae hermosos recuerdos de nuestra ni\u00f1ez, hay una","robots":{"index":"index","follow":"follow","max-snippet":"max-snippet:-1","max-image-preview":"max-image-preview:large","max-video-preview":"max-video-preview:-1"},"canonical":"https:\/\/graziamagazine.com\/mx\/articles\/esto-sabemos-live-action-blancanieves\/","og_locale":"es_MX","og_type":"article","og_title":"Esto es lo que sabemos del live action de Blancanieves","og_description":"Seamos honestos, todos tenemos sentimientos encontrados con Blancanieves, Si bien es cierto que nos trae hermosos recuerdos de nuestra ni\u00f1ez, hay una","og_url":"https:\/\/graziamagazine.com\/mx\/articles\/esto-sabemos-live-action-blancanieves\/","og_site_name":"Grazia M\u00e9xico y Latinoam\u00e9rica","article_modified_time":"2023-11-01T03:32:23+00:00","og_image":[{"width":980,"height":654,"url":"https:\/\/graziamagazine.com\/mx\/wp-content\/uploads\/sites\/13\/2023\/10\/Gal.jpg","type":"image\/jpeg"}],"twitter_card":"summary_large_image","twitter_misc":{"Est. reading time":"2 minutos"},"schema":{"@context":"https:\/\/schema.org","@graph":[{"@type":"WebPage","@id":"https:\/\/graziamagazine.com\/mx\/articles\/esto-sabemos-live-action-blancanieves\/","url":"https:\/\/graziamagazine.com\/mx\/articles\/esto-sabemos-live-action-blancanieves\/","name":"Esto es lo que sabemos del live action de Blancanieves | Grazia M\u00e9xico y Latinoam\u00e9rica","isPartOf":{"@id":"https:\/\/graziamagazine.com\/mx\/#website"},"datePublished":"2023-11-01T03:29:46+00:00","dateModified":"2023-11-01T03:32:23+00:00","description":"Seamos honestos, todos tenemos sentimientos encontrados con Blancanieves, Si bien es cierto que nos trae hermosos recuerdos de nuestra ni\u00f1ez, hay una","breadcrumb":{"@id":"https:\/\/graziamagazine.com\/mx\/articles\/esto-sabemos-live-action-blancanieves\/#breadcrumb"},"inLanguage":"es-MX","potentialAction":[{"@type":"ReadAction","target":["https:\/\/graziamagazine.com\/mx\/articles\/esto-sabemos-live-action-blancanieves\/"]}]},{"@type":"BreadcrumbList","@id":"https:\/\/graziamagazine.com\/mx\/articles\/esto-sabemos-live-action-blancanieves\/#breadcrumb","itemListElement":[{"@type":"ListItem","position":1,"name":"Home","item":"https:\/\/graziamagazine.com\/mx\/"},{"@type":"ListItem","position":2,"name":"Esto es lo que sabemos del live action de Blancanieves"}]},{"@type":"WebSite","@id":"https:\/\/graziamagazine.com\/mx\/#website","url":"https:\/\/graziamagazine.com\/mx\/","name":"Grazia M\u00e9xico y Latinoam\u00e9rica","description":"Grazia es moda, belleza y noticias  de actualidad ","potentialAction":[{"@type":"SearchAction","target":{"@type":"EntryPoint","urlTemplate":"https:\/\/graziamagazine.com\/mx\/?s={search_term_string}"},"query-input":"required name=search_term_string"}],"inLanguage":"es-MX"}]}},"jetpack_sharing_enabled":true,"distributor_meta":false,"distributor_terms":false,"distributor_media":false,"distributor_original_site_name":"Grazia M\u00e9xico y Latinoam\u00e9rica","distributor_original_site_url":"https:\/\/graziamagazine.com\/mx","push-errors":false,"_links":{"self":[{"href":"https:\/\/graziamagazine.com\/mx\/wp-json\/wp\/v2\/articles\/130957"}],"collection":[{"href":"https:\/\/graziamagazine.com\/mx\/wp-json\/wp\/v2\/articles"}],"about":[{"href":"https:\/\/graziamagazine.com\/mx\/wp-json\/wp\/v2\/types\/articles"}],"author":[{"embeddable":true,"href":"https:\/\/graziamagazine.com\/mx\/wp-json\/wp\/v2\/users\/36289"}],"wp:featuredmedia":[{"embeddable":true,"href":"https:\/\/graziamagazine.com\/mx\/wp-json\/wp\/v2\/media\/130958"}],"wp:attachment":[{"href":"https:\/\/graziamagazine.com\/mx\/wp-json\/wp\/v2\/media?parent=130957"}],"wp:term":[{"taxonomy":"category","embeddable":true,"href":"https:\/\/graziamagazine.com\/mx\/wp-json\/wp\/v2\/categories?post=130957"}],"curies":[{"name":"wp","href":"https:\/\/api.w.org\/{rel}","templated":true}]}}