{"id":130915,"date":"2023-10-30T22:43:28","date_gmt":"2023-10-31T03:43:28","guid":{"rendered":"https:\/\/graziamagazine.com\/mx\/?post_type=articles&#038;p=130915"},"modified":"2023-10-30T22:47:03","modified_gmt":"2023-10-31T03:47:03","slug":"esta-razon-apple-tv-cancelo-serie-sofia-coppola","status":"publish","type":"articles","link":"https:\/\/graziamagazine.com\/mx\/articles\/esta-razon-apple-tv-cancelo-serie-sofia-coppola\/","title":{"rendered":"Esta es la raz\u00f3n por la que Apple TV+ cancel\u00f3 la serie de Sofia Coppola"},"content":{"rendered":"<p>Sofia Coppola hablo y asegura que Apple TV+ cancel\u00f3 su serie limitada de 5 horas basada en la novela de Edith Wharton <em>The Custom of the Country. <\/em>Asegur\u00f3 que se trata de que la protagonista les resulta desagradable al ser una escaladora social que busca un lugar en la sociedad de Nueva York.<\/p>\n<p>&#8220;La idea de una mujer desagradable no era lo suyo&#8221;, dijo Sofia a <em>The New York Times<\/em>. &#8220;Pero eso es lo que digo sobre qui\u00e9n est\u00e1 a cargo&#8221;, asegur\u00f3.<\/p>\n<p>Adem\u00e1s, dijo que esperaba producir una serie limitada de 5 horas, pero la empresa cort\u00f3 su presupuesto debido a que a los ejecutivos no les agradaba el personaje principal. Mismos que no han respondido a las preguntas de los periodistas.<\/p>\n<p>&#8220;Las personas encargadas de dar dinero suelen ser hombres heterosexuales, todav\u00eda&#8221;, dijo. \u201cSi para m\u00ed es tan dif\u00edcil conseguir financiaci\u00f3n como persona establecida, me preocupa que las mujeres m\u00e1s j\u00f3venes que est\u00e1n comenzando. Es sorprendente que todav\u00eda sea una lucha\u201d, agreg\u00f3.<\/p>\n<figure id=\"attachment_130917\" aria-describedby=\"caption-attachment-130917\" style=\"width: 450px\" class=\"wp-caption alignnone\"><img loading=\"lazy\" decoding=\"async\" class=\"size-medium wp-image-130917\" src=\"https:\/\/graziamagazine.com\/mx\/wp-content\/uploads\/sites\/13\/2023\/10\/WhatsApp-Image-2023-10-30-at-21.44.43-1.jpeg?w=450\" alt=\"\" width=\"450\" height=\"253\" \/><figcaption id=\"caption-attachment-130917\" class=\"wp-caption-text\">Getty Images<\/figcaption><\/figure>\n<p>El libro trata sobre la historia de la familia Spragg cuando se mudan a Nueva York para que su hija Undine pueda casarse con un hombre rico. Ah\u00ed, la joven comienza un incansable camino para encontrar a su futuro esposo y en la historia se conocen sus amor\u00edos intermedios.<\/p>\n<p>Sofia escribi\u00f3 el pr\u00f3logo de una reimpresi\u00f3n que hico recientemente la editorial Random House. Y tambi\u00e9n escribi\u00f3 un art\u00edculo en <em>LitHub<\/em> en el 2022 donde asegur\u00f3 que son los hombres los que parecen tener un problema con el personaje principal.<\/p>\n<p>&#8220;Mientras trabajaba en adaptarlo a un gui\u00f3n, me pareci\u00f3 interesante escuchar a algunos hombres decir que Undine es tan desagradable, mientras que mis amigas la aman y est\u00e1n fascinadas por ella y por lo que har\u00e1 a continuaci\u00f3n&#8221;, escribi\u00f3.<\/p>\n<p>&#8220;Nunca ha habido un personaje que me haya gustado tanto y que me haya disgustado tanto, y que me haga sonre\u00edr ante todas las Undines que conocemos&#8221;, se\u00f1al\u00f3.<\/p>\n<p>Sofia Coppola gan\u00f3 un premio \u00d3scar en 2003 en la categor\u00eda Mejor Guion Original por la pel\u00edcula Lost in Traslation. Adem\u00e1s, es la tercera mujer en ser nominada a mejor director de los premios.<\/p>\n<p>\u201cSi bien a menudo he trabajado en historias con personajes m\u00e1s comprensivos, Ha sido muy divertido sumergirme en el mundo y las actividades de Undine&#8221;, asegur\u00f3 Sofia en <em>LitHub.<\/em><\/p>\n","protected":false},"author":36289,"featured_media":130916,"template":"","format":"standard","categories":[12832],"acf":[],"yoast_head":"<!-- This site is optimized with the Yoast SEO Premium plugin v18.5 (Yoast SEO v20.4) - https:\/\/yoast.com\/wordpress\/plugins\/seo\/ -->\n<title>Esta es la raz\u00f3n por la que Apple TV+ cancel\u00f3 la serie de Sofia Coppola | Grazia M\u00e9xico y Latinoam\u00e9rica<\/title>\n<meta name=\"description\" content=\"Sofia Coppola hablo y asegura que Apple TV+ cancel\u00f3 su serie limitada de 5 horas basada en la novela de Edith Wharton The Custom of the Country. Asegur\u00f3\" \/>\n<meta name=\"robots\" content=\"index, follow, max-snippet:-1, max-image-preview:large, max-video-preview:-1\" \/>\n<link rel=\"canonical\" href=\"https:\/\/graziamagazine.com\/mx\/articles\/esta-razon-apple-tv-cancelo-serie-sofia-coppola\/\" \/>\n<meta property=\"og:locale\" content=\"es_MX\" \/>\n<meta property=\"og:type\" content=\"article\" \/>\n<meta property=\"og:title\" content=\"Esta es la raz\u00f3n por la que Apple TV+ cancel\u00f3 la serie de Sofia Coppola\" \/>\n<meta property=\"og:description\" content=\"Sofia Coppola hablo y asegura que Apple TV+ cancel\u00f3 su serie limitada de 5 horas basada en la novela de Edith Wharton The Custom of the Country. Asegur\u00f3\" \/>\n<meta property=\"og:url\" content=\"https:\/\/graziamagazine.com\/mx\/articles\/esta-razon-apple-tv-cancelo-serie-sofia-coppola\/\" \/>\n<meta property=\"og:site_name\" content=\"Grazia M\u00e9xico y Latinoam\u00e9rica\" \/>\n<meta property=\"article:modified_time\" content=\"2023-10-31T03:47:03+00:00\" \/>\n<meta property=\"og:image\" content=\"https:\/\/graziamagazine.com\/mx\/wp-content\/uploads\/sites\/13\/2023\/10\/WhatsApp-Image-2023-10-30-at-21.44.43.jpeg\" \/>\n\t<meta property=\"og:image:width\" content=\"681\" \/>\n\t<meta property=\"og:image:height\" content=\"383\" \/>\n\t<meta property=\"og:image:type\" content=\"image\/jpeg\" \/>\n<meta name=\"twitter:card\" content=\"summary_large_image\" \/>\n<meta name=\"twitter:label1\" content=\"Est. reading time\" \/>\n\t<meta name=\"twitter:data1\" content=\"2 minutos\" \/>\n<script type=\"application\/ld+json\" class=\"yoast-schema-graph\">{\"@context\":\"https:\/\/schema.org\",\"@graph\":[{\"@type\":\"WebPage\",\"@id\":\"https:\/\/graziamagazine.com\/mx\/articles\/esta-razon-apple-tv-cancelo-serie-sofia-coppola\/\",\"url\":\"https:\/\/graziamagazine.com\/mx\/articles\/esta-razon-apple-tv-cancelo-serie-sofia-coppola\/\",\"name\":\"Esta es la raz\u00f3n por la que Apple TV+ cancel\u00f3 la serie de Sofia Coppola | Grazia M\u00e9xico y Latinoam\u00e9rica\",\"isPartOf\":{\"@id\":\"https:\/\/graziamagazine.com\/mx\/#website\"},\"datePublished\":\"2023-10-31T03:43:28+00:00\",\"dateModified\":\"2023-10-31T03:47:03+00:00\",\"description\":\"Sofia Coppola hablo y asegura que Apple TV+ cancel\u00f3 su serie limitada de 5 horas basada en la novela de Edith Wharton The Custom of the Country. Asegur\u00f3\",\"breadcrumb\":{\"@id\":\"https:\/\/graziamagazine.com\/mx\/articles\/esta-razon-apple-tv-cancelo-serie-sofia-coppola\/#breadcrumb\"},\"inLanguage\":\"es-MX\",\"potentialAction\":[{\"@type\":\"ReadAction\",\"target\":[\"https:\/\/graziamagazine.com\/mx\/articles\/esta-razon-apple-tv-cancelo-serie-sofia-coppola\/\"]}]},{\"@type\":\"BreadcrumbList\",\"@id\":\"https:\/\/graziamagazine.com\/mx\/articles\/esta-razon-apple-tv-cancelo-serie-sofia-coppola\/#breadcrumb\",\"itemListElement\":[{\"@type\":\"ListItem\",\"position\":1,\"name\":\"Home\",\"item\":\"https:\/\/graziamagazine.com\/mx\/\"},{\"@type\":\"ListItem\",\"position\":2,\"name\":\"Esta es la raz\u00f3n por la que Apple TV+ cancel\u00f3 la serie de Sofia Coppola\"}]},{\"@type\":\"WebSite\",\"@id\":\"https:\/\/graziamagazine.com\/mx\/#website\",\"url\":\"https:\/\/graziamagazine.com\/mx\/\",\"name\":\"Grazia M\u00e9xico y Latinoam\u00e9rica\",\"description\":\"Grazia es moda, belleza y noticias  de actualidad \",\"potentialAction\":[{\"@type\":\"SearchAction\",\"target\":{\"@type\":\"EntryPoint\",\"urlTemplate\":\"https:\/\/graziamagazine.com\/mx\/?s={search_term_string}\"},\"query-input\":\"required name=search_term_string\"}],\"inLanguage\":\"es-MX\"}]}<\/script>\n<!-- \/ Yoast SEO Premium plugin. -->","yoast_head_json":{"title":"Esta es la raz\u00f3n por la que Apple TV+ cancel\u00f3 la serie de Sofia Coppola | Grazia M\u00e9xico y Latinoam\u00e9rica","description":"Sofia Coppola hablo y asegura que Apple TV+ cancel\u00f3 su serie limitada de 5 horas basada en la novela de Edith Wharton The Custom of the Country. Asegur\u00f3","robots":{"index":"index","follow":"follow","max-snippet":"max-snippet:-1","max-image-preview":"max-image-preview:large","max-video-preview":"max-video-preview:-1"},"canonical":"https:\/\/graziamagazine.com\/mx\/articles\/esta-razon-apple-tv-cancelo-serie-sofia-coppola\/","og_locale":"es_MX","og_type":"article","og_title":"Esta es la raz\u00f3n por la que Apple TV+ cancel\u00f3 la serie de Sofia Coppola","og_description":"Sofia Coppola hablo y asegura que Apple TV+ cancel\u00f3 su serie limitada de 5 horas basada en la novela de Edith Wharton The Custom of the Country. Asegur\u00f3","og_url":"https:\/\/graziamagazine.com\/mx\/articles\/esta-razon-apple-tv-cancelo-serie-sofia-coppola\/","og_site_name":"Grazia M\u00e9xico y Latinoam\u00e9rica","article_modified_time":"2023-10-31T03:47:03+00:00","og_image":[{"width":681,"height":383,"url":"https:\/\/graziamagazine.com\/mx\/wp-content\/uploads\/sites\/13\/2023\/10\/WhatsApp-Image-2023-10-30-at-21.44.43.jpeg","type":"image\/jpeg"}],"twitter_card":"summary_large_image","twitter_misc":{"Est. reading time":"2 minutos"},"schema":{"@context":"https:\/\/schema.org","@graph":[{"@type":"WebPage","@id":"https:\/\/graziamagazine.com\/mx\/articles\/esta-razon-apple-tv-cancelo-serie-sofia-coppola\/","url":"https:\/\/graziamagazine.com\/mx\/articles\/esta-razon-apple-tv-cancelo-serie-sofia-coppola\/","name":"Esta es la raz\u00f3n por la que Apple TV+ cancel\u00f3 la serie de Sofia Coppola | Grazia M\u00e9xico y Latinoam\u00e9rica","isPartOf":{"@id":"https:\/\/graziamagazine.com\/mx\/#website"},"datePublished":"2023-10-31T03:43:28+00:00","dateModified":"2023-10-31T03:47:03+00:00","description":"Sofia Coppola hablo y asegura que Apple TV+ cancel\u00f3 su serie limitada de 5 horas basada en la novela de Edith Wharton The Custom of the Country. Asegur\u00f3","breadcrumb":{"@id":"https:\/\/graziamagazine.com\/mx\/articles\/esta-razon-apple-tv-cancelo-serie-sofia-coppola\/#breadcrumb"},"inLanguage":"es-MX","potentialAction":[{"@type":"ReadAction","target":["https:\/\/graziamagazine.com\/mx\/articles\/esta-razon-apple-tv-cancelo-serie-sofia-coppola\/"]}]},{"@type":"BreadcrumbList","@id":"https:\/\/graziamagazine.com\/mx\/articles\/esta-razon-apple-tv-cancelo-serie-sofia-coppola\/#breadcrumb","itemListElement":[{"@type":"ListItem","position":1,"name":"Home","item":"https:\/\/graziamagazine.com\/mx\/"},{"@type":"ListItem","position":2,"name":"Esta es la raz\u00f3n por la que Apple TV+ cancel\u00f3 la serie de Sofia Coppola"}]},{"@type":"WebSite","@id":"https:\/\/graziamagazine.com\/mx\/#website","url":"https:\/\/graziamagazine.com\/mx\/","name":"Grazia M\u00e9xico y Latinoam\u00e9rica","description":"Grazia es moda, belleza y noticias  de actualidad ","potentialAction":[{"@type":"SearchAction","target":{"@type":"EntryPoint","urlTemplate":"https:\/\/graziamagazine.com\/mx\/?s={search_term_string}"},"query-input":"required name=search_term_string"}],"inLanguage":"es-MX"}]}},"jetpack_sharing_enabled":true,"distributor_meta":false,"distributor_terms":false,"distributor_media":false,"distributor_original_site_name":"Grazia M\u00e9xico y Latinoam\u00e9rica","distributor_original_site_url":"https:\/\/graziamagazine.com\/mx","push-errors":false,"_links":{"self":[{"href":"https:\/\/graziamagazine.com\/mx\/wp-json\/wp\/v2\/articles\/130915"}],"collection":[{"href":"https:\/\/graziamagazine.com\/mx\/wp-json\/wp\/v2\/articles"}],"about":[{"href":"https:\/\/graziamagazine.com\/mx\/wp-json\/wp\/v2\/types\/articles"}],"author":[{"embeddable":true,"href":"https:\/\/graziamagazine.com\/mx\/wp-json\/wp\/v2\/users\/36289"}],"wp:featuredmedia":[{"embeddable":true,"href":"https:\/\/graziamagazine.com\/mx\/wp-json\/wp\/v2\/media\/130916"}],"wp:attachment":[{"href":"https:\/\/graziamagazine.com\/mx\/wp-json\/wp\/v2\/media?parent=130915"}],"wp:term":[{"taxonomy":"category","embeddable":true,"href":"https:\/\/graziamagazine.com\/mx\/wp-json\/wp\/v2\/categories?post=130915"}],"curies":[{"name":"wp","href":"https:\/\/api.w.org\/{rel}","templated":true}]}}