{"id":130804,"date":"2023-10-26T07:00:17","date_gmt":"2023-10-26T12:00:17","guid":{"rendered":"https:\/\/graziamagazine.com\/mx\/?post_type=articles&#038;p=130804"},"modified":"2024-03-05T14:09:49","modified_gmt":"2024-03-05T19:09:49","slug":"cinta-de-pelo-asi-es-como-puedes-llevarla-esta-temporada","status":"publish","type":"articles","link":"https:\/\/graziamagazine.com\/mx\/articles\/cinta-de-pelo-asi-es-como-puedes-llevarla-esta-temporada\/","title":{"rendered":"Cinta de Pelo: As\u00ed es como puedes llevarla esta temporada"},"content":{"rendered":"<p>Las cintas de pelo son un accesorio vers\u00e1til que ha conquistado las pasarelas y el mundo de la moda en esta temporada. Desde estilos elegantes hasta opciones casuales, las<strong> cintas para el cabello<\/strong> pueden transformar tu look en cuesti\u00f3n de segundos.<\/p>\n<p>Te contamos todo sobre las cintas de pelo y c\u00f3mo puedes lucirlas con estilo. \u00a1Prep\u00e1rate para darle a tu peinado un toque especial!<\/p>\n<h3>Cintas Anchas y Estampadas<\/h3>\n<figure id=\"attachment_130810\" aria-describedby=\"caption-attachment-130810\" style=\"width: 480px\" class=\"wp-caption alignnone\"><img loading=\"lazy\" decoding=\"async\" class=\"wp-image-130810 size-full\" src=\"https:\/\/graziamagazine.com\/mx\/wp-content\/uploads\/sites\/13\/2023\/10\/6f1ec13a269532ea49648253da51c071-e1698322805692.jpg\" alt=\"Cinta de Pelo: As\u00ed es como puedes llevarla esta temporada\" width=\"480\" height=\"624\" \/><figcaption id=\"caption-attachment-130810\" class=\"wp-caption-text\">Cinta de Pelo: As\u00ed es como puedes llevarla esta temporada<\/figcaption><\/figure>\n<p>Las cintas anchas con estampados llamativos son una elecci\u00f3n audaz para un look a la moda. Puedes combinarlas con un mo\u00f1o bajo para un estilo elegante o usarlas con el cabello suelto para un toque bohemio. Estas cintas son ideales para eventos especiales y salidas nocturnas.<\/p>\n<h3>Minimalismo con Cintas Delgadas<br \/>\n<img loading=\"lazy\" decoding=\"async\" class=\"alignnone wp-image-130812 size-full\" src=\"https:\/\/graziamagazine.com\/mx\/wp-content\/uploads\/sites\/13\/2023\/10\/480x624-67d95470-55d5-11e6-9f9e-9bb99ae33749pelo-ponte-la-cinta-cinta-negra-6014893-1-esl-es-cinta-negra-jpg.jpg\" alt=\"\" width=\"480\" height=\"624\" \/><\/h3>\n<p>El minimalismo sigue siendo una tendencia fuerte en la moda, y las cintas delgadas son la elecci\u00f3n perfecta para quienes prefieren un enfoque m\u00e1s sutil. Coloca una cinta delgada en la base de una coleta o alrededor de un recogido bajo para un aspecto sofisticado y limpio.<\/p>\n<h3>Estilo Retro con nudo<\/h3>\n<figure id=\"attachment_130813\" aria-describedby=\"caption-attachment-130813\" style=\"width: 681px\" class=\"wp-caption alignnone\"><img loading=\"lazy\" decoding=\"async\" class=\"wp-image-130813 size-large\" src=\"https:\/\/graziamagazine.com\/mx\/wp-content\/uploads\/sites\/13\/2023\/10\/8c861315a86441a4c6d91cf0baa91a01.jpg?resize=681,1024\" alt=\"Cinta de Pelo: As\u00ed es como puedes llevarla esta temporada\" width=\"681\" height=\"1024\" \/><figcaption id=\"caption-attachment-130813\" class=\"wp-caption-text\">Cinta de Pelo: As\u00ed es como puedes llevarla esta temporada<\/figcaption><\/figure>\n<p>El estilo retro est\u00e1 en pleno auge, y las cintas de pelo con nudos son una excelente manera de abrazar esta tendencia. Simplemente ata la cinta en un nudo en la parte superior de la cabeza y deja que los extremos cuelguen hacia atr\u00e1s. Este look aporta un toque vintage y es perfecto para cualquier ocasi\u00f3n.<\/p>\n<h3>Cintas Met\u00e1licas para un Brillo Adicional<\/h3>\n<figure id=\"attachment_130814\" aria-describedby=\"caption-attachment-130814\" style=\"width: 684px\" class=\"wp-caption alignnone\"><img loading=\"lazy\" decoding=\"async\" class=\"wp-image-130814 size-large\" src=\"https:\/\/graziamagazine.com\/mx\/wp-content\/uploads\/sites\/13\/2023\/10\/Captura-de-Pantalla-2023-10-26-a-las-6.22.59.png?resize=684,1024\" alt=\"Cinta de Pelo: As\u00ed es como puedes llevarla esta temporada\" width=\"684\" height=\"1024\" \/><figcaption id=\"caption-attachment-130814\" class=\"wp-caption-text\">Cinta de Pelo: As\u00ed es como puedes llevarla esta temporada<\/figcaption><\/figure>\n<p>Si quieres a\u00f1adir un toque de brillo a tu peinado, opta por cintas met\u00e1licas. Estas cintas brillantes son ideales para eventos formales y fiestas. Puedes usarlas como una diadema o entrelazarlas en una trenza para un efecto deslumbrante.<\/p>\n<h3>C\u00f3mo Elegir la Cinta Perfecta<br \/>\n<img loading=\"lazy\" decoding=\"async\" class=\"alignnone wp-image-130815 size-full\" src=\"https:\/\/graziamagazine.com\/mx\/wp-content\/uploads\/sites\/13\/2023\/10\/406424b7f19027c8cdf0d1896f05f683-e1698323307255.jpg\" alt=\"\" width=\"480\" height=\"720\" \/><\/h3>\n<p>A la hora de elegir la cinta de pelo perfecta, ten en cuenta tu estilo personal y la ocasi\u00f3n. Las cintas anchas son ideales para eventos especiales, mientras que las delgadas son adecuadas para el uso diario. Explora diferentes colores y estampados para a\u00f1adir diversidad a tu colecci\u00f3n de accesorios para el cabello.<\/p>\n<p>Transforma tu peinado y eleva tu estilo con estos <em>hair tips<\/em> y \u00a1an\u00edmate a experimentar y divi\u00e9rtete con tus cintas de pelo esta temporada!<\/p>\n<p><em><strong>*IMAGEN: Google Images<\/strong><\/em><\/p>\n","protected":false},"author":28953,"featured_media":130805,"template":"","format":"standard","categories":[15260],"acf":[],"yoast_head":"<!-- This site is optimized with the Yoast SEO Premium plugin v18.5 (Yoast SEO v20.4) - https:\/\/yoast.com\/wordpress\/plugins\/seo\/ -->\n<title>Cinta de Pelo: As\u00ed es como puedes llevarla esta temporada<\/title>\n<meta name=\"description\" content=\"La cinta de pelo es un accesorio cl\u00e1sico que nunca pasa de moda. Esta temporada, est\u00e1 de vuelta con fuerza, y se lleva de muchas maneras diferentes.\" \/>\n<meta name=\"robots\" content=\"index, follow, max-snippet:-1, max-image-preview:large, max-video-preview:-1\" \/>\n<link rel=\"canonical\" href=\"https:\/\/graziamagazine.com\/mx\/articles\/cinta-de-pelo-asi-es-como-puedes-llevarla-esta-temporada\/\" \/>\n<meta property=\"og:locale\" content=\"es_MX\" \/>\n<meta property=\"og:type\" content=\"article\" \/>\n<meta property=\"og:title\" content=\"Cinta de Pelo: As\u00ed es como puedes llevarla esta temporada\" \/>\n<meta property=\"og:description\" content=\"La cinta de pelo es un accesorio cl\u00e1sico que nunca pasa de moda. Esta temporada, est\u00e1 de vuelta con fuerza, y se lleva de muchas maneras diferentes.\" \/>\n<meta property=\"og:url\" content=\"https:\/\/graziamagazine.com\/mx\/articles\/cinta-de-pelo-asi-es-como-puedes-llevarla-esta-temporada\/\" \/>\n<meta property=\"og:site_name\" content=\"Grazia M\u00e9xico y Latinoam\u00e9rica\" \/>\n<meta property=\"article:modified_time\" content=\"2024-03-05T19:09:49+00:00\" \/>\n<meta property=\"og:image\" content=\"https:\/\/graziamagazine.com\/mx\/wp-content\/uploads\/sites\/13\/2023\/10\/869dc3e1-ff05-4573-b58e-2721af766a27_alta-aspect-ratio_default_0.jpg\" \/>\n\t<meta property=\"og:image:width\" content=\"1200\" \/>\n\t<meta property=\"og:image:height\" content=\"675\" \/>\n\t<meta property=\"og:image:type\" content=\"image\/jpeg\" \/>\n<meta name=\"twitter:card\" content=\"summary_large_image\" \/>\n<meta name=\"twitter:label1\" content=\"Est. reading time\" \/>\n\t<meta name=\"twitter:data1\" content=\"3 minutos\" \/>\n<script type=\"application\/ld+json\" class=\"yoast-schema-graph\">{\"@context\":\"https:\/\/schema.org\",\"@graph\":[{\"@type\":\"WebPage\",\"@id\":\"https:\/\/graziamagazine.com\/mx\/articles\/cinta-de-pelo-asi-es-como-puedes-llevarla-esta-temporada\/\",\"url\":\"https:\/\/graziamagazine.com\/mx\/articles\/cinta-de-pelo-asi-es-como-puedes-llevarla-esta-temporada\/\",\"name\":\"Cinta de Pelo: As\u00ed es como puedes llevarla esta temporada\",\"isPartOf\":{\"@id\":\"https:\/\/graziamagazine.com\/mx\/#website\"},\"datePublished\":\"2023-10-26T12:00:17+00:00\",\"dateModified\":\"2024-03-05T19:09:49+00:00\",\"description\":\"La cinta de pelo es un accesorio cl\u00e1sico que nunca pasa de moda. Esta temporada, est\u00e1 de vuelta con fuerza, y se lleva de muchas maneras diferentes.\",\"breadcrumb\":{\"@id\":\"https:\/\/graziamagazine.com\/mx\/articles\/cinta-de-pelo-asi-es-como-puedes-llevarla-esta-temporada\/#breadcrumb\"},\"inLanguage\":\"es-MX\",\"potentialAction\":[{\"@type\":\"ReadAction\",\"target\":[\"https:\/\/graziamagazine.com\/mx\/articles\/cinta-de-pelo-asi-es-como-puedes-llevarla-esta-temporada\/\"]}]},{\"@type\":\"BreadcrumbList\",\"@id\":\"https:\/\/graziamagazine.com\/mx\/articles\/cinta-de-pelo-asi-es-como-puedes-llevarla-esta-temporada\/#breadcrumb\",\"itemListElement\":[{\"@type\":\"ListItem\",\"position\":1,\"name\":\"Home\",\"item\":\"https:\/\/graziamagazine.com\/mx\/\"},{\"@type\":\"ListItem\",\"position\":2,\"name\":\"Cinta de Pelo: As\u00ed es como puedes llevarla esta temporada\"}]},{\"@type\":\"WebSite\",\"@id\":\"https:\/\/graziamagazine.com\/mx\/#website\",\"url\":\"https:\/\/graziamagazine.com\/mx\/\",\"name\":\"Grazia M\u00e9xico y Latinoam\u00e9rica\",\"description\":\"Grazia es moda, belleza y noticias  de actualidad \",\"potentialAction\":[{\"@type\":\"SearchAction\",\"target\":{\"@type\":\"EntryPoint\",\"urlTemplate\":\"https:\/\/graziamagazine.com\/mx\/?s={search_term_string}\"},\"query-input\":\"required name=search_term_string\"}],\"inLanguage\":\"es-MX\"}]}<\/script>\n<!-- \/ Yoast SEO Premium plugin. -->","yoast_head_json":{"title":"Cinta de Pelo: As\u00ed es como puedes llevarla esta temporada","description":"La cinta de pelo es un accesorio cl\u00e1sico que nunca pasa de moda. Esta temporada, est\u00e1 de vuelta con fuerza, y se lleva de muchas maneras diferentes.","robots":{"index":"index","follow":"follow","max-snippet":"max-snippet:-1","max-image-preview":"max-image-preview:large","max-video-preview":"max-video-preview:-1"},"canonical":"https:\/\/graziamagazine.com\/mx\/articles\/cinta-de-pelo-asi-es-como-puedes-llevarla-esta-temporada\/","og_locale":"es_MX","og_type":"article","og_title":"Cinta de Pelo: As\u00ed es como puedes llevarla esta temporada","og_description":"La cinta de pelo es un accesorio cl\u00e1sico que nunca pasa de moda. Esta temporada, est\u00e1 de vuelta con fuerza, y se lleva de muchas maneras diferentes.","og_url":"https:\/\/graziamagazine.com\/mx\/articles\/cinta-de-pelo-asi-es-como-puedes-llevarla-esta-temporada\/","og_site_name":"Grazia M\u00e9xico y Latinoam\u00e9rica","article_modified_time":"2024-03-05T19:09:49+00:00","og_image":[{"width":1200,"height":675,"url":"https:\/\/graziamagazine.com\/mx\/wp-content\/uploads\/sites\/13\/2023\/10\/869dc3e1-ff05-4573-b58e-2721af766a27_alta-aspect-ratio_default_0.jpg","type":"image\/jpeg"}],"twitter_card":"summary_large_image","twitter_misc":{"Est. reading time":"3 minutos"},"schema":{"@context":"https:\/\/schema.org","@graph":[{"@type":"WebPage","@id":"https:\/\/graziamagazine.com\/mx\/articles\/cinta-de-pelo-asi-es-como-puedes-llevarla-esta-temporada\/","url":"https:\/\/graziamagazine.com\/mx\/articles\/cinta-de-pelo-asi-es-como-puedes-llevarla-esta-temporada\/","name":"Cinta de Pelo: As\u00ed es como puedes llevarla esta temporada","isPartOf":{"@id":"https:\/\/graziamagazine.com\/mx\/#website"},"datePublished":"2023-10-26T12:00:17+00:00","dateModified":"2024-03-05T19:09:49+00:00","description":"La cinta de pelo es un accesorio cl\u00e1sico que nunca pasa de moda. Esta temporada, est\u00e1 de vuelta con fuerza, y se lleva de muchas maneras diferentes.","breadcrumb":{"@id":"https:\/\/graziamagazine.com\/mx\/articles\/cinta-de-pelo-asi-es-como-puedes-llevarla-esta-temporada\/#breadcrumb"},"inLanguage":"es-MX","potentialAction":[{"@type":"ReadAction","target":["https:\/\/graziamagazine.com\/mx\/articles\/cinta-de-pelo-asi-es-como-puedes-llevarla-esta-temporada\/"]}]},{"@type":"BreadcrumbList","@id":"https:\/\/graziamagazine.com\/mx\/articles\/cinta-de-pelo-asi-es-como-puedes-llevarla-esta-temporada\/#breadcrumb","itemListElement":[{"@type":"ListItem","position":1,"name":"Home","item":"https:\/\/graziamagazine.com\/mx\/"},{"@type":"ListItem","position":2,"name":"Cinta de Pelo: As\u00ed es como puedes llevarla esta temporada"}]},{"@type":"WebSite","@id":"https:\/\/graziamagazine.com\/mx\/#website","url":"https:\/\/graziamagazine.com\/mx\/","name":"Grazia M\u00e9xico y Latinoam\u00e9rica","description":"Grazia es moda, belleza y noticias  de actualidad ","potentialAction":[{"@type":"SearchAction","target":{"@type":"EntryPoint","urlTemplate":"https:\/\/graziamagazine.com\/mx\/?s={search_term_string}"},"query-input":"required name=search_term_string"}],"inLanguage":"es-MX"}]}},"jetpack_sharing_enabled":true,"distributor_meta":false,"distributor_terms":false,"distributor_media":false,"distributor_original_site_name":"Grazia M\u00e9xico y Latinoam\u00e9rica","distributor_original_site_url":"https:\/\/graziamagazine.com\/mx","push-errors":false,"_links":{"self":[{"href":"https:\/\/graziamagazine.com\/mx\/wp-json\/wp\/v2\/articles\/130804"}],"collection":[{"href":"https:\/\/graziamagazine.com\/mx\/wp-json\/wp\/v2\/articles"}],"about":[{"href":"https:\/\/graziamagazine.com\/mx\/wp-json\/wp\/v2\/types\/articles"}],"author":[{"embeddable":true,"href":"https:\/\/graziamagazine.com\/mx\/wp-json\/wp\/v2\/users\/28953"}],"wp:featuredmedia":[{"embeddable":true,"href":"https:\/\/graziamagazine.com\/mx\/wp-json\/wp\/v2\/media\/130805"}],"wp:attachment":[{"href":"https:\/\/graziamagazine.com\/mx\/wp-json\/wp\/v2\/media?parent=130804"}],"wp:term":[{"taxonomy":"category","embeddable":true,"href":"https:\/\/graziamagazine.com\/mx\/wp-json\/wp\/v2\/categories?post=130804"}],"curies":[{"name":"wp","href":"https:\/\/api.w.org\/{rel}","templated":true}]}}