{"id":130778,"date":"2023-10-25T19:49:13","date_gmt":"2023-10-26T00:49:13","guid":{"rendered":"https:\/\/graziamagazine.com\/mx\/?post_type=articles&#038;p=130778"},"modified":"2023-10-26T11:42:35","modified_gmt":"2023-10-26T16:42:35","slug":"skims-de-kim-kardashian-lanza-linea-de-lenceria-para-hombres-y-es-protagonizada-por-deportistas","status":"publish","type":"articles","link":"https:\/\/graziamagazine.com\/mx\/articles\/skims-de-kim-kardashian-lanza-linea-de-lenceria-para-hombres-y-es-protagonizada-por-deportistas\/","title":{"rendered":"Skims, de Kim Kardashian, lanza l\u00ednea de lencer\u00eda para hombres y es protagonizada por deportistas"},"content":{"rendered":"<p><span style=\"font-weight: 400;\"><strong>Skims<\/strong>, la marca de lencer\u00eda propiedad de <strong>Kim Kardashian<\/strong>, est\u00e1 ampliando sus horizontes con una l\u00ednea de lencer\u00eda creada especialmente para hombres. Para darla a conocer, <strong>Nick Bosa<\/strong> &#8211; defensa de los San Francisco 49ers -, <strong>Shai Gilgeous-Alexander<\/strong> &#8211; base de los Oklahoma City Thunder -, y <strong>Neymar<\/strong> &#8211; estrella del f\u00fatbol brasile\u00f1o &#8211; se han quitado la ropa y mostrado sus abs.<\/span><\/p>\n<p><span style=\"font-weight: 400;\">Si bien la marca ofrec\u00eda anteriormente estilos unisex a trav\u00e9s de su Colecci\u00f3n Boyfriend, esta nueva l\u00ednea representa la primera vez que Skims crea art\u00edculos para hombres, una categor\u00eda que la marca &#8220;nunca tuvo una solicitud m\u00e1s grande que la de lanzar&#8221;, como dijo Kardashian en una entrevista.<\/span><\/p>\n<p><img loading=\"lazy\" decoding=\"async\" class=\"alignnone wp-image-130781 size-large\" src=\"https:\/\/graziamagazine.com\/mx\/wp-content\/uploads\/sites\/13\/2023\/10\/Captura-de-Pantalla-2023-10-25-a-las-17.47.36.png?w=411\" alt=\"\" width=\"411\" height=\"534\" \/><\/p>\n<p><span style=\"font-weight: 400;\">Si bien las prendas unisex originalmente \u201ciban a ser el comienzo\u201d de su l\u00ednea masculina, cambi\u00f3 de estrategia bas\u00e1ndose en los comentarios de su hermano, <strong>Rob Kardashian.<\/strong><\/span><\/p>\n<p><span style=\"font-weight: 400;\">\u201cMi hermano se lo estaba probando todo y era mi modelo en forma, y pens\u00f3 que el material era demasiado delgado y ten\u00eda muchas notas\u201d, agreg\u00f3, quien luego se embarc\u00f3 en un proceso de tres a\u00f1os para crear una gama completa de ropa masculina.<\/span><\/p>\n<p><img loading=\"lazy\" decoding=\"async\" class=\"alignnone wp-image-130780 size-large\" src=\"https:\/\/graziamagazine.com\/mx\/wp-content\/uploads\/sites\/13\/2023\/10\/Captura-de-Pantalla-2023-10-25-a-las-17.47.48.png?w=413\" alt=\"\" width=\"413\" height=\"586\" \/><\/p>\n<p><span style=\"font-weight: 400;\">El resultado final de <a href=\"https:\/\/graziamagazine.com\/mx\/articles\/beatrice-granno-y-simona-tabasco-de-the-white-lotus-posan-para-skims\/\">Skims<\/a>, que se lanzar\u00e1 el 26 de octubre, tiene un precio de entre <strong>$16 y $54 d\u00f3lares y se ofrece en tallas XS a 5X<\/strong>, en tres colecciones centradas en telas stretch para una sensaci\u00f3n de ligereza, algod\u00f3n para uso diario y sport, dise\u00f1ado para mejorar el rendimiento.<\/span><\/p>\n<p><span style=\"font-weight: 400;\">Este \u00faltimo es el favorito de Kim que, como dijo en la entrevista, se inspir\u00f3 tras &#8220;experimentar deportes con mis hijos, hacerlos parte de nuestra vida diaria con mi hija que ama el baloncesto, mi hijo que juega f\u00fatbol americano y f\u00fatbol&#8221;.<\/span><\/p>\n<p><img loading=\"lazy\" decoding=\"async\" class=\"alignnone wp-image-130779 size-large\" src=\"https:\/\/graziamagazine.com\/mx\/wp-content\/uploads\/sites\/13\/2023\/10\/Captura-de-Pantalla-2023-10-25-a-las-17.47.59.png?w=461\" alt=\"\" width=\"461\" height=\"528\" \/><\/p>\n","protected":false},"author":11628,"featured_media":117974,"template":"","format":"standard","categories":[4],"acf":[],"yoast_head":"<!-- This site is optimized with the Yoast SEO Premium plugin v18.5 (Yoast SEO v20.4) - https:\/\/yoast.com\/wordpress\/plugins\/seo\/ -->\n<title>Skims, de Kim Kardashian, lanza l\u00ednea de lencer\u00eda para hombres y es protagonizada por deportistas | Grazia M\u00e9xico y Latinoam\u00e9rica<\/title>\n<meta name=\"description\" content=\"Skims, la marca de lencer\u00eda propiedad de Kim Kardashian, est\u00e1 ampliando sus horizontes con una l\u00ednea de lencer\u00eda creada especialmente para hombres. Para\" \/>\n<meta name=\"robots\" content=\"index, follow, max-snippet:-1, max-image-preview:large, max-video-preview:-1\" \/>\n<link rel=\"canonical\" href=\"https:\/\/graziamagazine.com\/mx\/articles\/skims-de-kim-kardashian-lanza-linea-de-lenceria-para-hombres-y-es-protagonizada-por-deportistas\/\" \/>\n<meta property=\"og:locale\" content=\"es_MX\" \/>\n<meta property=\"og:type\" content=\"article\" \/>\n<meta property=\"og:title\" content=\"Skims, de Kim Kardashian, lanza l\u00ednea de lencer\u00eda para hombres y es protagonizada por deportistas\" \/>\n<meta property=\"og:description\" content=\"Skims, la marca de lencer\u00eda propiedad de Kim Kardashian, est\u00e1 ampliando sus horizontes con una l\u00ednea de lencer\u00eda creada especialmente para hombres. Para\" \/>\n<meta property=\"og:url\" content=\"https:\/\/graziamagazine.com\/mx\/articles\/skims-de-kim-kardashian-lanza-linea-de-lenceria-para-hombres-y-es-protagonizada-por-deportistas\/\" \/>\n<meta property=\"og:site_name\" content=\"Grazia M\u00e9xico y Latinoam\u00e9rica\" \/>\n<meta property=\"article:modified_time\" content=\"2023-10-26T16:42:35+00:00\" \/>\n<meta property=\"og:image\" content=\"https:\/\/graziamagazine.com\/mx\/wp-content\/uploads\/sites\/13\/2022\/10\/Captura-de-Pantalla-2022-10-07-a-las-10.37.49.png\" \/>\n\t<meta property=\"og:image:width\" content=\"1024\" \/>\n\t<meta property=\"og:image:height\" content=\"659\" \/>\n\t<meta property=\"og:image:type\" content=\"image\/png\" \/>\n<meta name=\"twitter:card\" content=\"summary_large_image\" \/>\n<meta name=\"twitter:label1\" content=\"Est. reading time\" \/>\n\t<meta name=\"twitter:data1\" content=\"2 minutos\" \/>\n<script type=\"application\/ld+json\" class=\"yoast-schema-graph\">{\"@context\":\"https:\/\/schema.org\",\"@graph\":[{\"@type\":\"WebPage\",\"@id\":\"https:\/\/graziamagazine.com\/mx\/articles\/skims-de-kim-kardashian-lanza-linea-de-lenceria-para-hombres-y-es-protagonizada-por-deportistas\/\",\"url\":\"https:\/\/graziamagazine.com\/mx\/articles\/skims-de-kim-kardashian-lanza-linea-de-lenceria-para-hombres-y-es-protagonizada-por-deportistas\/\",\"name\":\"Skims, de Kim Kardashian, lanza l\u00ednea de lencer\u00eda para hombres y es protagonizada por deportistas | Grazia M\u00e9xico y Latinoam\u00e9rica\",\"isPartOf\":{\"@id\":\"https:\/\/graziamagazine.com\/mx\/#website\"},\"datePublished\":\"2023-10-26T00:49:13+00:00\",\"dateModified\":\"2023-10-26T16:42:35+00:00\",\"description\":\"Skims, la marca de lencer\u00eda propiedad de Kim Kardashian, est\u00e1 ampliando sus horizontes con una l\u00ednea de lencer\u00eda creada especialmente para hombres. Para\",\"breadcrumb\":{\"@id\":\"https:\/\/graziamagazine.com\/mx\/articles\/skims-de-kim-kardashian-lanza-linea-de-lenceria-para-hombres-y-es-protagonizada-por-deportistas\/#breadcrumb\"},\"inLanguage\":\"es-MX\",\"potentialAction\":[{\"@type\":\"ReadAction\",\"target\":[\"https:\/\/graziamagazine.com\/mx\/articles\/skims-de-kim-kardashian-lanza-linea-de-lenceria-para-hombres-y-es-protagonizada-por-deportistas\/\"]}]},{\"@type\":\"BreadcrumbList\",\"@id\":\"https:\/\/graziamagazine.com\/mx\/articles\/skims-de-kim-kardashian-lanza-linea-de-lenceria-para-hombres-y-es-protagonizada-por-deportistas\/#breadcrumb\",\"itemListElement\":[{\"@type\":\"ListItem\",\"position\":1,\"name\":\"Home\",\"item\":\"https:\/\/graziamagazine.com\/mx\/\"},{\"@type\":\"ListItem\",\"position\":2,\"name\":\"Skims, de Kim Kardashian, lanza l\u00ednea de lencer\u00eda para hombres y es protagonizada por deportistas\"}]},{\"@type\":\"WebSite\",\"@id\":\"https:\/\/graziamagazine.com\/mx\/#website\",\"url\":\"https:\/\/graziamagazine.com\/mx\/\",\"name\":\"Grazia M\u00e9xico y Latinoam\u00e9rica\",\"description\":\"Grazia es moda, belleza y noticias  de actualidad \",\"potentialAction\":[{\"@type\":\"SearchAction\",\"target\":{\"@type\":\"EntryPoint\",\"urlTemplate\":\"https:\/\/graziamagazine.com\/mx\/?s={search_term_string}\"},\"query-input\":\"required name=search_term_string\"}],\"inLanguage\":\"es-MX\"}]}<\/script>\n<!-- \/ Yoast SEO Premium plugin. -->","yoast_head_json":{"title":"Skims, de Kim Kardashian, lanza l\u00ednea de lencer\u00eda para hombres y es protagonizada por deportistas | Grazia M\u00e9xico y Latinoam\u00e9rica","description":"Skims, la marca de lencer\u00eda propiedad de Kim Kardashian, est\u00e1 ampliando sus horizontes con una l\u00ednea de lencer\u00eda creada especialmente para hombres. Para","robots":{"index":"index","follow":"follow","max-snippet":"max-snippet:-1","max-image-preview":"max-image-preview:large","max-video-preview":"max-video-preview:-1"},"canonical":"https:\/\/graziamagazine.com\/mx\/articles\/skims-de-kim-kardashian-lanza-linea-de-lenceria-para-hombres-y-es-protagonizada-por-deportistas\/","og_locale":"es_MX","og_type":"article","og_title":"Skims, de Kim Kardashian, lanza l\u00ednea de lencer\u00eda para hombres y es protagonizada por deportistas","og_description":"Skims, la marca de lencer\u00eda propiedad de Kim Kardashian, est\u00e1 ampliando sus horizontes con una l\u00ednea de lencer\u00eda creada especialmente para hombres. Para","og_url":"https:\/\/graziamagazine.com\/mx\/articles\/skims-de-kim-kardashian-lanza-linea-de-lenceria-para-hombres-y-es-protagonizada-por-deportistas\/","og_site_name":"Grazia M\u00e9xico y Latinoam\u00e9rica","article_modified_time":"2023-10-26T16:42:35+00:00","og_image":[{"url":"https:\/\/graziamagazine.com\/mx\/wp-content\/uploads\/sites\/13\/2022\/10\/Captura-de-Pantalla-2022-10-07-a-las-10.37.49.png","width":1024,"height":659,"type":"image\/png"}],"twitter_card":"summary_large_image","twitter_misc":{"Est. reading time":"2 minutos"},"schema":{"@context":"https:\/\/schema.org","@graph":[{"@type":"WebPage","@id":"https:\/\/graziamagazine.com\/mx\/articles\/skims-de-kim-kardashian-lanza-linea-de-lenceria-para-hombres-y-es-protagonizada-por-deportistas\/","url":"https:\/\/graziamagazine.com\/mx\/articles\/skims-de-kim-kardashian-lanza-linea-de-lenceria-para-hombres-y-es-protagonizada-por-deportistas\/","name":"Skims, de Kim Kardashian, lanza l\u00ednea de lencer\u00eda para hombres y es protagonizada por deportistas | Grazia M\u00e9xico y Latinoam\u00e9rica","isPartOf":{"@id":"https:\/\/graziamagazine.com\/mx\/#website"},"datePublished":"2023-10-26T00:49:13+00:00","dateModified":"2023-10-26T16:42:35+00:00","description":"Skims, la marca de lencer\u00eda propiedad de Kim Kardashian, est\u00e1 ampliando sus horizontes con una l\u00ednea de lencer\u00eda creada especialmente para hombres. Para","breadcrumb":{"@id":"https:\/\/graziamagazine.com\/mx\/articles\/skims-de-kim-kardashian-lanza-linea-de-lenceria-para-hombres-y-es-protagonizada-por-deportistas\/#breadcrumb"},"inLanguage":"es-MX","potentialAction":[{"@type":"ReadAction","target":["https:\/\/graziamagazine.com\/mx\/articles\/skims-de-kim-kardashian-lanza-linea-de-lenceria-para-hombres-y-es-protagonizada-por-deportistas\/"]}]},{"@type":"BreadcrumbList","@id":"https:\/\/graziamagazine.com\/mx\/articles\/skims-de-kim-kardashian-lanza-linea-de-lenceria-para-hombres-y-es-protagonizada-por-deportistas\/#breadcrumb","itemListElement":[{"@type":"ListItem","position":1,"name":"Home","item":"https:\/\/graziamagazine.com\/mx\/"},{"@type":"ListItem","position":2,"name":"Skims, de Kim Kardashian, lanza l\u00ednea de lencer\u00eda para hombres y es protagonizada por deportistas"}]},{"@type":"WebSite","@id":"https:\/\/graziamagazine.com\/mx\/#website","url":"https:\/\/graziamagazine.com\/mx\/","name":"Grazia M\u00e9xico y Latinoam\u00e9rica","description":"Grazia es moda, belleza y noticias  de actualidad ","potentialAction":[{"@type":"SearchAction","target":{"@type":"EntryPoint","urlTemplate":"https:\/\/graziamagazine.com\/mx\/?s={search_term_string}"},"query-input":"required name=search_term_string"}],"inLanguage":"es-MX"}]}},"jetpack_sharing_enabled":true,"distributor_meta":false,"distributor_terms":false,"distributor_media":false,"distributor_original_site_name":"Grazia M\u00e9xico y Latinoam\u00e9rica","distributor_original_site_url":"https:\/\/graziamagazine.com\/mx","push-errors":false,"_links":{"self":[{"href":"https:\/\/graziamagazine.com\/mx\/wp-json\/wp\/v2\/articles\/130778"}],"collection":[{"href":"https:\/\/graziamagazine.com\/mx\/wp-json\/wp\/v2\/articles"}],"about":[{"href":"https:\/\/graziamagazine.com\/mx\/wp-json\/wp\/v2\/types\/articles"}],"author":[{"embeddable":true,"href":"https:\/\/graziamagazine.com\/mx\/wp-json\/wp\/v2\/users\/11628"}],"wp:featuredmedia":[{"embeddable":true,"href":"https:\/\/graziamagazine.com\/mx\/wp-json\/wp\/v2\/media\/117974"}],"wp:attachment":[{"href":"https:\/\/graziamagazine.com\/mx\/wp-json\/wp\/v2\/media?parent=130778"}],"wp:term":[{"taxonomy":"category","embeddable":true,"href":"https:\/\/graziamagazine.com\/mx\/wp-json\/wp\/v2\/categories?post=130778"}],"curies":[{"name":"wp","href":"https:\/\/api.w.org\/{rel}","templated":true}]}}