{"id":130449,"date":"2023-10-12T21:29:51","date_gmt":"2023-10-13T02:29:51","guid":{"rendered":"https:\/\/graziamagazine.com\/mx\/?post_type=articles&#038;p=130449"},"modified":"2023-10-13T12:33:54","modified_gmt":"2023-10-13T17:33:54","slug":"patrick-dempsey-en-mexico-para-correr-la-carrera-panamericana-2023","status":"publish","type":"articles","link":"https:\/\/graziamagazine.com\/mx\/articles\/patrick-dempsey-en-mexico-para-correr-la-carrera-panamericana-2023\/","title":{"rendered":"\u00a1Patrick Dempsey en M\u00e9xico para correr la Carrera Panamericana 2023!"},"content":{"rendered":"<p><span style=\"font-weight: 400;\"><strong>Patrick Dempsey,<\/strong> el actor conocido por interpretar al doctor Derek Shepherd en<em><strong> Grey\u2019s Anatomy<\/strong><\/em>, lleg\u00f3 a Boca del R\u00edo, Veracruz, pero no para grabar una pel\u00edcula, sino que para competir en la <strong>Carrera Panamericana 2023.<\/strong><\/span><\/p>\n<p><span style=\"font-weight: 400;\">El actor con participaci\u00f3n en m\u00e1s de 70 producciones, tambi\u00e9n es un piloto de carreras y desde 2004 ha participado en numerosas pruebas, incluyendo las 24 Horas de Le Mans.<\/span><\/p>\n<p><span style=\"font-weight: 400;\">Y, ahora en M\u00e9xico, <a href=\"https:\/\/graziamagazine.com\/mx\/articles\/disenchanted-este-es-el-elenco-completo-de-la-secuela-de-enchanted\/\">Patrick Dempsey<\/a> buscar\u00e1 tener una gran participaci\u00f3n en esta carrera que abarcar\u00e1 3 mil 600 kil\u00f3metros a lo largo de varios estados de nuestro pa\u00eds.<\/span><\/p>\n<p><img loading=\"lazy\" decoding=\"async\" class=\"alignnone size-medium wp-image-130450\" src=\"https:\/\/graziamagazine.com\/mx\/wp-content\/uploads\/sites\/13\/2023\/10\/Captura-de-Pantalla-2023-10-12-a-las-20.31.19.png?w=450\" alt=\"\" width=\"450\" height=\"291\" \/><\/p>\n<p><span style=\"font-weight: 400;\">La carrera se llevar\u00e1 a cabo del <strong>13 al 19 de octubre<\/strong>,y\u00a0 el actor de 57 a\u00f1os, recorrer\u00e1 a lo largo de 8 estados a bordo de un Porsche 718 Cayman GT4 de Tag Heuer.<\/span><\/p>\n<p><span style=\"font-weight: 400;\">En caso de que te preguntes por d\u00f3nde pasar\u00e1 el doctor Shepherd, la carrera se iniciar\u00e1 en Veracruz y pasar\u00e1 a Oaxaca, CDMX, Quer\u00e9taro, Guanajuato, Aguascalientes, San Luis Potos\u00ed y terminar\u00e1 en Nuevo Le\u00f3n.<\/span><\/p>\n<p><span style=\"font-weight: 400;\">La Carrera Panamericana cuenta con 11 categor\u00edas diferentes que dependen de varias cosas como el a\u00f1o del auto, la capacidad del motor, sus frenos y otras caracter\u00edsticas.<\/span><\/p>\n<p><span style=\"font-weight: 400;\">\u00bfEl doctor favorito de la televisi\u00f3n tendr\u00e1 \u00e9xito en M\u00e9xico?<\/span><\/p>\n","protected":false},"author":11628,"featured_media":130451,"template":"","format":"standard","categories":[12483],"acf":[],"yoast_head":"<!-- This site is optimized with the Yoast SEO Premium plugin v18.5 (Yoast SEO v20.4) - https:\/\/yoast.com\/wordpress\/plugins\/seo\/ -->\n<title>\u00a1Patrick Dempsey en M\u00e9xico para correr la Carrera Panamericana 2023! | Grazia M\u00e9xico y Latinoam\u00e9rica<\/title>\n<meta name=\"description\" content=\"Patrick Dempsey, el actor conocido por interpretar al doctor Derek Shepherd en Grey\u2019s Anatomy, lleg\u00f3 a Boca del R\u00edo, Veracruz, pero no para grabar una\" \/>\n<meta name=\"robots\" content=\"index, follow, max-snippet:-1, max-image-preview:large, max-video-preview:-1\" \/>\n<link rel=\"canonical\" href=\"https:\/\/graziamagazine.com\/mx\/articles\/patrick-dempsey-en-mexico-para-correr-la-carrera-panamericana-2023\/\" \/>\n<meta property=\"og:locale\" content=\"es_MX\" \/>\n<meta property=\"og:type\" content=\"article\" \/>\n<meta property=\"og:title\" content=\"\u00a1Patrick Dempsey en M\u00e9xico para correr la Carrera Panamericana 2023!\" \/>\n<meta property=\"og:description\" content=\"Patrick Dempsey, el actor conocido por interpretar al doctor Derek Shepherd en Grey\u2019s Anatomy, lleg\u00f3 a Boca del R\u00edo, Veracruz, pero no para grabar una\" \/>\n<meta property=\"og:url\" content=\"https:\/\/graziamagazine.com\/mx\/articles\/patrick-dempsey-en-mexico-para-correr-la-carrera-panamericana-2023\/\" \/>\n<meta property=\"og:site_name\" content=\"Grazia M\u00e9xico y Latinoam\u00e9rica\" \/>\n<meta property=\"article:modified_time\" content=\"2023-10-13T17:33:54+00:00\" \/>\n<meta property=\"og:image\" content=\"https:\/\/graziamagazine.com\/mx\/wp-content\/uploads\/sites\/13\/2023\/10\/Captura-de-Pantalla-2023-10-12-a-las-20.31.40.png\" \/>\n\t<meta property=\"og:image:width\" content=\"567\" \/>\n\t<meta property=\"og:image:height\" content=\"271\" \/>\n\t<meta property=\"og:image:type\" content=\"image\/png\" \/>\n<meta name=\"twitter:card\" content=\"summary_large_image\" \/>\n<meta name=\"twitter:label1\" content=\"Est. reading time\" \/>\n\t<meta name=\"twitter:data1\" content=\"2 minutos\" \/>\n<script type=\"application\/ld+json\" class=\"yoast-schema-graph\">{\"@context\":\"https:\/\/schema.org\",\"@graph\":[{\"@type\":\"WebPage\",\"@id\":\"https:\/\/graziamagazine.com\/mx\/articles\/patrick-dempsey-en-mexico-para-correr-la-carrera-panamericana-2023\/\",\"url\":\"https:\/\/graziamagazine.com\/mx\/articles\/patrick-dempsey-en-mexico-para-correr-la-carrera-panamericana-2023\/\",\"name\":\"\u00a1Patrick Dempsey en M\u00e9xico para correr la Carrera Panamericana 2023! | Grazia M\u00e9xico y Latinoam\u00e9rica\",\"isPartOf\":{\"@id\":\"https:\/\/graziamagazine.com\/mx\/#website\"},\"datePublished\":\"2023-10-13T02:29:51+00:00\",\"dateModified\":\"2023-10-13T17:33:54+00:00\",\"description\":\"Patrick Dempsey, el actor conocido por interpretar al doctor Derek Shepherd en Grey\u2019s Anatomy, lleg\u00f3 a Boca del R\u00edo, Veracruz, pero no para grabar una\",\"breadcrumb\":{\"@id\":\"https:\/\/graziamagazine.com\/mx\/articles\/patrick-dempsey-en-mexico-para-correr-la-carrera-panamericana-2023\/#breadcrumb\"},\"inLanguage\":\"es-MX\",\"potentialAction\":[{\"@type\":\"ReadAction\",\"target\":[\"https:\/\/graziamagazine.com\/mx\/articles\/patrick-dempsey-en-mexico-para-correr-la-carrera-panamericana-2023\/\"]}]},{\"@type\":\"BreadcrumbList\",\"@id\":\"https:\/\/graziamagazine.com\/mx\/articles\/patrick-dempsey-en-mexico-para-correr-la-carrera-panamericana-2023\/#breadcrumb\",\"itemListElement\":[{\"@type\":\"ListItem\",\"position\":1,\"name\":\"Home\",\"item\":\"https:\/\/graziamagazine.com\/mx\/\"},{\"@type\":\"ListItem\",\"position\":2,\"name\":\"\u00a1Patrick Dempsey en M\u00e9xico para correr la Carrera Panamericana 2023!\"}]},{\"@type\":\"WebSite\",\"@id\":\"https:\/\/graziamagazine.com\/mx\/#website\",\"url\":\"https:\/\/graziamagazine.com\/mx\/\",\"name\":\"Grazia M\u00e9xico y Latinoam\u00e9rica\",\"description\":\"Grazia es moda, belleza y noticias  de actualidad \",\"potentialAction\":[{\"@type\":\"SearchAction\",\"target\":{\"@type\":\"EntryPoint\",\"urlTemplate\":\"https:\/\/graziamagazine.com\/mx\/?s={search_term_string}\"},\"query-input\":\"required name=search_term_string\"}],\"inLanguage\":\"es-MX\"}]}<\/script>\n<!-- \/ Yoast SEO Premium plugin. -->","yoast_head_json":{"title":"\u00a1Patrick Dempsey en M\u00e9xico para correr la Carrera Panamericana 2023! | Grazia M\u00e9xico y Latinoam\u00e9rica","description":"Patrick Dempsey, el actor conocido por interpretar al doctor Derek Shepherd en Grey\u2019s Anatomy, lleg\u00f3 a Boca del R\u00edo, Veracruz, pero no para grabar una","robots":{"index":"index","follow":"follow","max-snippet":"max-snippet:-1","max-image-preview":"max-image-preview:large","max-video-preview":"max-video-preview:-1"},"canonical":"https:\/\/graziamagazine.com\/mx\/articles\/patrick-dempsey-en-mexico-para-correr-la-carrera-panamericana-2023\/","og_locale":"es_MX","og_type":"article","og_title":"\u00a1Patrick Dempsey en M\u00e9xico para correr la Carrera Panamericana 2023!","og_description":"Patrick Dempsey, el actor conocido por interpretar al doctor Derek Shepherd en Grey\u2019s Anatomy, lleg\u00f3 a Boca del R\u00edo, Veracruz, pero no para grabar una","og_url":"https:\/\/graziamagazine.com\/mx\/articles\/patrick-dempsey-en-mexico-para-correr-la-carrera-panamericana-2023\/","og_site_name":"Grazia M\u00e9xico y Latinoam\u00e9rica","article_modified_time":"2023-10-13T17:33:54+00:00","og_image":[{"width":567,"height":271,"url":"https:\/\/graziamagazine.com\/mx\/wp-content\/uploads\/sites\/13\/2023\/10\/Captura-de-Pantalla-2023-10-12-a-las-20.31.40.png","type":"image\/png"}],"twitter_card":"summary_large_image","twitter_misc":{"Est. reading time":"2 minutos"},"schema":{"@context":"https:\/\/schema.org","@graph":[{"@type":"WebPage","@id":"https:\/\/graziamagazine.com\/mx\/articles\/patrick-dempsey-en-mexico-para-correr-la-carrera-panamericana-2023\/","url":"https:\/\/graziamagazine.com\/mx\/articles\/patrick-dempsey-en-mexico-para-correr-la-carrera-panamericana-2023\/","name":"\u00a1Patrick Dempsey en M\u00e9xico para correr la Carrera Panamericana 2023! | Grazia M\u00e9xico y Latinoam\u00e9rica","isPartOf":{"@id":"https:\/\/graziamagazine.com\/mx\/#website"},"datePublished":"2023-10-13T02:29:51+00:00","dateModified":"2023-10-13T17:33:54+00:00","description":"Patrick Dempsey, el actor conocido por interpretar al doctor Derek Shepherd en Grey\u2019s Anatomy, lleg\u00f3 a Boca del R\u00edo, Veracruz, pero no para grabar una","breadcrumb":{"@id":"https:\/\/graziamagazine.com\/mx\/articles\/patrick-dempsey-en-mexico-para-correr-la-carrera-panamericana-2023\/#breadcrumb"},"inLanguage":"es-MX","potentialAction":[{"@type":"ReadAction","target":["https:\/\/graziamagazine.com\/mx\/articles\/patrick-dempsey-en-mexico-para-correr-la-carrera-panamericana-2023\/"]}]},{"@type":"BreadcrumbList","@id":"https:\/\/graziamagazine.com\/mx\/articles\/patrick-dempsey-en-mexico-para-correr-la-carrera-panamericana-2023\/#breadcrumb","itemListElement":[{"@type":"ListItem","position":1,"name":"Home","item":"https:\/\/graziamagazine.com\/mx\/"},{"@type":"ListItem","position":2,"name":"\u00a1Patrick Dempsey en M\u00e9xico para correr la Carrera Panamericana 2023!"}]},{"@type":"WebSite","@id":"https:\/\/graziamagazine.com\/mx\/#website","url":"https:\/\/graziamagazine.com\/mx\/","name":"Grazia M\u00e9xico y Latinoam\u00e9rica","description":"Grazia es moda, belleza y noticias  de actualidad ","potentialAction":[{"@type":"SearchAction","target":{"@type":"EntryPoint","urlTemplate":"https:\/\/graziamagazine.com\/mx\/?s={search_term_string}"},"query-input":"required name=search_term_string"}],"inLanguage":"es-MX"}]}},"jetpack_sharing_enabled":true,"distributor_meta":false,"distributor_terms":false,"distributor_media":false,"distributor_original_site_name":"Grazia M\u00e9xico y Latinoam\u00e9rica","distributor_original_site_url":"https:\/\/graziamagazine.com\/mx","push-errors":false,"_links":{"self":[{"href":"https:\/\/graziamagazine.com\/mx\/wp-json\/wp\/v2\/articles\/130449"}],"collection":[{"href":"https:\/\/graziamagazine.com\/mx\/wp-json\/wp\/v2\/articles"}],"about":[{"href":"https:\/\/graziamagazine.com\/mx\/wp-json\/wp\/v2\/types\/articles"}],"author":[{"embeddable":true,"href":"https:\/\/graziamagazine.com\/mx\/wp-json\/wp\/v2\/users\/11628"}],"wp:featuredmedia":[{"embeddable":true,"href":"https:\/\/graziamagazine.com\/mx\/wp-json\/wp\/v2\/media\/130451"}],"wp:attachment":[{"href":"https:\/\/graziamagazine.com\/mx\/wp-json\/wp\/v2\/media?parent=130449"}],"wp:term":[{"taxonomy":"category","embeddable":true,"href":"https:\/\/graziamagazine.com\/mx\/wp-json\/wp\/v2\/categories?post=130449"}],"curies":[{"name":"wp","href":"https:\/\/api.w.org\/{rel}","templated":true}]}}