{"id":130326,"date":"2023-10-10T00:21:32","date_gmt":"2023-10-10T05:21:32","guid":{"rendered":"https:\/\/graziamagazine.com\/mx\/?post_type=articles&#038;p=130326"},"modified":"2023-10-10T11:00:51","modified_gmt":"2023-10-10T16:00:51","slug":"patrimonio-exposicion-santiago-arau-llega-bellas-artes","status":"publish","type":"articles","link":"https:\/\/graziamagazine.com\/mx\/articles\/patrimonio-exposicion-santiago-arau-llega-bellas-artes\/","title":{"rendered":"Patrimonio: la exposici\u00f3n de Santiago Arau llega a Bellas Artes"},"content":{"rendered":"<p>El artista mexicano, <strong>Santiago Arau<\/strong>, presenta su tercera exposici\u00f3n llamada <strong><em>Patrimonio <\/em><\/strong>en el <strong>Museo Nacional de Arquitectura<\/strong>, en <strong>Bellas Artes<\/strong>. \u00c9sta impresionante exposici\u00f3n nos guiar\u00e1 a trav\u00e9s de la fotograf\u00eda y la propia historia de este artista en un viaje por el tiempo en la hermosa <strong>Ciudad de M\u00e9xico<\/strong>.<\/p>\n<figure id=\"attachment_130327\" aria-describedby=\"caption-attachment-130327\" style=\"width: 378px\" class=\"wp-caption alignnone\"><img loading=\"lazy\" decoding=\"async\" class=\"size-medium wp-image-130327\" src=\"https:\/\/graziamagazine.com\/mx\/wp-content\/uploads\/sites\/13\/2023\/10\/WhatsApp-Image-2023-10-09-at-11.27.23-PM.jpeg?w=378\" alt=\"\" width=\"378\" height=\"450\" \/><figcaption id=\"caption-attachment-130327\" class=\"wp-caption-text\">Instagram<\/figcaption><\/figure>\n<p>El recorrido presenta m\u00e1s de 100 muestras fotogr\u00e1ficas, donde el talentoso artista nos muestra desde su \u00f3ptica, la historia, diversidad cultural, y belleza arquitect\u00f3nica que ofrece \u00e9sta gran ciudad.<\/p>\n<p>Dividida en ocho secciones, la exposici\u00f3n incluye lagos, volcanes, <strong>Mesoam\u00e9rica<\/strong>, la <strong>Conquista<\/strong>, el <strong>Virreinato<\/strong>, la <strong>Independencia<\/strong>, el siglo XX y XXI.<\/p>\n<div class=\"content-gallery\"><div class=\"gallery-placeholder\"><div class=\"spinner\"><\/div><\/div><span class=\"gallery-pagination\"><\/span><div id=\"gallery-1\" class=\"gallery galleryid-130326 gallery-columns- gallery-size-\"><figure class=\"gallery-item\"><div class=\"gallery-icon landscape\"><img loading=\"lazy\" decoding=\"async\" width=\"1125\" height=\"1172\" src=\"https:\/\/graziamagazine.com\/mx\/wp-content\/uploads\/sites\/13\/2023\/10\/WhatsApp-Image-2023-10-09-at-11.26.43-PM-1.jpeg\" class=\"lazy\" alt=\"\" \/><\/div><figcaption class=\"wp-caption-text gallery-caption\" id=\"gallery-1-130329\">Instagram<\/figcaption><\/figure><figure class=\"gallery-item\"><div class=\"gallery-icon landscape\"><img loading=\"lazy\" decoding=\"async\" width=\"1074\" height=\"1280\" src=\"https:\/\/graziamagazine.com\/mx\/wp-content\/uploads\/sites\/13\/2023\/10\/WhatsApp-Image-2023-10-09-at-11.26.41-PM.jpeg\" class=\"lazy\" alt=\"\" \/><\/div><figcaption class=\"wp-caption-text gallery-caption\" id=\"gallery-1-130332\">Instagram<\/figcaption><\/figure><\/div><\/div>\n<p>El fot\u00f3grafo explica por qu\u00e9 decidi\u00f3 exponer los temas en este orden, \u201cporque es la forma m\u00e1s sencilla de digerir, es una lectura muy f\u00e1cil, como la que nos ense\u00f1an en la escuela\u201d.<\/p>\n<p>El recorrido inicia con la fotograf\u00eda de un eclipse, ya que es un evento que marca el inicio de una era, para despu\u00e9s encontrarnos con volcanes, que representan \u201cla fuerza que abre el territorio\u201d.<\/p>\n<figure id=\"attachment_130328\" aria-describedby=\"caption-attachment-130328\" style=\"width: 389px\" class=\"wp-caption alignnone\"><img loading=\"lazy\" decoding=\"async\" class=\"size-medium wp-image-130328\" src=\"https:\/\/graziamagazine.com\/mx\/wp-content\/uploads\/sites\/13\/2023\/10\/WhatsApp-Image-2023-10-09-at-11.26.43-PM-2.jpeg?w=389\" alt=\"\" width=\"389\" height=\"450\" \/><figcaption id=\"caption-attachment-130328\" class=\"wp-caption-text\">Instagram<\/figcaption><\/figure>\n<p>Al finalizar el recorrido, te espera una fotograf\u00eda del famoso mural de <strong>Diego Rivera<em>, La Historia de M\u00e9xico<\/em><\/strong>, que se encuentra en la esca\u00f1era del <strong>Palacio Nacional<\/strong>.<\/p>\n<p>\u201cCierro con esta porque es la inspiraci\u00f3n, la conclusi\u00f3n. Un edificio del Siglo XVIII con un artista del Siglo XX explicando la historia del territorio, la de M\u00e9xico\u201d, comenta el fot\u00f3grafo.<\/p>\n<p>La incre\u00edble exposici\u00f3n estar\u00e1 del 6 de octubre de 2023, hasta el 31 de marzo de 2024, en un horario de 10:00 a 18:00 horas. La entrada tiene un costo de $65 pesos mexicanos, pero si cuentas con credencial vigente de maestro o estudiante, el acceso ser\u00e1 sin costo alguno.<\/p>\n<figure id=\"attachment_130331\" aria-describedby=\"caption-attachment-130331\" style=\"width: 373px\" class=\"wp-caption alignnone\"><img loading=\"lazy\" decoding=\"async\" class=\"size-medium wp-image-130331\" src=\"https:\/\/graziamagazine.com\/mx\/wp-content\/uploads\/sites\/13\/2023\/10\/WhatsApp-Image-2023-10-09-at-11.26.42-PM.jpeg?w=373\" alt=\"\" width=\"373\" height=\"450\" \/><figcaption id=\"caption-attachment-130331\" class=\"wp-caption-text\">Instagram<\/figcaption><\/figure>\n<p>Qu\u00e9 esperas para disfrutar de una incre\u00edble exposici\u00f3n que revela la belleza y grandeza de nuestra ciudad a trav\u00e9s del talento de este gran artista mexicano.<\/p>\n","protected":false},"author":36289,"featured_media":130327,"template":"","format":"standard","categories":[12483],"acf":[],"yoast_head":"<!-- This site is optimized with the Yoast SEO Premium plugin v18.5 (Yoast SEO v20.4) - https:\/\/yoast.com\/wordpress\/plugins\/seo\/ -->\n<title>Patrimonio: la exposici\u00f3n de Santiago Arau llega a Bellas Artes | Grazia M\u00e9xico y Latinoam\u00e9rica<\/title>\n<meta name=\"description\" content=\"El artista mexicano, Santiago Arau, presenta su tercera exposici\u00f3n llamada Patrimonio en el Museo Nacional de Arquitectura, en Bellas Artes. \u00c9sta\" \/>\n<meta name=\"robots\" content=\"index, follow, max-snippet:-1, max-image-preview:large, max-video-preview:-1\" \/>\n<link rel=\"canonical\" href=\"https:\/\/graziamagazine.com\/mx\/articles\/patrimonio-exposicion-santiago-arau-llega-bellas-artes\/\" \/>\n<meta property=\"og:locale\" content=\"es_MX\" \/>\n<meta property=\"og:type\" content=\"article\" \/>\n<meta property=\"og:title\" content=\"Patrimonio: la exposici\u00f3n de Santiago Arau llega a Bellas Artes\" \/>\n<meta property=\"og:description\" content=\"El artista mexicano, Santiago Arau, presenta su tercera exposici\u00f3n llamada Patrimonio en el Museo Nacional de Arquitectura, en Bellas Artes. \u00c9sta\" \/>\n<meta property=\"og:url\" content=\"https:\/\/graziamagazine.com\/mx\/articles\/patrimonio-exposicion-santiago-arau-llega-bellas-artes\/\" \/>\n<meta property=\"og:site_name\" content=\"Grazia M\u00e9xico y Latinoam\u00e9rica\" \/>\n<meta property=\"article:modified_time\" content=\"2023-10-10T16:00:51+00:00\" \/>\n<meta property=\"og:image\" content=\"https:\/\/graziamagazine.com\/mx\/wp-content\/uploads\/sites\/13\/2023\/10\/WhatsApp-Image-2023-10-09-at-11.27.23-PM-e1696915908830.jpeg\" \/>\n\t<meta property=\"og:image:width\" content=\"1073\" \/>\n\t<meta property=\"og:image:height\" content=\"721\" \/>\n\t<meta property=\"og:image:type\" content=\"image\/jpeg\" \/>\n<meta name=\"twitter:card\" content=\"summary_large_image\" \/>\n<meta name=\"twitter:label1\" content=\"Est. reading time\" \/>\n\t<meta name=\"twitter:data1\" content=\"3 minutos\" \/>\n<script type=\"application\/ld+json\" class=\"yoast-schema-graph\">{\"@context\":\"https:\/\/schema.org\",\"@graph\":[{\"@type\":\"WebPage\",\"@id\":\"https:\/\/graziamagazine.com\/mx\/articles\/patrimonio-exposicion-santiago-arau-llega-bellas-artes\/\",\"url\":\"https:\/\/graziamagazine.com\/mx\/articles\/patrimonio-exposicion-santiago-arau-llega-bellas-artes\/\",\"name\":\"Patrimonio: la exposici\u00f3n de Santiago Arau llega a Bellas Artes | Grazia M\u00e9xico y Latinoam\u00e9rica\",\"isPartOf\":{\"@id\":\"https:\/\/graziamagazine.com\/mx\/#website\"},\"datePublished\":\"2023-10-10T05:21:32+00:00\",\"dateModified\":\"2023-10-10T16:00:51+00:00\",\"description\":\"El artista mexicano, Santiago Arau, presenta su tercera exposici\u00f3n llamada Patrimonio en el Museo Nacional de Arquitectura, en Bellas Artes. \u00c9sta\",\"breadcrumb\":{\"@id\":\"https:\/\/graziamagazine.com\/mx\/articles\/patrimonio-exposicion-santiago-arau-llega-bellas-artes\/#breadcrumb\"},\"inLanguage\":\"es-MX\",\"potentialAction\":[{\"@type\":\"ReadAction\",\"target\":[\"https:\/\/graziamagazine.com\/mx\/articles\/patrimonio-exposicion-santiago-arau-llega-bellas-artes\/\"]}]},{\"@type\":\"BreadcrumbList\",\"@id\":\"https:\/\/graziamagazine.com\/mx\/articles\/patrimonio-exposicion-santiago-arau-llega-bellas-artes\/#breadcrumb\",\"itemListElement\":[{\"@type\":\"ListItem\",\"position\":1,\"name\":\"Home\",\"item\":\"https:\/\/graziamagazine.com\/mx\/\"},{\"@type\":\"ListItem\",\"position\":2,\"name\":\"Patrimonio: la exposici\u00f3n de Santiago Arau llega a Bellas Artes\"}]},{\"@type\":\"WebSite\",\"@id\":\"https:\/\/graziamagazine.com\/mx\/#website\",\"url\":\"https:\/\/graziamagazine.com\/mx\/\",\"name\":\"Grazia M\u00e9xico y Latinoam\u00e9rica\",\"description\":\"Grazia es moda, belleza y noticias  de actualidad \",\"potentialAction\":[{\"@type\":\"SearchAction\",\"target\":{\"@type\":\"EntryPoint\",\"urlTemplate\":\"https:\/\/graziamagazine.com\/mx\/?s={search_term_string}\"},\"query-input\":\"required name=search_term_string\"}],\"inLanguage\":\"es-MX\"}]}<\/script>\n<!-- \/ Yoast SEO Premium plugin. -->","yoast_head_json":{"title":"Patrimonio: la exposici\u00f3n de Santiago Arau llega a Bellas Artes | Grazia M\u00e9xico y Latinoam\u00e9rica","description":"El artista mexicano, Santiago Arau, presenta su tercera exposici\u00f3n llamada Patrimonio en el Museo Nacional de Arquitectura, en Bellas Artes. \u00c9sta","robots":{"index":"index","follow":"follow","max-snippet":"max-snippet:-1","max-image-preview":"max-image-preview:large","max-video-preview":"max-video-preview:-1"},"canonical":"https:\/\/graziamagazine.com\/mx\/articles\/patrimonio-exposicion-santiago-arau-llega-bellas-artes\/","og_locale":"es_MX","og_type":"article","og_title":"Patrimonio: la exposici\u00f3n de Santiago Arau llega a Bellas Artes","og_description":"El artista mexicano, Santiago Arau, presenta su tercera exposici\u00f3n llamada Patrimonio en el Museo Nacional de Arquitectura, en Bellas Artes. \u00c9sta","og_url":"https:\/\/graziamagazine.com\/mx\/articles\/patrimonio-exposicion-santiago-arau-llega-bellas-artes\/","og_site_name":"Grazia M\u00e9xico y Latinoam\u00e9rica","article_modified_time":"2023-10-10T16:00:51+00:00","og_image":[{"width":1073,"height":721,"url":"https:\/\/graziamagazine.com\/mx\/wp-content\/uploads\/sites\/13\/2023\/10\/WhatsApp-Image-2023-10-09-at-11.27.23-PM-e1696915908830.jpeg","type":"image\/jpeg"}],"twitter_card":"summary_large_image","twitter_misc":{"Est. reading time":"3 minutos"},"schema":{"@context":"https:\/\/schema.org","@graph":[{"@type":"WebPage","@id":"https:\/\/graziamagazine.com\/mx\/articles\/patrimonio-exposicion-santiago-arau-llega-bellas-artes\/","url":"https:\/\/graziamagazine.com\/mx\/articles\/patrimonio-exposicion-santiago-arau-llega-bellas-artes\/","name":"Patrimonio: la exposici\u00f3n de Santiago Arau llega a Bellas Artes | Grazia M\u00e9xico y Latinoam\u00e9rica","isPartOf":{"@id":"https:\/\/graziamagazine.com\/mx\/#website"},"datePublished":"2023-10-10T05:21:32+00:00","dateModified":"2023-10-10T16:00:51+00:00","description":"El artista mexicano, Santiago Arau, presenta su tercera exposici\u00f3n llamada Patrimonio en el Museo Nacional de Arquitectura, en Bellas Artes. \u00c9sta","breadcrumb":{"@id":"https:\/\/graziamagazine.com\/mx\/articles\/patrimonio-exposicion-santiago-arau-llega-bellas-artes\/#breadcrumb"},"inLanguage":"es-MX","potentialAction":[{"@type":"ReadAction","target":["https:\/\/graziamagazine.com\/mx\/articles\/patrimonio-exposicion-santiago-arau-llega-bellas-artes\/"]}]},{"@type":"BreadcrumbList","@id":"https:\/\/graziamagazine.com\/mx\/articles\/patrimonio-exposicion-santiago-arau-llega-bellas-artes\/#breadcrumb","itemListElement":[{"@type":"ListItem","position":1,"name":"Home","item":"https:\/\/graziamagazine.com\/mx\/"},{"@type":"ListItem","position":2,"name":"Patrimonio: la exposici\u00f3n de Santiago Arau llega a Bellas Artes"}]},{"@type":"WebSite","@id":"https:\/\/graziamagazine.com\/mx\/#website","url":"https:\/\/graziamagazine.com\/mx\/","name":"Grazia M\u00e9xico y Latinoam\u00e9rica","description":"Grazia es moda, belleza y noticias  de actualidad ","potentialAction":[{"@type":"SearchAction","target":{"@type":"EntryPoint","urlTemplate":"https:\/\/graziamagazine.com\/mx\/?s={search_term_string}"},"query-input":"required name=search_term_string"}],"inLanguage":"es-MX"}]}},"jetpack_sharing_enabled":true,"distributor_meta":false,"distributor_terms":false,"distributor_media":false,"distributor_original_site_name":"Grazia M\u00e9xico y Latinoam\u00e9rica","distributor_original_site_url":"https:\/\/graziamagazine.com\/mx","push-errors":false,"_links":{"self":[{"href":"https:\/\/graziamagazine.com\/mx\/wp-json\/wp\/v2\/articles\/130326"}],"collection":[{"href":"https:\/\/graziamagazine.com\/mx\/wp-json\/wp\/v2\/articles"}],"about":[{"href":"https:\/\/graziamagazine.com\/mx\/wp-json\/wp\/v2\/types\/articles"}],"author":[{"embeddable":true,"href":"https:\/\/graziamagazine.com\/mx\/wp-json\/wp\/v2\/users\/36289"}],"wp:featuredmedia":[{"embeddable":true,"href":"https:\/\/graziamagazine.com\/mx\/wp-json\/wp\/v2\/media\/130327"}],"wp:attachment":[{"href":"https:\/\/graziamagazine.com\/mx\/wp-json\/wp\/v2\/media?parent=130326"}],"wp:term":[{"taxonomy":"category","embeddable":true,"href":"https:\/\/graziamagazine.com\/mx\/wp-json\/wp\/v2\/categories?post=130326"}],"curies":[{"name":"wp","href":"https:\/\/api.w.org\/{rel}","templated":true}]}}