{"id":130311,"date":"2023-10-09T13:31:22","date_gmt":"2023-10-09T18:31:22","guid":{"rendered":"https:\/\/graziamagazine.com\/mx\/?post_type=articles&#038;p=130311"},"modified":"2023-10-22T14:24:06","modified_gmt":"2023-10-22T19:24:06","slug":"gigi-hadid-y-bradley-cooper-romance-a-la-vistac","status":"publish","type":"articles","link":"https:\/\/graziamagazine.com\/mx\/articles\/gigi-hadid-y-bradley-cooper-romance-a-la-vistac\/","title":{"rendered":"Gigi Hadid y Bradley Cooper, \u00bfromance a la vista?"},"content":{"rendered":"<p><span style=\"font-weight: 400\"><strong>Gigi Hadid y Bradley Cooper<\/strong> regresaron a la ciudad de Nueva York en el mismo autom\u00f3vil, el s\u00e1bado 7 de octubre, despu\u00e9s de aparentemente pasar todo el fin de semana juntos, por lo que ahora todo el mundo nos preguntamos: \u00bfest\u00e1n de romance?<\/span><\/p>\n<p><span style=\"font-weight: 400\">El actor de 48 a\u00f1os llev\u00f3 a la modelo de 28 a su casa en la Gran Manzana, a bordo de su SUV Mercedes-Benz. Al bajarse del veh\u00edculo, ella baj\u00f3 de la cajuela una maleta <strong>Louis Vuitton y un bolso Prada.<\/strong><\/span><\/p>\n<p><img loading=\"lazy\" decoding=\"async\" class=\"alignnone wp-image-130313 size-large\" src=\"https:\/\/graziamagazine.com\/mx\/wp-content\/uploads\/sites\/13\/2023\/10\/Captura-de-Pantalla-2023-10-09-a-las-12.03.41.png?w=721\" alt=\"\" width=\"721\" height=\"389\" \/><\/p>\n<p><span style=\"font-weight: 400\">Aunque no est\u00e1 claro a d\u00f3nde viajaron durante el fin de semana, se trata de la segunda vez que salen juntos esta semana. El viernes, <a href=\"https:\/\/graziamagazine.com\/mx\/articles\/gigi-hadid-fue-arrestada-se-declara-culpable-de-posesion-de-marihuana-en-las-islas-caiman\/\">la modelo<\/a> y el actor fueron captados saliendo de cenar en Via Carota, en Manhattan, y se fueron juntos en el mismo veh\u00edculo.<\/span><\/p>\n<p><span style=\"font-weight: 400\">\u00bfEstar\u00e1n juntos?<\/span><\/p>\n<p><img loading=\"lazy\" decoding=\"async\" class=\"alignnone wp-image-130312 size-large\" src=\"https:\/\/graziamagazine.com\/mx\/wp-content\/uploads\/sites\/13\/2023\/10\/Captura-de-Pantalla-2023-10-09-a-las-12.06.04.png?w=528\" alt=\"\" width=\"528\" height=\"531\" \/><\/p>\n<p><span style=\"font-weight: 400\"><strong>Gigi Hadid y Tom Brady<\/strong> salieron por un breve momento, luego de haber aceptado su relaci\u00f3n en julio de este a\u00f1o.<\/span><\/p>\n<p><span style=\"font-weight: 400\">Por su parte, Bradley estuvo brevemente vinculado con la actriz <strong>Dianna Agron<\/strong> y luego con la activista pol\u00edtica <strong>Huma Abedin.<\/strong><\/span><\/p>\n<p><span style=\"font-weight: 400\">Gigi Hadid comparte a su hija Khai, de 3 a\u00f1os, con su ex <strong>Zayn Mailk<\/strong>, mientras que Bradley Cooper es padre de Lea de Seine, de 6 a\u00f1os, con quien tiene la paternidad compartida con su ex esposa <strong>Irina Shayk.<\/strong><\/span><\/p>\n<p><img loading=\"lazy\" decoding=\"async\" class=\"alignnone wp-image-130314 size-large\" src=\"https:\/\/graziamagazine.com\/mx\/wp-content\/uploads\/sites\/13\/2023\/10\/Captura-de-Pantalla-2023-10-09-a-las-12.02.48.png?w=569\" alt=\"\" width=\"569\" height=\"620\" \/><\/p>\n","protected":false},"author":11628,"featured_media":85133,"template":"","format":"standard","categories":[2],"acf":[],"yoast_head":"<!-- This site is optimized with the Yoast SEO Premium plugin v18.5 (Yoast SEO v20.4) - https:\/\/yoast.com\/wordpress\/plugins\/seo\/ -->\n<title>Gigi Hadid y Bradley Cooper, \u00bfromance a la vista? | Grazia M\u00e9xico y Latinoam\u00e9rica<\/title>\n<meta name=\"description\" content=\"Gigi Hadid y Bradley Cooper regresaron a la ciudad de Nueva York en el mismo autom\u00f3vil, el s\u00e1bado 7 de octubre, despu\u00e9s de aparentemente pasar todo el fin\" \/>\n<meta name=\"robots\" content=\"index, follow, max-snippet:-1, max-image-preview:large, max-video-preview:-1\" \/>\n<link rel=\"canonical\" href=\"https:\/\/graziamagazine.com\/mx\/articles\/gigi-hadid-y-bradley-cooper-romance-a-la-vistac\/\" \/>\n<meta property=\"og:locale\" content=\"es_MX\" \/>\n<meta property=\"og:type\" content=\"article\" \/>\n<meta property=\"og:title\" content=\"Gigi Hadid y Bradley Cooper, \u00bfromance a la vista?\" \/>\n<meta property=\"og:description\" content=\"Gigi Hadid y Bradley Cooper regresaron a la ciudad de Nueva York en el mismo autom\u00f3vil, el s\u00e1bado 7 de octubre, despu\u00e9s de aparentemente pasar todo el fin\" \/>\n<meta property=\"og:url\" content=\"https:\/\/graziamagazine.com\/mx\/articles\/gigi-hadid-y-bradley-cooper-romance-a-la-vistac\/\" \/>\n<meta property=\"og:site_name\" content=\"Grazia M\u00e9xico y Latinoam\u00e9rica\" \/>\n<meta property=\"article:modified_time\" content=\"2023-10-22T19:24:06+00:00\" \/>\n<meta property=\"og:image\" content=\"https:\/\/graziamagazine.com\/mx\/wp-content\/uploads\/sites\/13\/2020\/04\/esta-gigi-hadid-saliendo-con-tyler-cameron-destacada.jpg\" \/>\n\t<meta property=\"og:image:width\" content=\"1500\" \/>\n\t<meta property=\"og:image:height\" content=\"1000\" \/>\n\t<meta property=\"og:image:type\" content=\"image\/jpeg\" \/>\n<meta name=\"twitter:card\" content=\"summary_large_image\" \/>\n<meta name=\"twitter:label1\" content=\"Est. reading time\" \/>\n\t<meta name=\"twitter:data1\" content=\"2 minutos\" \/>\n<script type=\"application\/ld+json\" class=\"yoast-schema-graph\">{\"@context\":\"https:\/\/schema.org\",\"@graph\":[{\"@type\":\"WebPage\",\"@id\":\"https:\/\/graziamagazine.com\/mx\/articles\/gigi-hadid-y-bradley-cooper-romance-a-la-vistac\/\",\"url\":\"https:\/\/graziamagazine.com\/mx\/articles\/gigi-hadid-y-bradley-cooper-romance-a-la-vistac\/\",\"name\":\"Gigi Hadid y Bradley Cooper, \u00bfromance a la vista? | Grazia M\u00e9xico y Latinoam\u00e9rica\",\"isPartOf\":{\"@id\":\"https:\/\/graziamagazine.com\/mx\/#website\"},\"datePublished\":\"2023-10-09T18:31:22+00:00\",\"dateModified\":\"2023-10-22T19:24:06+00:00\",\"description\":\"Gigi Hadid y Bradley Cooper regresaron a la ciudad de Nueva York en el mismo autom\u00f3vil, el s\u00e1bado 7 de octubre, despu\u00e9s de aparentemente pasar todo el fin\",\"breadcrumb\":{\"@id\":\"https:\/\/graziamagazine.com\/mx\/articles\/gigi-hadid-y-bradley-cooper-romance-a-la-vistac\/#breadcrumb\"},\"inLanguage\":\"es-MX\",\"potentialAction\":[{\"@type\":\"ReadAction\",\"target\":[\"https:\/\/graziamagazine.com\/mx\/articles\/gigi-hadid-y-bradley-cooper-romance-a-la-vistac\/\"]}]},{\"@type\":\"BreadcrumbList\",\"@id\":\"https:\/\/graziamagazine.com\/mx\/articles\/gigi-hadid-y-bradley-cooper-romance-a-la-vistac\/#breadcrumb\",\"itemListElement\":[{\"@type\":\"ListItem\",\"position\":1,\"name\":\"Home\",\"item\":\"https:\/\/graziamagazine.com\/mx\/\"},{\"@type\":\"ListItem\",\"position\":2,\"name\":\"Gigi Hadid y Bradley Cooper, \u00bfromance a la vista?\"}]},{\"@type\":\"WebSite\",\"@id\":\"https:\/\/graziamagazine.com\/mx\/#website\",\"url\":\"https:\/\/graziamagazine.com\/mx\/\",\"name\":\"Grazia M\u00e9xico y Latinoam\u00e9rica\",\"description\":\"Grazia es moda, belleza y noticias  de actualidad \",\"potentialAction\":[{\"@type\":\"SearchAction\",\"target\":{\"@type\":\"EntryPoint\",\"urlTemplate\":\"https:\/\/graziamagazine.com\/mx\/?s={search_term_string}\"},\"query-input\":\"required name=search_term_string\"}],\"inLanguage\":\"es-MX\"}]}<\/script>\n<!-- \/ Yoast SEO Premium plugin. -->","yoast_head_json":{"title":"Gigi Hadid y Bradley Cooper, \u00bfromance a la vista? | Grazia M\u00e9xico y Latinoam\u00e9rica","description":"Gigi Hadid y Bradley Cooper regresaron a la ciudad de Nueva York en el mismo autom\u00f3vil, el s\u00e1bado 7 de octubre, despu\u00e9s de aparentemente pasar todo el fin","robots":{"index":"index","follow":"follow","max-snippet":"max-snippet:-1","max-image-preview":"max-image-preview:large","max-video-preview":"max-video-preview:-1"},"canonical":"https:\/\/graziamagazine.com\/mx\/articles\/gigi-hadid-y-bradley-cooper-romance-a-la-vistac\/","og_locale":"es_MX","og_type":"article","og_title":"Gigi Hadid y Bradley Cooper, \u00bfromance a la vista?","og_description":"Gigi Hadid y Bradley Cooper regresaron a la ciudad de Nueva York en el mismo autom\u00f3vil, el s\u00e1bado 7 de octubre, despu\u00e9s de aparentemente pasar todo el fin","og_url":"https:\/\/graziamagazine.com\/mx\/articles\/gigi-hadid-y-bradley-cooper-romance-a-la-vistac\/","og_site_name":"Grazia M\u00e9xico y Latinoam\u00e9rica","article_modified_time":"2023-10-22T19:24:06+00:00","og_image":[{"width":1500,"height":1000,"url":"https:\/\/graziamagazine.com\/mx\/wp-content\/uploads\/sites\/13\/2020\/04\/esta-gigi-hadid-saliendo-con-tyler-cameron-destacada.jpg","type":"image\/jpeg"}],"twitter_card":"summary_large_image","twitter_misc":{"Est. reading time":"2 minutos"},"schema":{"@context":"https:\/\/schema.org","@graph":[{"@type":"WebPage","@id":"https:\/\/graziamagazine.com\/mx\/articles\/gigi-hadid-y-bradley-cooper-romance-a-la-vistac\/","url":"https:\/\/graziamagazine.com\/mx\/articles\/gigi-hadid-y-bradley-cooper-romance-a-la-vistac\/","name":"Gigi Hadid y Bradley Cooper, \u00bfromance a la vista? | Grazia M\u00e9xico y Latinoam\u00e9rica","isPartOf":{"@id":"https:\/\/graziamagazine.com\/mx\/#website"},"datePublished":"2023-10-09T18:31:22+00:00","dateModified":"2023-10-22T19:24:06+00:00","description":"Gigi Hadid y Bradley Cooper regresaron a la ciudad de Nueva York en el mismo autom\u00f3vil, el s\u00e1bado 7 de octubre, despu\u00e9s de aparentemente pasar todo el fin","breadcrumb":{"@id":"https:\/\/graziamagazine.com\/mx\/articles\/gigi-hadid-y-bradley-cooper-romance-a-la-vistac\/#breadcrumb"},"inLanguage":"es-MX","potentialAction":[{"@type":"ReadAction","target":["https:\/\/graziamagazine.com\/mx\/articles\/gigi-hadid-y-bradley-cooper-romance-a-la-vistac\/"]}]},{"@type":"BreadcrumbList","@id":"https:\/\/graziamagazine.com\/mx\/articles\/gigi-hadid-y-bradley-cooper-romance-a-la-vistac\/#breadcrumb","itemListElement":[{"@type":"ListItem","position":1,"name":"Home","item":"https:\/\/graziamagazine.com\/mx\/"},{"@type":"ListItem","position":2,"name":"Gigi Hadid y Bradley Cooper, \u00bfromance a la vista?"}]},{"@type":"WebSite","@id":"https:\/\/graziamagazine.com\/mx\/#website","url":"https:\/\/graziamagazine.com\/mx\/","name":"Grazia M\u00e9xico y Latinoam\u00e9rica","description":"Grazia es moda, belleza y noticias  de actualidad ","potentialAction":[{"@type":"SearchAction","target":{"@type":"EntryPoint","urlTemplate":"https:\/\/graziamagazine.com\/mx\/?s={search_term_string}"},"query-input":"required name=search_term_string"}],"inLanguage":"es-MX"}]}},"jetpack_sharing_enabled":true,"distributor_meta":false,"distributor_terms":false,"distributor_media":false,"distributor_original_site_name":"Grazia M\u00e9xico y Latinoam\u00e9rica","distributor_original_site_url":"https:\/\/graziamagazine.com\/mx","push-errors":false,"_links":{"self":[{"href":"https:\/\/graziamagazine.com\/mx\/wp-json\/wp\/v2\/articles\/130311"}],"collection":[{"href":"https:\/\/graziamagazine.com\/mx\/wp-json\/wp\/v2\/articles"}],"about":[{"href":"https:\/\/graziamagazine.com\/mx\/wp-json\/wp\/v2\/types\/articles"}],"author":[{"embeddable":true,"href":"https:\/\/graziamagazine.com\/mx\/wp-json\/wp\/v2\/users\/11628"}],"wp:featuredmedia":[{"embeddable":true,"href":"https:\/\/graziamagazine.com\/mx\/wp-json\/wp\/v2\/media\/85133"}],"wp:attachment":[{"href":"https:\/\/graziamagazine.com\/mx\/wp-json\/wp\/v2\/media?parent=130311"}],"wp:term":[{"taxonomy":"category","embeddable":true,"href":"https:\/\/graziamagazine.com\/mx\/wp-json\/wp\/v2\/categories?post=130311"}],"curies":[{"name":"wp","href":"https:\/\/api.w.org\/{rel}","templated":true}]}}