{"id":130281,"date":"2023-10-06T21:42:33","date_gmt":"2023-10-07T02:42:33","guid":{"rendered":"https:\/\/graziamagazine.com\/mx\/?post_type=articles&#038;p=130281"},"modified":"2023-10-08T13:18:31","modified_gmt":"2023-10-08T18:18:31","slug":"longchamp-university-la-nueva-coleccion-primavera-verano-2024","status":"publish","type":"articles","link":"https:\/\/graziamagazine.com\/mx\/articles\/longchamp-university-la-nueva-coleccion-primavera-verano-2024\/","title":{"rendered":"Longchamp University: La nueva colecci\u00f3n Primavera\/Verano 2024"},"content":{"rendered":"<p>La colecci\u00f3n <strong>Longchamp University<\/strong> para la<strong> primavera-verano 2024<\/strong> se inspira en<strong> estudiantes internacionales<\/strong> que estudian en <strong>Par\u00eds<\/strong> y buscan integrarse en la vida parisina.<\/p>\n<p>La Directora Creativa de Longchamp, <strong>Delafontaine<\/strong>, explica que esta colecci\u00f3n rinde homenaje a estas j\u00f3venes curiosas que comparten apartamentos con estudiantes de diferentes pa\u00edses y adoptan un estilo que mezcla diversas influencias culturales.<\/p>\n<figure id=\"attachment_130282\" aria-describedby=\"caption-attachment-130282\" style=\"width: 3000px\" class=\"wp-caption alignnone\"><img loading=\"lazy\" decoding=\"async\" class=\"wp-image-130282 size-full\" src=\"https:\/\/graziamagazine.com\/mx\/wp-content\/uploads\/sites\/13\/2023\/10\/SS24_LOOKBOOK_01.jpg\" alt=\"Longchamp University: La nueva colecci\u00f3n Primavera\/Verano 2024\" width=\"3000\" height=\"4498\" \/><figcaption id=\"caption-attachment-130282\" class=\"wp-caption-text\">Longchamp University: La nueva colecci\u00f3n Primavera\/Verano 2024<\/figcaption><\/figure>\n<div class=\"page\" title=\"Page 1\">\n<div class=\"section\">\n<div class=\"layoutArea\">\n<div class=\"column\">\n<blockquote><p>&#8220;Esta coleccio\u0301n es un homenaje a las universitarias curiosas, deseosas de el contacto con otras culturas. Comparten departamento en la capital con chicas diferentes pai\u0301ses, y todas ellas se adaptan a la vida parisina, cultivando un estilo dibuja de diversas inspiraciones&#8221;, explica la Directora Creativa de Longchamp, Delafontaine.<\/p><\/blockquote>\n<\/div>\n<\/div>\n<\/div>\n<\/div>\n<p>El c\u00f3digo de vestimenta de los estudiantes de arte de la Universidad de Longchamp incluye<strong> sudaderas, camisetas, chaquetas<\/strong> y <strong>vestidos<\/strong> con el logotipo de la instituci\u00f3n.<img loading=\"lazy\" decoding=\"async\" class=\"alignnone size-large wp-image-130284\" src=\"https:\/\/graziamagazine.com\/mx\/wp-content\/uploads\/sites\/13\/2023\/10\/SS41_LOOKBOOK_40.jpg?w=740\" alt=\"\" width=\"740\" height=\"1024\" \/><\/p>\n<p>Para ocasiones especiales, optan por jeans con estampados de caballos de carreras o abrigos a rayas de cebra sobre sudaderas. Adem\u00e1s, pueden llevar bermudas para clases o salidas informales por Par\u00eds, donde a\u00f1aden un toque de estilo a vestidos de lentejuelas con camisetas grises de algod\u00f3n.<\/p>\n<p>Cuando van de vacaciones a<strong> Saint-Tropez<\/strong>, usan shorts hechos con bufandas de seda recicladas, prendas de crochet con motivos de margaritas y vestidos largos y ajustados con aberturas atrevidas. Complementan su look con sandalias de la colaboraci\u00f3n entre Longchamp y K. Jacques.<img loading=\"lazy\" decoding=\"async\" class=\"alignnone wp-image-130285 size-full\" src=\"https:\/\/graziamagazine.com\/mx\/wp-content\/uploads\/sites\/13\/2023\/10\/SS24_LOOKBOOK_28.jpg\" alt=\"\" width=\"3000\" height=\"4498\" \/><\/p>\n<p>En cuanto a accesorios, prefieren el bolso Pliage tejido de gran tama\u00f1o para la playa, mientras que en Par\u00eds optan por los mini Pliage, los peque\u00f1os bolsos Roseau o los Bucket Epure que reflejan su identidad urbana. Para la clase, el bolso bandolera Tr\u00e8s Paris de piel de becerro flexible combina estilo y practicidad.<\/p>\n<p><em><strong>*IMAGEN: \u00b4Longchamp<\/strong><\/em><\/p>\n","protected":false},"author":28953,"featured_media":130286,"template":"","format":"standard","categories":[4],"acf":[],"yoast_head":"<!-- This site is optimized with the Yoast SEO Premium plugin v18.5 (Yoast SEO v20.4) - https:\/\/yoast.com\/wordpress\/plugins\/seo\/ -->\n<title>Longchamp University: La nueva colecci\u00f3n Primavera\/Verano 2024<\/title>\n<meta name=\"description\" content=\"La colecci\u00f3n de primavera-verano 2024 de Longchamp University es una celebraci\u00f3n del esp\u00edritu juvenil y la libertad de expresi\u00f3n\" \/>\n<meta name=\"robots\" content=\"index, follow, max-snippet:-1, max-image-preview:large, max-video-preview:-1\" \/>\n<link rel=\"canonical\" href=\"https:\/\/graziamagazine.com\/mx\/articles\/longchamp-university-la-nueva-coleccion-primavera-verano-2024\/\" \/>\n<meta property=\"og:locale\" content=\"es_MX\" \/>\n<meta property=\"og:type\" content=\"article\" \/>\n<meta property=\"og:title\" content=\"Longchamp University: La nueva colecci\u00f3n Primavera\/Verano 2024\" \/>\n<meta property=\"og:description\" content=\"La colecci\u00f3n de primavera-verano 2024 de Longchamp University es una celebraci\u00f3n del esp\u00edritu juvenil y la libertad de expresi\u00f3n\" \/>\n<meta property=\"og:url\" content=\"https:\/\/graziamagazine.com\/mx\/articles\/longchamp-university-la-nueva-coleccion-primavera-verano-2024\/\" \/>\n<meta property=\"og:site_name\" content=\"Grazia M\u00e9xico y Latinoam\u00e9rica\" \/>\n<meta property=\"article:modified_time\" content=\"2023-10-08T18:18:31+00:00\" \/>\n<meta property=\"og:image\" content=\"https:\/\/graziamagazine.com\/mx\/wp-content\/uploads\/sites\/13\/2023\/10\/Captura-de-Pantalla-2023-10-06-a-las-20.51.48.png\" \/>\n\t<meta property=\"og:image:width\" content=\"1024\" \/>\n\t<meta property=\"og:image:height\" content=\"707\" \/>\n\t<meta property=\"og:image:type\" content=\"image\/png\" \/>\n<meta name=\"twitter:card\" content=\"summary_large_image\" \/>\n<meta name=\"twitter:label1\" content=\"Est. reading time\" \/>\n\t<meta name=\"twitter:data1\" content=\"2 minutos\" \/>\n<script type=\"application\/ld+json\" class=\"yoast-schema-graph\">{\"@context\":\"https:\/\/schema.org\",\"@graph\":[{\"@type\":\"WebPage\",\"@id\":\"https:\/\/graziamagazine.com\/mx\/articles\/longchamp-university-la-nueva-coleccion-primavera-verano-2024\/\",\"url\":\"https:\/\/graziamagazine.com\/mx\/articles\/longchamp-university-la-nueva-coleccion-primavera-verano-2024\/\",\"name\":\"Longchamp University: La nueva colecci\u00f3n Primavera\/Verano 2024\",\"isPartOf\":{\"@id\":\"https:\/\/graziamagazine.com\/mx\/#website\"},\"datePublished\":\"2023-10-07T02:42:33+00:00\",\"dateModified\":\"2023-10-08T18:18:31+00:00\",\"description\":\"La colecci\u00f3n de primavera-verano 2024 de Longchamp University es una celebraci\u00f3n del esp\u00edritu juvenil y la libertad de expresi\u00f3n\",\"breadcrumb\":{\"@id\":\"https:\/\/graziamagazine.com\/mx\/articles\/longchamp-university-la-nueva-coleccion-primavera-verano-2024\/#breadcrumb\"},\"inLanguage\":\"es-MX\",\"potentialAction\":[{\"@type\":\"ReadAction\",\"target\":[\"https:\/\/graziamagazine.com\/mx\/articles\/longchamp-university-la-nueva-coleccion-primavera-verano-2024\/\"]}]},{\"@type\":\"BreadcrumbList\",\"@id\":\"https:\/\/graziamagazine.com\/mx\/articles\/longchamp-university-la-nueva-coleccion-primavera-verano-2024\/#breadcrumb\",\"itemListElement\":[{\"@type\":\"ListItem\",\"position\":1,\"name\":\"Home\",\"item\":\"https:\/\/graziamagazine.com\/mx\/\"},{\"@type\":\"ListItem\",\"position\":2,\"name\":\"Longchamp University: La nueva colecci\u00f3n Primavera\/Verano 2024\"}]},{\"@type\":\"WebSite\",\"@id\":\"https:\/\/graziamagazine.com\/mx\/#website\",\"url\":\"https:\/\/graziamagazine.com\/mx\/\",\"name\":\"Grazia M\u00e9xico y Latinoam\u00e9rica\",\"description\":\"Grazia es moda, belleza y noticias  de actualidad \",\"potentialAction\":[{\"@type\":\"SearchAction\",\"target\":{\"@type\":\"EntryPoint\",\"urlTemplate\":\"https:\/\/graziamagazine.com\/mx\/?s={search_term_string}\"},\"query-input\":\"required name=search_term_string\"}],\"inLanguage\":\"es-MX\"}]}<\/script>\n<!-- \/ Yoast SEO Premium plugin. -->","yoast_head_json":{"title":"Longchamp University: La nueva colecci\u00f3n Primavera\/Verano 2024","description":"La colecci\u00f3n de primavera-verano 2024 de Longchamp University es una celebraci\u00f3n del esp\u00edritu juvenil y la libertad de expresi\u00f3n","robots":{"index":"index","follow":"follow","max-snippet":"max-snippet:-1","max-image-preview":"max-image-preview:large","max-video-preview":"max-video-preview:-1"},"canonical":"https:\/\/graziamagazine.com\/mx\/articles\/longchamp-university-la-nueva-coleccion-primavera-verano-2024\/","og_locale":"es_MX","og_type":"article","og_title":"Longchamp University: La nueva colecci\u00f3n Primavera\/Verano 2024","og_description":"La colecci\u00f3n de primavera-verano 2024 de Longchamp University es una celebraci\u00f3n del esp\u00edritu juvenil y la libertad de expresi\u00f3n","og_url":"https:\/\/graziamagazine.com\/mx\/articles\/longchamp-university-la-nueva-coleccion-primavera-verano-2024\/","og_site_name":"Grazia M\u00e9xico y Latinoam\u00e9rica","article_modified_time":"2023-10-08T18:18:31+00:00","og_image":[{"url":"https:\/\/graziamagazine.com\/mx\/wp-content\/uploads\/sites\/13\/2023\/10\/Captura-de-Pantalla-2023-10-06-a-las-20.51.48.png","width":1024,"height":707,"type":"image\/png"}],"twitter_card":"summary_large_image","twitter_misc":{"Est. reading time":"2 minutos"},"schema":{"@context":"https:\/\/schema.org","@graph":[{"@type":"WebPage","@id":"https:\/\/graziamagazine.com\/mx\/articles\/longchamp-university-la-nueva-coleccion-primavera-verano-2024\/","url":"https:\/\/graziamagazine.com\/mx\/articles\/longchamp-university-la-nueva-coleccion-primavera-verano-2024\/","name":"Longchamp University: La nueva colecci\u00f3n Primavera\/Verano 2024","isPartOf":{"@id":"https:\/\/graziamagazine.com\/mx\/#website"},"datePublished":"2023-10-07T02:42:33+00:00","dateModified":"2023-10-08T18:18:31+00:00","description":"La colecci\u00f3n de primavera-verano 2024 de Longchamp University es una celebraci\u00f3n del esp\u00edritu juvenil y la libertad de expresi\u00f3n","breadcrumb":{"@id":"https:\/\/graziamagazine.com\/mx\/articles\/longchamp-university-la-nueva-coleccion-primavera-verano-2024\/#breadcrumb"},"inLanguage":"es-MX","potentialAction":[{"@type":"ReadAction","target":["https:\/\/graziamagazine.com\/mx\/articles\/longchamp-university-la-nueva-coleccion-primavera-verano-2024\/"]}]},{"@type":"BreadcrumbList","@id":"https:\/\/graziamagazine.com\/mx\/articles\/longchamp-university-la-nueva-coleccion-primavera-verano-2024\/#breadcrumb","itemListElement":[{"@type":"ListItem","position":1,"name":"Home","item":"https:\/\/graziamagazine.com\/mx\/"},{"@type":"ListItem","position":2,"name":"Longchamp University: La nueva colecci\u00f3n Primavera\/Verano 2024"}]},{"@type":"WebSite","@id":"https:\/\/graziamagazine.com\/mx\/#website","url":"https:\/\/graziamagazine.com\/mx\/","name":"Grazia M\u00e9xico y Latinoam\u00e9rica","description":"Grazia es moda, belleza y noticias  de actualidad ","potentialAction":[{"@type":"SearchAction","target":{"@type":"EntryPoint","urlTemplate":"https:\/\/graziamagazine.com\/mx\/?s={search_term_string}"},"query-input":"required name=search_term_string"}],"inLanguage":"es-MX"}]}},"jetpack_sharing_enabled":true,"distributor_meta":false,"distributor_terms":false,"distributor_media":false,"distributor_original_site_name":"Grazia M\u00e9xico y Latinoam\u00e9rica","distributor_original_site_url":"https:\/\/graziamagazine.com\/mx","push-errors":false,"_links":{"self":[{"href":"https:\/\/graziamagazine.com\/mx\/wp-json\/wp\/v2\/articles\/130281"}],"collection":[{"href":"https:\/\/graziamagazine.com\/mx\/wp-json\/wp\/v2\/articles"}],"about":[{"href":"https:\/\/graziamagazine.com\/mx\/wp-json\/wp\/v2\/types\/articles"}],"author":[{"embeddable":true,"href":"https:\/\/graziamagazine.com\/mx\/wp-json\/wp\/v2\/users\/28953"}],"wp:featuredmedia":[{"embeddable":true,"href":"https:\/\/graziamagazine.com\/mx\/wp-json\/wp\/v2\/media\/130286"}],"wp:attachment":[{"href":"https:\/\/graziamagazine.com\/mx\/wp-json\/wp\/v2\/media?parent=130281"}],"wp:term":[{"taxonomy":"category","embeddable":true,"href":"https:\/\/graziamagazine.com\/mx\/wp-json\/wp\/v2\/categories?post=130281"}],"curies":[{"name":"wp","href":"https:\/\/api.w.org\/{rel}","templated":true}]}}