{"id":130123,"date":"2023-10-03T10:37:43","date_gmt":"2023-10-03T15:37:43","guid":{"rendered":"https:\/\/graziamagazine.com\/mx\/?post_type=articles&#038;p=130123"},"modified":"2023-10-03T22:29:08","modified_gmt":"2023-10-04T03:29:08","slug":"chanel-spring-2024-ready-to-wear","status":"publish","type":"articles","link":"https:\/\/graziamagazine.com\/mx\/articles\/chanel-spring-2024-ready-to-wear\/","title":{"rendered":"Chanel Spring 2024 Ready-to-wear"},"content":{"rendered":"<p>Inspirada en los jardines de la villa <strong>Noailles<\/strong>, una villa modernista dise\u00f1ada por el arquitecto<strong> Robert Mallet-Stevens en 1923<\/strong>. Esta villa, ubicada en las colinas de <strong>Hy\u00e8res<\/strong>, est\u00e1 rodeada de jardines en terrazas que ofrecen una sensaci\u00f3n de libertad y belleza natural.<\/p>\n<div class=\"content-gallery\"><div class=\"gallery-placeholder\"><div class=\"spinner\"><\/div><\/div><span class=\"gallery-pagination\"><\/span><div id=\"gallery-1\" class=\"gallery galleryid-130123 gallery-columns- gallery-size-\"><figure class=\"gallery-item\"><div class=\"gallery-icon landscape\"><img loading=\"lazy\" decoding=\"async\" width=\"2040\" height=\"3015\" src=\"https:\/\/graziamagazine.com\/mx\/wp-content\/uploads\/sites\/13\/2023\/10\/chanel_001_ss-2024-rtw-HD.jpg\" class=\"lazy\" alt=\"\" \/><\/div><\/figure><figure class=\"gallery-item\"><div class=\"gallery-icon landscape\"><img loading=\"lazy\" decoding=\"async\" width=\"2040\" height=\"3015\" src=\"https:\/\/graziamagazine.com\/mx\/wp-content\/uploads\/sites\/13\/2023\/10\/chanel_002_ss-2024-rtw-HD.jpg\" class=\"lazy\" alt=\"\" \/><\/div><\/figure><figure class=\"gallery-item\"><div class=\"gallery-icon landscape\"><img loading=\"lazy\" decoding=\"async\" width=\"2040\" height=\"3015\" src=\"https:\/\/graziamagazine.com\/mx\/wp-content\/uploads\/sites\/13\/2023\/10\/chanel_003_ss-2024-rtw-HD.jpg\" class=\"lazy\" alt=\"\" \/><\/div><\/figure><figure class=\"gallery-item\"><div class=\"gallery-icon landscape\"><img loading=\"lazy\" decoding=\"async\" width=\"2040\" height=\"3015\" src=\"https:\/\/graziamagazine.com\/mx\/wp-content\/uploads\/sites\/13\/2023\/10\/chanel_004_ss-2024-rtw-HD.jpg\" class=\"lazy\" alt=\"\" \/><\/div><\/figure><figure class=\"gallery-item\"><div class=\"gallery-icon landscape\"><img loading=\"lazy\" decoding=\"async\" width=\"2040\" height=\"3015\" src=\"https:\/\/graziamagazine.com\/mx\/wp-content\/uploads\/sites\/13\/2023\/10\/chanel_009_ss-2024-rtw-HD.jpg\" class=\"lazy\" alt=\"\" \/><\/div><\/figure><figure class=\"gallery-item\"><div class=\"gallery-icon landscape\"><img loading=\"lazy\" decoding=\"async\" width=\"2040\" height=\"3015\" src=\"https:\/\/graziamagazine.com\/mx\/wp-content\/uploads\/sites\/13\/2023\/10\/chanel_010_ss-2024-rtw-HD.jpg\" class=\"lazy\" alt=\"\" \/><\/div><\/figure><\/div><\/div>\n<blockquote><p>\u201cEsta colecci\u00f3n Pr\u00eat-\u00e0-porter Primavera-Verano 2024 es una oda a la libertad y al movimiento, y cuenta una historia que tiene su origen en los jardines de la villa Noailles\u201d, explica Virginie Viard.<\/p><\/blockquote>\n<p>La colecci\u00f3n se caracteriza por una paleta de colores vibrantes, <strong>patrones geom\u00e9tricos y asimetr\u00edas contrastantes<\/strong>. Incluye batas multicolores, chaquetas de felpa a rayas y trajes de neopreno, todos adornados con motivos florales.<\/p>\n<p>Viard combina diferentes tejidos de la colecci\u00f3n, incluidos<strong> tweed, encaje y organza<\/strong>. Esta mezcla de materiales a\u00fana sofisticaci\u00f3n e informalidad de una manera \u00fanica.<\/p>\n<div class=\"content-gallery\"><div class=\"gallery-placeholder\"><div class=\"spinner\"><\/div><\/div><span class=\"gallery-pagination\"><\/span><div id=\"gallery-2\" class=\"gallery galleryid-130123 gallery-columns- gallery-size-\"><figure class=\"gallery-item\"><div class=\"gallery-icon landscape\"><img loading=\"lazy\" decoding=\"async\" width=\"2040\" height=\"3015\" src=\"https:\/\/graziamagazine.com\/mx\/wp-content\/uploads\/sites\/13\/2023\/10\/chanel_011_ss-2024-rtw-HD.jpg\" class=\"lazy\" alt=\"\" \/><\/div><\/figure><figure class=\"gallery-item\"><div class=\"gallery-icon landscape\"><img loading=\"lazy\" decoding=\"async\" width=\"2040\" height=\"3015\" src=\"https:\/\/graziamagazine.com\/mx\/wp-content\/uploads\/sites\/13\/2023\/10\/chanel_012_ss-2024-rtw-HD.jpg\" class=\"lazy\" alt=\"\" \/><\/div><\/figure><figure class=\"gallery-item\"><div class=\"gallery-icon landscape\"><img loading=\"lazy\" decoding=\"async\" width=\"2040\" height=\"3015\" src=\"https:\/\/graziamagazine.com\/mx\/wp-content\/uploads\/sites\/13\/2023\/10\/chanel_017_ss-2024-rtw-HD.jpg\" class=\"lazy\" alt=\"\" \/><\/div><\/figure><figure class=\"gallery-item\"><div class=\"gallery-icon landscape\"><img loading=\"lazy\" decoding=\"async\" width=\"2040\" height=\"3015\" src=\"https:\/\/graziamagazine.com\/mx\/wp-content\/uploads\/sites\/13\/2023\/10\/chanel_018_ss-2024-rtw-HD.jpg\" class=\"lazy\" alt=\"\" \/><\/div><\/figure><figure class=\"gallery-item\"><div class=\"gallery-icon landscape\"><img loading=\"lazy\" decoding=\"async\" width=\"2040\" height=\"3015\" src=\"https:\/\/graziamagazine.com\/mx\/wp-content\/uploads\/sites\/13\/2023\/10\/chanel_019_ss-2024-rtw-HD.jpg\" class=\"lazy\" alt=\"\" \/><\/div><\/figure><figure class=\"gallery-item\"><div class=\"gallery-icon landscape\"><img loading=\"lazy\" decoding=\"async\" width=\"2040\" height=\"3015\" src=\"https:\/\/graziamagazine.com\/mx\/wp-content\/uploads\/sites\/13\/2023\/10\/chanel_020_ss-2024-rtw-HD.jpg\" class=\"lazy\" alt=\"\" \/><\/div><\/figure><figure class=\"gallery-item\"><div class=\"gallery-icon landscape\"><img loading=\"lazy\" decoding=\"async\" width=\"2040\" height=\"3015\" src=\"https:\/\/graziamagazine.com\/mx\/wp-content\/uploads\/sites\/13\/2023\/10\/chanel_025_ss-2024-rtw-HD.jpg\" class=\"lazy\" alt=\"\" \/><\/div><\/figure><\/div><\/div>\n<p>La casa francesa enfatiza una sensaci\u00f3n de<strong> libertad e informalidad en la ropa<\/strong>. Presenta estilos de cintura baja, tacones planos, trajes ligeros y flexibles sin charreteras ni forro, y una variedad de dise\u00f1os asim\u00e9tricos.<\/p>\n<blockquote><p>\u201cSofisticaci\u00f3n e informalidad, el tweed en toda la colecci\u00f3n, ropa deportiva y encaje: intent\u00e9 unir una cosa y su opuesto de la manera m\u00e1s cool posible. Y los jardines y la piscina de la villa Noailles, ese entorno excepcional, se prestan bastante bien a ello.\u201d<\/p><\/blockquote>\n<div class=\"page\" title=\"Page 1\">\n<div class=\"layoutArea\">\n<div class=\"column\">\n<blockquote><div class=\"content-gallery\"><div class=\"gallery-placeholder\"><div class=\"spinner\"><\/div><\/div><span class=\"gallery-pagination\"><\/span><div id=\"gallery-3\" class=\"gallery galleryid-130123 gallery-columns- gallery-size-\"><figure class=\"gallery-item\"><div class=\"gallery-icon landscape\"><img loading=\"lazy\" decoding=\"async\" width=\"2040\" height=\"3015\" src=\"https:\/\/graziamagazine.com\/mx\/wp-content\/uploads\/sites\/13\/2023\/10\/chanel_067_ss-2024-rtw-HD.jpg\" class=\"lazy\" alt=\"\" \/><\/div><\/figure><figure class=\"gallery-item\"><div class=\"gallery-icon landscape\"><img loading=\"lazy\" decoding=\"async\" width=\"2040\" height=\"3015\" src=\"https:\/\/graziamagazine.com\/mx\/wp-content\/uploads\/sites\/13\/2023\/10\/chanel_068_ss-2024-rtw-HD.jpg\" class=\"lazy\" alt=\"\" \/><\/div><\/figure><figure class=\"gallery-item\"><div class=\"gallery-icon landscape\"><img loading=\"lazy\" decoding=\"async\" width=\"2040\" height=\"3015\" src=\"https:\/\/graziamagazine.com\/mx\/wp-content\/uploads\/sites\/13\/2023\/10\/chanel_069_ss-2024-rtw-HD.jpg\" class=\"lazy\" alt=\"\" \/><\/div><\/figure><figure class=\"gallery-item\"><div class=\"gallery-icon landscape\"><img loading=\"lazy\" decoding=\"async\" width=\"2040\" height=\"3015\" src=\"https:\/\/graziamagazine.com\/mx\/wp-content\/uploads\/sites\/13\/2023\/10\/chanel_070_ss-2024-rtw-HD.jpg\" class=\"lazy\" alt=\"\" \/><\/div><\/figure><figure class=\"gallery-item\"><div class=\"gallery-icon landscape\"><img loading=\"lazy\" decoding=\"async\" width=\"2040\" height=\"3015\" src=\"https:\/\/graziamagazine.com\/mx\/wp-content\/uploads\/sites\/13\/2023\/10\/chanel_071_ss-2024-rtw-HD.jpg\" class=\"lazy\" alt=\"\" \/><\/div><\/figure><figure class=\"gallery-item\"><div class=\"gallery-icon landscape\"><img loading=\"lazy\" decoding=\"async\" width=\"2040\" height=\"3015\" src=\"https:\/\/graziamagazine.com\/mx\/wp-content\/uploads\/sites\/13\/2023\/10\/chanel_072_ss-2024-rtw-HD.jpg\" class=\"lazy\" alt=\"\" \/><\/div><\/figure><\/div><\/div><\/blockquote>\n<\/div>\n<\/div>\n<\/div>\n<p>La sensualidad se infunde en las piezas a trav\u00e9s de organza negra, lo que permite capas y transparencia. Esto a\u00f1ade profundidad y cierta sensualidad a las prendas.<\/p>\n<p>Dentro de la colecci\u00f3n se ven referencias a Marie-Laure de Noailles y Gabrielle Chanel, ambas conocidas por su fuerza de car\u00e1cter y conexiones con la vanguardia art\u00edstica, particularmente en gafas de sol negras adornadas con cadenas de oro.<\/p>\n<p>Chanel presenta como objetivo crear un ambiente de alegr\u00eda, deporte y celebraci\u00f3n, invitando a los usuarios a disfrutar de la vida al aire libre.<\/p>\n<p><em><strong>*IMAGEN: Cortes\u00eda Chanel<\/strong><\/em><\/p>\n<p>&nbsp;<\/p>\n<p>&nbsp;<\/p>\n","protected":false},"author":28953,"featured_media":130143,"template":"","format":"standard","categories":[4],"acf":[],"yoast_head":"<!-- This site is optimized with the Yoast SEO Premium plugin v18.5 (Yoast SEO v20.4) - https:\/\/yoast.com\/wordpress\/plugins\/seo\/ -->\n<title>Chanel Spring 2024 Ready-to-wear<\/title>\n<meta name=\"description\" content=\"La casa francesa se inspira en los jardines de la villa Noailles y encarna temas de libertad, movimiento y alegr\u00eda de vivir\" \/>\n<meta name=\"robots\" content=\"index, follow, max-snippet:-1, max-image-preview:large, max-video-preview:-1\" \/>\n<link rel=\"canonical\" href=\"https:\/\/graziamagazine.com\/mx\/articles\/chanel-spring-2024-ready-to-wear\/\" \/>\n<meta property=\"og:locale\" content=\"es_MX\" \/>\n<meta property=\"og:type\" content=\"article\" \/>\n<meta property=\"og:title\" content=\"Chanel Spring 2024 Ready-to-wear\" \/>\n<meta property=\"og:description\" content=\"La casa francesa se inspira en los jardines de la villa Noailles y encarna temas de libertad, movimiento y alegr\u00eda de vivir\" \/>\n<meta property=\"og:url\" content=\"https:\/\/graziamagazine.com\/mx\/articles\/chanel-spring-2024-ready-to-wear\/\" \/>\n<meta property=\"og:site_name\" content=\"Grazia M\u00e9xico y Latinoam\u00e9rica\" \/>\n<meta property=\"article:modified_time\" content=\"2023-10-04T03:29:08+00:00\" \/>\n<meta name=\"twitter:card\" content=\"summary_large_image\" \/>\n<meta name=\"twitter:image\" content=\"https:\/\/graziamagazine.com\/mx\/wp-content\/uploads\/sites\/13\/2023\/10\/chanel_066_ss-2024-rtw-HD-e1696348737837.jpg\" \/>\n<meta name=\"twitter:label1\" content=\"Est. reading time\" \/>\n\t<meta name=\"twitter:data1\" content=\"2 minutos\" \/>\n<script type=\"application\/ld+json\" class=\"yoast-schema-graph\">{\"@context\":\"https:\/\/schema.org\",\"@graph\":[{\"@type\":\"WebPage\",\"@id\":\"https:\/\/graziamagazine.com\/mx\/articles\/chanel-spring-2024-ready-to-wear\/\",\"url\":\"https:\/\/graziamagazine.com\/mx\/articles\/chanel-spring-2024-ready-to-wear\/\",\"name\":\"Chanel Spring 2024 Ready-to-wear\",\"isPartOf\":{\"@id\":\"https:\/\/graziamagazine.com\/mx\/#website\"},\"datePublished\":\"2023-10-03T15:37:43+00:00\",\"dateModified\":\"2023-10-04T03:29:08+00:00\",\"description\":\"La casa francesa se inspira en los jardines de la villa Noailles y encarna temas de libertad, movimiento y alegr\u00eda de vivir\",\"breadcrumb\":{\"@id\":\"https:\/\/graziamagazine.com\/mx\/articles\/chanel-spring-2024-ready-to-wear\/#breadcrumb\"},\"inLanguage\":\"es-MX\",\"potentialAction\":[{\"@type\":\"ReadAction\",\"target\":[\"https:\/\/graziamagazine.com\/mx\/articles\/chanel-spring-2024-ready-to-wear\/\"]}]},{\"@type\":\"BreadcrumbList\",\"@id\":\"https:\/\/graziamagazine.com\/mx\/articles\/chanel-spring-2024-ready-to-wear\/#breadcrumb\",\"itemListElement\":[{\"@type\":\"ListItem\",\"position\":1,\"name\":\"Home\",\"item\":\"https:\/\/graziamagazine.com\/mx\/\"},{\"@type\":\"ListItem\",\"position\":2,\"name\":\"Chanel Spring 2024 Ready-to-wear\"}]},{\"@type\":\"WebSite\",\"@id\":\"https:\/\/graziamagazine.com\/mx\/#website\",\"url\":\"https:\/\/graziamagazine.com\/mx\/\",\"name\":\"Grazia M\u00e9xico y Latinoam\u00e9rica\",\"description\":\"Grazia es moda, belleza y noticias  de actualidad \",\"potentialAction\":[{\"@type\":\"SearchAction\",\"target\":{\"@type\":\"EntryPoint\",\"urlTemplate\":\"https:\/\/graziamagazine.com\/mx\/?s={search_term_string}\"},\"query-input\":\"required name=search_term_string\"}],\"inLanguage\":\"es-MX\"}]}<\/script>\n<!-- \/ Yoast SEO Premium plugin. -->","yoast_head_json":{"title":"Chanel Spring 2024 Ready-to-wear","description":"La casa francesa se inspira en los jardines de la villa Noailles y encarna temas de libertad, movimiento y alegr\u00eda de vivir","robots":{"index":"index","follow":"follow","max-snippet":"max-snippet:-1","max-image-preview":"max-image-preview:large","max-video-preview":"max-video-preview:-1"},"canonical":"https:\/\/graziamagazine.com\/mx\/articles\/chanel-spring-2024-ready-to-wear\/","og_locale":"es_MX","og_type":"article","og_title":"Chanel Spring 2024 Ready-to-wear","og_description":"La casa francesa se inspira en los jardines de la villa Noailles y encarna temas de libertad, movimiento y alegr\u00eda de vivir","og_url":"https:\/\/graziamagazine.com\/mx\/articles\/chanel-spring-2024-ready-to-wear\/","og_site_name":"Grazia M\u00e9xico y Latinoam\u00e9rica","article_modified_time":"2023-10-04T03:29:08+00:00","twitter_card":"summary_large_image","twitter_image":"https:\/\/graziamagazine.com\/mx\/wp-content\/uploads\/sites\/13\/2023\/10\/chanel_066_ss-2024-rtw-HD-e1696348737837.jpg","twitter_misc":{"Est. reading time":"2 minutos"},"schema":{"@context":"https:\/\/schema.org","@graph":[{"@type":"WebPage","@id":"https:\/\/graziamagazine.com\/mx\/articles\/chanel-spring-2024-ready-to-wear\/","url":"https:\/\/graziamagazine.com\/mx\/articles\/chanel-spring-2024-ready-to-wear\/","name":"Chanel Spring 2024 Ready-to-wear","isPartOf":{"@id":"https:\/\/graziamagazine.com\/mx\/#website"},"datePublished":"2023-10-03T15:37:43+00:00","dateModified":"2023-10-04T03:29:08+00:00","description":"La casa francesa se inspira en los jardines de la villa Noailles y encarna temas de libertad, movimiento y alegr\u00eda de vivir","breadcrumb":{"@id":"https:\/\/graziamagazine.com\/mx\/articles\/chanel-spring-2024-ready-to-wear\/#breadcrumb"},"inLanguage":"es-MX","potentialAction":[{"@type":"ReadAction","target":["https:\/\/graziamagazine.com\/mx\/articles\/chanel-spring-2024-ready-to-wear\/"]}]},{"@type":"BreadcrumbList","@id":"https:\/\/graziamagazine.com\/mx\/articles\/chanel-spring-2024-ready-to-wear\/#breadcrumb","itemListElement":[{"@type":"ListItem","position":1,"name":"Home","item":"https:\/\/graziamagazine.com\/mx\/"},{"@type":"ListItem","position":2,"name":"Chanel Spring 2024 Ready-to-wear"}]},{"@type":"WebSite","@id":"https:\/\/graziamagazine.com\/mx\/#website","url":"https:\/\/graziamagazine.com\/mx\/","name":"Grazia M\u00e9xico y Latinoam\u00e9rica","description":"Grazia es moda, belleza y noticias  de actualidad ","potentialAction":[{"@type":"SearchAction","target":{"@type":"EntryPoint","urlTemplate":"https:\/\/graziamagazine.com\/mx\/?s={search_term_string}"},"query-input":"required name=search_term_string"}],"inLanguage":"es-MX"}]}},"jetpack_sharing_enabled":true,"distributor_meta":false,"distributor_terms":false,"distributor_media":false,"distributor_original_site_name":"Grazia M\u00e9xico y Latinoam\u00e9rica","distributor_original_site_url":"https:\/\/graziamagazine.com\/mx","push-errors":false,"_links":{"self":[{"href":"https:\/\/graziamagazine.com\/mx\/wp-json\/wp\/v2\/articles\/130123"}],"collection":[{"href":"https:\/\/graziamagazine.com\/mx\/wp-json\/wp\/v2\/articles"}],"about":[{"href":"https:\/\/graziamagazine.com\/mx\/wp-json\/wp\/v2\/types\/articles"}],"author":[{"embeddable":true,"href":"https:\/\/graziamagazine.com\/mx\/wp-json\/wp\/v2\/users\/28953"}],"wp:featuredmedia":[{"embeddable":true,"href":"https:\/\/graziamagazine.com\/mx\/wp-json\/wp\/v2\/media\/130143"}],"wp:attachment":[{"href":"https:\/\/graziamagazine.com\/mx\/wp-json\/wp\/v2\/media?parent=130123"}],"wp:term":[{"taxonomy":"category","embeddable":true,"href":"https:\/\/graziamagazine.com\/mx\/wp-json\/wp\/v2\/categories?post=130123"}],"curies":[{"name":"wp","href":"https:\/\/api.w.org\/{rel}","templated":true}]}}