{"id":130025,"date":"2023-10-02T13:05:36","date_gmt":"2023-10-02T18:05:36","guid":{"rendered":"https:\/\/graziamagazine.com\/mx\/?post_type=articles&#038;p=130025"},"modified":"2023-10-02T18:48:26","modified_gmt":"2023-10-02T23:48:26","slug":"alexander-mcqueen-ss-2024-un-homenaje-a-la-herencia-de-alexander-mcqueen","status":"publish","type":"articles","link":"https:\/\/graziamagazine.com\/mx\/articles\/alexander-mcqueen-ss-2024-un-homenaje-a-la-herencia-de-alexander-mcqueen\/","title":{"rendered":"Alexander McQueen SS 2024: Un homenaje a la herencia de Alexander McQueen"},"content":{"rendered":"<p>El desfile de <strong>Alexander McQueen<\/strong> de <strong>primavera-verano 2024<\/strong> se llev\u00f3 a cabo el 28 de septiembre de 2023 en el <strong>Th\u00e9\u00e2tre du Ch\u00e2telet de Par\u00eds<\/strong>. Este evento marc\u00f3 un hito significativo ya que fue la \u00faltima colecci\u00f3n presentada por <strong>Sarah Burton<\/strong> como directora creativa de la marca, despu\u00e9s de ocupar este cargo durante 13 a\u00f1os.<\/p>\n<div class=\"content-gallery\"><div class=\"gallery-placeholder\"><div class=\"spinner\"><\/div><\/div><span class=\"gallery-pagination\"><\/span><div id=\"gallery-1\" class=\"gallery galleryid-130025 gallery-columns- gallery-size-\"><figure class=\"gallery-item\"><div class=\"gallery-icon landscape\"><img loading=\"lazy\" decoding=\"async\" width=\"930\" height=\"1404\" src=\"https:\/\/graziamagazine.com\/mx\/wp-content\/uploads\/sites\/13\/2023\/10\/Captura-de-Pantalla-2023-10-02-a-las-11.56.39.png\" class=\"lazy\" alt=\"\" \/><\/div><\/figure><figure class=\"gallery-item\"><div class=\"gallery-icon landscape\"><img loading=\"lazy\" decoding=\"async\" width=\"930\" height=\"1430\" src=\"https:\/\/graziamagazine.com\/mx\/wp-content\/uploads\/sites\/13\/2023\/10\/Captura-de-Pantalla-2023-10-02-a-las-11.55.41.png\" class=\"lazy\" alt=\"\" \/><\/div><\/figure><figure class=\"gallery-item\"><div class=\"gallery-icon landscape\"><img loading=\"lazy\" decoding=\"async\" width=\"930\" height=\"1406\" src=\"https:\/\/graziamagazine.com\/mx\/wp-content\/uploads\/sites\/13\/2023\/10\/Captura-de-Pantalla-2023-10-02-a-las-11.56.25.png\" class=\"lazy\" alt=\"\" \/><\/div><\/figure><figure class=\"gallery-item\"><div class=\"gallery-icon landscape\"><img loading=\"lazy\" decoding=\"async\" width=\"930\" height=\"1406\" src=\"https:\/\/graziamagazine.com\/mx\/wp-content\/uploads\/sites\/13\/2023\/10\/Captura-de-Pantalla-2023-10-02-a-las-11.56.17.png\" class=\"lazy\" alt=\"\" \/><\/div><\/figure><figure class=\"gallery-item\"><div class=\"gallery-icon landscape\"><img loading=\"lazy\" decoding=\"async\" width=\"830\" height=\"1228\" src=\"https:\/\/graziamagazine.com\/mx\/wp-content\/uploads\/sites\/13\/2023\/10\/Captura-de-Pantalla-2023-10-02-a-las-11.58.32.png\" class=\"lazy\" alt=\"\" \/><\/div><\/figure><figure class=\"gallery-item\"><div class=\"gallery-icon landscape\"><img loading=\"lazy\" decoding=\"async\" width=\"830\" height=\"1228\" src=\"https:\/\/graziamagazine.com\/mx\/wp-content\/uploads\/sites\/13\/2023\/10\/Captura-de-Pantalla-2023-10-02-a-las-11.57.43.png\" class=\"lazy\" alt=\"\" \/><\/div><\/figure><\/div><\/div>\n<p>El desfile fue un emotivo <strong>homenaje a la herencia de Alexander McQueen<\/strong>, el fundador de la marca, quien falleci\u00f3 en 2010. Sarah Burton logr\u00f3 combinar con maestr\u00eda el <strong>estilo teatral y dram\u00e1tico<\/strong> caracter\u00edstico de McQueen con elementos modernos y contempor\u00e1neos.<\/p>\n<blockquote><p>\u201cEsta colecci\u00f3n est\u00e1 inspirada en la anatom\u00eda femenina, la reina Isabel I, la rosa roja sangre y Magdalena Abakanowicz, una artista transgresora y poderosamente creativa que se neg\u00f3 a comprometer su visi\u00f3n. El programa est\u00e1 dedicado a la memoria de Lee Alexander McQueen, cuyo deseo siempre fue empoderar a las mujeres, y a la pasi\u00f3n, el talento y la lealtad de mi equipo\u201d, declar\u00f3 la dise\u00f1adora.<\/p>\n<div class=\"content-gallery\"><div class=\"gallery-placeholder\"><div class=\"spinner\"><\/div><\/div><span class=\"gallery-pagination\"><\/span><div id=\"gallery-2\" class=\"gallery galleryid-130025 gallery-columns- gallery-size-\"><figure class=\"gallery-item\"><div class=\"gallery-icon landscape\"><img loading=\"lazy\" decoding=\"async\" width=\"930\" height=\"1404\" src=\"https:\/\/graziamagazine.com\/mx\/wp-content\/uploads\/sites\/13\/2023\/10\/Captura-de-Pantalla-2023-10-02-a-las-11.56.49.png\" class=\"lazy\" alt=\"\" \/><\/div><\/figure><figure class=\"gallery-item\"><div class=\"gallery-icon landscape\"><img loading=\"lazy\" decoding=\"async\" width=\"930\" height=\"1404\" src=\"https:\/\/graziamagazine.com\/mx\/wp-content\/uploads\/sites\/13\/2023\/10\/Captura-de-Pantalla-2023-10-02-a-las-11.57.03.png\" class=\"lazy\" alt=\"\" \/><\/div><\/figure><figure class=\"gallery-item\"><div class=\"gallery-icon landscape\"><img loading=\"lazy\" decoding=\"async\" width=\"830\" height=\"1228\" src=\"https:\/\/graziamagazine.com\/mx\/wp-content\/uploads\/sites\/13\/2023\/10\/Captura-de-Pantalla-2023-10-02-a-las-11.57.20.png\" class=\"lazy\" alt=\"\" \/><\/div><\/figure><figure class=\"gallery-item\"><div class=\"gallery-icon landscape\"><img loading=\"lazy\" decoding=\"async\" width=\"830\" height=\"1228\" src=\"https:\/\/graziamagazine.com\/mx\/wp-content\/uploads\/sites\/13\/2023\/10\/Captura-de-Pantalla-2023-10-02-a-las-11.57.27.png\" class=\"lazy\" alt=\"\" \/><\/div><\/figure><figure class=\"gallery-item\"><div class=\"gallery-icon landscape\"><img loading=\"lazy\" decoding=\"async\" width=\"830\" height=\"1228\" src=\"https:\/\/graziamagazine.com\/mx\/wp-content\/uploads\/sites\/13\/2023\/10\/Captura-de-Pantalla-2023-10-02-a-las-11.57.36.png\" class=\"lazy\" alt=\"\" \/><\/div><\/figure><figure class=\"gallery-item\"><div class=\"gallery-icon landscape\"><img loading=\"lazy\" decoding=\"async\" width=\"830\" height=\"1228\" src=\"https:\/\/graziamagazine.com\/mx\/wp-content\/uploads\/sites\/13\/2023\/10\/Captura-de-Pantalla-2023-10-02-a-las-11.57.43.png\" class=\"lazy\" alt=\"\" \/><\/div><\/figure><figure class=\"gallery-item\"><div class=\"gallery-icon landscape\"><img loading=\"lazy\" decoding=\"async\" width=\"930\" height=\"1406\" src=\"https:\/\/graziamagazine.com\/mx\/wp-content\/uploads\/sites\/13\/2023\/10\/Captura-de-Pantalla-2023-10-02-a-las-11.56.04.png\" class=\"lazy\" alt=\"\" \/><\/div><\/figure><\/div><\/div><\/blockquote>\n<p>La colecci\u00f3n comenz\u00f3 con un conjunto de <strong>vestidos negros ce\u00f1idos<\/strong>, destacando por su escote en forma de cerradura,<strong> mangas cortadas y tacones rojos<\/strong>, un claro gui\u00f1o al ic\u00f3nico estilo de McQueen, conocido por su uso audaz de piel y cuero.<\/p>\n<p>A medida que el desfile avanzaba, la colecci\u00f3n presentaba prendas m\u00e1s fluidas y et\u00e9reas, como vestidos de gasa y seda que se combinaban con faldas de tul y encaje. Adem\u00e1s, Sarah Burton introdujo novedades en su trabajo, como una serie de<strong> trajes de chaqueta y pantalones.<\/strong><\/p>\n<div class=\"content-gallery\"><div class=\"gallery-placeholder\"><div class=\"spinner\"><\/div><\/div><span class=\"gallery-pagination\"><\/span><div id=\"gallery-3\" class=\"gallery galleryid-130025 gallery-columns- gallery-size-\"><figure class=\"gallery-item\"><div class=\"gallery-icon landscape\"><img loading=\"lazy\" decoding=\"async\" width=\"830\" height=\"1228\" src=\"https:\/\/graziamagazine.com\/mx\/wp-content\/uploads\/sites\/13\/2023\/10\/Captura-de-Pantalla-2023-10-02-a-las-11.57.56.png\" class=\"lazy\" alt=\"\" \/><\/div><\/figure><figure class=\"gallery-item\"><div class=\"gallery-icon landscape\"><img loading=\"lazy\" decoding=\"async\" width=\"830\" height=\"1228\" src=\"https:\/\/graziamagazine.com\/mx\/wp-content\/uploads\/sites\/13\/2023\/10\/Captura-de-Pantalla-2023-10-02-a-las-11.58.08.png\" class=\"lazy\" alt=\"\" \/><\/div><\/figure><figure class=\"gallery-item\"><div class=\"gallery-icon landscape\"><img loading=\"lazy\" decoding=\"async\" width=\"830\" height=\"1228\" src=\"https:\/\/graziamagazine.com\/mx\/wp-content\/uploads\/sites\/13\/2023\/10\/Captura-de-Pantalla-2023-10-02-a-las-11.58.13.png\" class=\"lazy\" alt=\"\" \/><\/div><\/figure><figure class=\"gallery-item\"><div class=\"gallery-icon landscape\"><img loading=\"lazy\" decoding=\"async\" width=\"830\" height=\"1228\" src=\"https:\/\/graziamagazine.com\/mx\/wp-content\/uploads\/sites\/13\/2023\/10\/Captura-de-Pantalla-2023-10-02-a-las-11.58.17.png\" class=\"lazy\" alt=\"\" \/><\/div><\/figure><figure class=\"gallery-item\"><div class=\"gallery-icon landscape\"><img loading=\"lazy\" decoding=\"async\" width=\"830\" height=\"1228\" src=\"https:\/\/graziamagazine.com\/mx\/wp-content\/uploads\/sites\/13\/2023\/10\/Captura-de-Pantalla-2023-10-02-a-las-11.58.20.png\" class=\"lazy\" alt=\"\" \/><\/div><\/figure><figure class=\"gallery-item\"><div class=\"gallery-icon landscape\"><img loading=\"lazy\" decoding=\"async\" width=\"830\" height=\"1228\" src=\"https:\/\/graziamagazine.com\/mx\/wp-content\/uploads\/sites\/13\/2023\/10\/Captura-de-Pantalla-2023-10-02-a-las-11.58.23.png\" class=\"lazy\" alt=\"\" \/><\/div><\/figure><figure class=\"gallery-item\"><div class=\"gallery-icon landscape\"><img loading=\"lazy\" decoding=\"async\" width=\"930\" height=\"1404\" src=\"https:\/\/graziamagazine.com\/mx\/wp-content\/uploads\/sites\/13\/2023\/10\/Captura-de-Pantalla-2023-10-02-a-las-11.56.43.png\" class=\"lazy\" alt=\"\" \/><\/div><\/figure><\/div><\/div>\n<p>El cl\u00edmax del desfile estuvo marcado por una serie de deslumbrantes vestidos de noche adornados con plumas, cristales y bordados, que dejaron una fuerte impresi\u00f3n en la audiencia.<\/p>\n<p>La colecci\u00f3n de Burton recibi\u00f3 elogios tanto de la cr\u00edtica como del p\u00fablico, destacando por su belleza, artesan\u00eda y respeto a la herencia de McQueen. Fue un evento memorable que honr\u00f3 la visi\u00f3n creativa de ambos dise\u00f1adores en el mundo de la moda.<\/p>\n<div class=\"content-gallery\"><div class=\"gallery-placeholder\"><div class=\"spinner\"><\/div><\/div><span class=\"gallery-pagination\"><\/span><div id=\"gallery-4\" class=\"gallery galleryid-130025 gallery-columns- gallery-size-\"><figure class=\"gallery-item\"><div class=\"gallery-icon landscape\"><img loading=\"lazy\" decoding=\"async\" width=\"830\" height=\"1228\" src=\"https:\/\/graziamagazine.com\/mx\/wp-content\/uploads\/sites\/13\/2023\/10\/Captura-de-Pantalla-2023-10-02-a-las-11.59.00.png\" class=\"lazy\" alt=\"\" \/><\/div><\/figure><figure class=\"gallery-item\"><div class=\"gallery-icon landscape\"><img loading=\"lazy\" decoding=\"async\" width=\"830\" height=\"1228\" src=\"https:\/\/graziamagazine.com\/mx\/wp-content\/uploads\/sites\/13\/2023\/10\/Captura-de-Pantalla-2023-10-02-a-las-11.58.51.png\" class=\"lazy\" alt=\"\" \/><\/div><\/figure><figure class=\"gallery-item\"><div class=\"gallery-icon landscape\"><img loading=\"lazy\" decoding=\"async\" width=\"930\" height=\"1406\" src=\"https:\/\/graziamagazine.com\/mx\/wp-content\/uploads\/sites\/13\/2023\/10\/Captura-de-Pantalla-2023-10-02-a-las-11.55.52.png\" class=\"lazy\" alt=\"\" \/><\/div><\/figure><figure class=\"gallery-item\"><div class=\"gallery-icon landscape\"><img loading=\"lazy\" decoding=\"async\" width=\"930\" height=\"1406\" src=\"https:\/\/graziamagazine.com\/mx\/wp-content\/uploads\/sites\/13\/2023\/10\/Captura-de-Pantalla-2023-10-02-a-las-11.56.30.png\" class=\"lazy\" alt=\"\" \/><\/div><\/figure><figure class=\"gallery-item\"><div class=\"gallery-icon landscape\"><img loading=\"lazy\" decoding=\"async\" width=\"930\" height=\"1406\" src=\"https:\/\/graziamagazine.com\/mx\/wp-content\/uploads\/sites\/13\/2023\/10\/Captura-de-Pantalla-2023-10-02-a-las-11.56.14.png\" class=\"lazy\" alt=\"\" \/><\/div><\/figure><\/div><\/div>\n<p><em><strong>*IMAGEN: Cortes\u00eda Alexander McQueen<\/strong><\/em><\/p>\n","protected":false},"author":28953,"featured_media":130026,"template":"","format":"standard","categories":[4],"acf":[],"yoast_head":"<!-- This site is optimized with the Yoast SEO Premium plugin v18.5 (Yoast SEO v20.4) - https:\/\/yoast.com\/wordpress\/plugins\/seo\/ -->\n<title>Alexander McQueen SS 2024: Un homenaje a la herencia de Alexander McQueen<\/title>\n<meta name=\"description\" content=\"Sarah Burton rindi\u00f3 homenaje al legado de McQueen con una colecci\u00f3n que combinaba su estilo teatral y dram\u00e1tico con su compromiso con la moda sostenible\" \/>\n<meta name=\"robots\" content=\"index, follow, max-snippet:-1, max-image-preview:large, max-video-preview:-1\" \/>\n<link rel=\"canonical\" href=\"https:\/\/graziamagazine.com\/mx\/articles\/alexander-mcqueen-ss-2024-un-homenaje-a-la-herencia-de-alexander-mcqueen\/\" \/>\n<meta property=\"og:locale\" content=\"es_MX\" \/>\n<meta property=\"og:type\" content=\"article\" \/>\n<meta property=\"og:title\" content=\"Alexander McQueen SS 2024: Un homenaje a la herencia de Alexander McQueen\" \/>\n<meta property=\"og:description\" content=\"Sarah Burton rindi\u00f3 homenaje al legado de McQueen con una colecci\u00f3n que combinaba su estilo teatral y dram\u00e1tico con su compromiso con la moda sostenible\" \/>\n<meta property=\"og:url\" content=\"https:\/\/graziamagazine.com\/mx\/articles\/alexander-mcqueen-ss-2024-un-homenaje-a-la-herencia-de-alexander-mcqueen\/\" \/>\n<meta property=\"og:site_name\" content=\"Grazia M\u00e9xico y Latinoam\u00e9rica\" \/>\n<meta property=\"article:modified_time\" content=\"2023-10-02T23:48:26+00:00\" \/>\n<meta property=\"og:image\" content=\"https:\/\/graziamagazine.com\/mx\/wp-content\/uploads\/sites\/13\/2023\/10\/Captura-de-Pantalla-2023-10-02-a-las-11.56.47-e1696270555848.png\" \/>\n\t<meta property=\"og:image:width\" content=\"928\" \/>\n\t<meta property=\"og:image:height\" content=\"631\" \/>\n\t<meta property=\"og:image:type\" content=\"image\/png\" \/>\n<meta name=\"twitter:card\" content=\"summary_large_image\" \/>\n<meta name=\"twitter:label1\" content=\"Est. reading time\" \/>\n\t<meta name=\"twitter:data1\" content=\"2 minutos\" \/>\n<script type=\"application\/ld+json\" class=\"yoast-schema-graph\">{\"@context\":\"https:\/\/schema.org\",\"@graph\":[{\"@type\":\"WebPage\",\"@id\":\"https:\/\/graziamagazine.com\/mx\/articles\/alexander-mcqueen-ss-2024-un-homenaje-a-la-herencia-de-alexander-mcqueen\/\",\"url\":\"https:\/\/graziamagazine.com\/mx\/articles\/alexander-mcqueen-ss-2024-un-homenaje-a-la-herencia-de-alexander-mcqueen\/\",\"name\":\"Alexander McQueen SS 2024: Un homenaje a la herencia de Alexander McQueen\",\"isPartOf\":{\"@id\":\"https:\/\/graziamagazine.com\/mx\/#website\"},\"datePublished\":\"2023-10-02T18:05:36+00:00\",\"dateModified\":\"2023-10-02T23:48:26+00:00\",\"description\":\"Sarah Burton rindi\u00f3 homenaje al legado de McQueen con una colecci\u00f3n que combinaba su estilo teatral y dram\u00e1tico con su compromiso con la moda sostenible\",\"breadcrumb\":{\"@id\":\"https:\/\/graziamagazine.com\/mx\/articles\/alexander-mcqueen-ss-2024-un-homenaje-a-la-herencia-de-alexander-mcqueen\/#breadcrumb\"},\"inLanguage\":\"es-MX\",\"potentialAction\":[{\"@type\":\"ReadAction\",\"target\":[\"https:\/\/graziamagazine.com\/mx\/articles\/alexander-mcqueen-ss-2024-un-homenaje-a-la-herencia-de-alexander-mcqueen\/\"]}]},{\"@type\":\"BreadcrumbList\",\"@id\":\"https:\/\/graziamagazine.com\/mx\/articles\/alexander-mcqueen-ss-2024-un-homenaje-a-la-herencia-de-alexander-mcqueen\/#breadcrumb\",\"itemListElement\":[{\"@type\":\"ListItem\",\"position\":1,\"name\":\"Home\",\"item\":\"https:\/\/graziamagazine.com\/mx\/\"},{\"@type\":\"ListItem\",\"position\":2,\"name\":\"Alexander McQueen SS 2024: Un homenaje a la herencia de Alexander McQueen\"}]},{\"@type\":\"WebSite\",\"@id\":\"https:\/\/graziamagazine.com\/mx\/#website\",\"url\":\"https:\/\/graziamagazine.com\/mx\/\",\"name\":\"Grazia M\u00e9xico y Latinoam\u00e9rica\",\"description\":\"Grazia es moda, belleza y noticias  de actualidad \",\"potentialAction\":[{\"@type\":\"SearchAction\",\"target\":{\"@type\":\"EntryPoint\",\"urlTemplate\":\"https:\/\/graziamagazine.com\/mx\/?s={search_term_string}\"},\"query-input\":\"required name=search_term_string\"}],\"inLanguage\":\"es-MX\"}]}<\/script>\n<!-- \/ Yoast SEO Premium plugin. -->","yoast_head_json":{"title":"Alexander McQueen SS 2024: Un homenaje a la herencia de Alexander McQueen","description":"Sarah Burton rindi\u00f3 homenaje al legado de McQueen con una colecci\u00f3n que combinaba su estilo teatral y dram\u00e1tico con su compromiso con la moda sostenible","robots":{"index":"index","follow":"follow","max-snippet":"max-snippet:-1","max-image-preview":"max-image-preview:large","max-video-preview":"max-video-preview:-1"},"canonical":"https:\/\/graziamagazine.com\/mx\/articles\/alexander-mcqueen-ss-2024-un-homenaje-a-la-herencia-de-alexander-mcqueen\/","og_locale":"es_MX","og_type":"article","og_title":"Alexander McQueen SS 2024: Un homenaje a la herencia de Alexander McQueen","og_description":"Sarah Burton rindi\u00f3 homenaje al legado de McQueen con una colecci\u00f3n que combinaba su estilo teatral y dram\u00e1tico con su compromiso con la moda sostenible","og_url":"https:\/\/graziamagazine.com\/mx\/articles\/alexander-mcqueen-ss-2024-un-homenaje-a-la-herencia-de-alexander-mcqueen\/","og_site_name":"Grazia M\u00e9xico y Latinoam\u00e9rica","article_modified_time":"2023-10-02T23:48:26+00:00","og_image":[{"width":928,"height":631,"url":"https:\/\/graziamagazine.com\/mx\/wp-content\/uploads\/sites\/13\/2023\/10\/Captura-de-Pantalla-2023-10-02-a-las-11.56.47-e1696270555848.png","type":"image\/png"}],"twitter_card":"summary_large_image","twitter_misc":{"Est. reading time":"2 minutos"},"schema":{"@context":"https:\/\/schema.org","@graph":[{"@type":"WebPage","@id":"https:\/\/graziamagazine.com\/mx\/articles\/alexander-mcqueen-ss-2024-un-homenaje-a-la-herencia-de-alexander-mcqueen\/","url":"https:\/\/graziamagazine.com\/mx\/articles\/alexander-mcqueen-ss-2024-un-homenaje-a-la-herencia-de-alexander-mcqueen\/","name":"Alexander McQueen SS 2024: Un homenaje a la herencia de Alexander McQueen","isPartOf":{"@id":"https:\/\/graziamagazine.com\/mx\/#website"},"datePublished":"2023-10-02T18:05:36+00:00","dateModified":"2023-10-02T23:48:26+00:00","description":"Sarah Burton rindi\u00f3 homenaje al legado de McQueen con una colecci\u00f3n que combinaba su estilo teatral y dram\u00e1tico con su compromiso con la moda sostenible","breadcrumb":{"@id":"https:\/\/graziamagazine.com\/mx\/articles\/alexander-mcqueen-ss-2024-un-homenaje-a-la-herencia-de-alexander-mcqueen\/#breadcrumb"},"inLanguage":"es-MX","potentialAction":[{"@type":"ReadAction","target":["https:\/\/graziamagazine.com\/mx\/articles\/alexander-mcqueen-ss-2024-un-homenaje-a-la-herencia-de-alexander-mcqueen\/"]}]},{"@type":"BreadcrumbList","@id":"https:\/\/graziamagazine.com\/mx\/articles\/alexander-mcqueen-ss-2024-un-homenaje-a-la-herencia-de-alexander-mcqueen\/#breadcrumb","itemListElement":[{"@type":"ListItem","position":1,"name":"Home","item":"https:\/\/graziamagazine.com\/mx\/"},{"@type":"ListItem","position":2,"name":"Alexander McQueen SS 2024: Un homenaje a la herencia de Alexander McQueen"}]},{"@type":"WebSite","@id":"https:\/\/graziamagazine.com\/mx\/#website","url":"https:\/\/graziamagazine.com\/mx\/","name":"Grazia M\u00e9xico y Latinoam\u00e9rica","description":"Grazia es moda, belleza y noticias  de actualidad ","potentialAction":[{"@type":"SearchAction","target":{"@type":"EntryPoint","urlTemplate":"https:\/\/graziamagazine.com\/mx\/?s={search_term_string}"},"query-input":"required name=search_term_string"}],"inLanguage":"es-MX"}]}},"jetpack_sharing_enabled":true,"distributor_meta":false,"distributor_terms":false,"distributor_media":false,"distributor_original_site_name":"Grazia M\u00e9xico y Latinoam\u00e9rica","distributor_original_site_url":"https:\/\/graziamagazine.com\/mx","push-errors":false,"_links":{"self":[{"href":"https:\/\/graziamagazine.com\/mx\/wp-json\/wp\/v2\/articles\/130025"}],"collection":[{"href":"https:\/\/graziamagazine.com\/mx\/wp-json\/wp\/v2\/articles"}],"about":[{"href":"https:\/\/graziamagazine.com\/mx\/wp-json\/wp\/v2\/types\/articles"}],"author":[{"embeddable":true,"href":"https:\/\/graziamagazine.com\/mx\/wp-json\/wp\/v2\/users\/28953"}],"wp:featuredmedia":[{"embeddable":true,"href":"https:\/\/graziamagazine.com\/mx\/wp-json\/wp\/v2\/media\/130026"}],"wp:attachment":[{"href":"https:\/\/graziamagazine.com\/mx\/wp-json\/wp\/v2\/media?parent=130025"}],"wp:term":[{"taxonomy":"category","embeddable":true,"href":"https:\/\/graziamagazine.com\/mx\/wp-json\/wp\/v2\/categories?post=130025"}],"curies":[{"name":"wp","href":"https:\/\/api.w.org\/{rel}","templated":true}]}}