{"id":129850,"date":"2023-09-29T18:32:06","date_gmt":"2023-09-29T23:32:06","guid":{"rendered":"https:\/\/graziamagazine.com\/mx\/?post_type=articles&#038;p=129850"},"modified":"2023-10-02T12:13:03","modified_gmt":"2023-10-02T17:13:03","slug":"vacheron-constantin-x-the-met-una-nueva-alianza-para-transmitir-conocimientos-y-experiencia","status":"publish","type":"articles","link":"https:\/\/graziamagazine.com\/mx\/articles\/vacheron-constantin-x-the-met-una-nueva-alianza-para-transmitir-conocimientos-y-experiencia\/","title":{"rendered":"Vacheron Constantin x The MET, una nueva alianza para transmitir conocimientos y experiencia"},"content":{"rendered":"<p><span style=\"font-weight: 400;\"><strong>Vacheron Constantin y el Museo Metropolitano de Arte de Nueva York<\/strong>, anunciaron una nueva alianza para trabajar en torno al v\u00ednculo con el mundo del arte y la cultura que ha nutrido la imaginaci\u00f3n y la creatividad de Vacheron Constantin, marca de relojes de lujo para mujeres y hombres.<\/span><\/p>\n<p><span style=\"font-weight: 400;\">\u201cComo se demostrar\u00e1 v\u00edvidamente en futuras iniciativas educativas desarrolladas en el marco de esta asociaci\u00f3n basada en un compromiso inquebrantable de salvaguardar y transmitir el conocimiento y la experiencia\u201d, dijo la <em>Maison<\/em> en un comunicado.<\/span><\/p>\n<p><span style=\"font-weight: 400;\">De esta manera, el museo y la marca de lujo crear\u00e1n programas educativos y de tutor\u00eda para lograr que el arte sea accesible para todos, independientemente de sus antecedentes, discapacidad, edad o experiencia.\u00a0<\/span><\/p>\n<p><img loading=\"lazy\" decoding=\"async\" class=\"alignnone size-medium wp-image-129852\" src=\"https:\/\/graziamagazine.com\/mx\/wp-content\/uploads\/sites\/13\/2023\/09\/Captura-de-Pantalla-2023-09-29-a-las-16.42.07.png?w=397\" alt=\"\" width=\"397\" height=\"263\" \/><\/p>\n<p><span style=\"font-weight: 400;\">El Departamento de Educaci\u00f3n del Met presenta actualmente m\u00e1s de 29,000 eventos y programas educativos durante todo el a\u00f1o. Estos programas incluyen talleres, experiencias de creaci\u00f3n art\u00edstica, recorridos especializados, becas que apoyan becas e investigaciones l\u00edderes, pasant\u00edas en escuelas secundarias y universidades que promueven la accesibilidad y diversidad profesional, programas de acceso para visitantes con discapacidades, programas de capacitaci\u00f3n a los maestros para integrar el arte en planes de estudio b\u00e1sicos en todas las disciplinas, y visitas y programas escolares que fomentan un aprendizaje profundo y relaciones de por vida con y a trav\u00e9s del arte.<\/span><\/p>\n<p><span style=\"font-weight: 400;\"><strong>Vacheron Constantin x The MET<\/strong> promover\u00e1, ampliar\u00e1 y financiar\u00e1 estos programas.<\/span><\/p>\n<p><span style=\"font-weight: 400;\">&#8220;\u2019Ninguno de nosotros sabe lo que todos sabemos juntos\u2019. Ya en tiempos de Eur\u00edpides era de suma importancia compartir el conocimiento y el patrimonio que representa para las generaciones futuras, al igual que Vacheron Constantin, cuyo acto fundacional fue un contrato de aprendizaje firmado por Jean-Marc Vacheron el 17 de septiembre de 1755\u201d, agrega la marca.<\/span><\/p>\n<p><img loading=\"lazy\" decoding=\"async\" class=\"alignnone size-medium wp-image-129853\" src=\"https:\/\/graziamagazine.com\/mx\/wp-content\/uploads\/sites\/13\/2023\/09\/Captura-de-Pantalla-2023-09-29-a-las-16.42.02.png?w=398\" alt=\"\" width=\"398\" height=\"263\" \/><\/p>\n<p><span style=\"font-weight: 400;\">\u201cUn documento oficial que contiene la menci\u00f3n m\u00e1s antigua de la dinast\u00eda relojera Vacheron compromet\u00eda al fundador de la Maison a ense\u00f1ar su arte a un joven aprendiz durante un per\u00edodo de cinco a\u00f1os. Esta transmisi\u00f3n de conocimientos siempre ha sido fundamental para la actividad de la manufactura. cuyas aproximadamente 40 habilidades dependen en gran medida del arte y las t\u00e9cnicas desarrolladas por generaciones anteriores, continuamente repensadas, adaptadas y mejoradas a lo largo de las d\u00e9cadas\u201d, indica.<\/span><\/p>\n<p><span style=\"font-weight: 400;\">\u201cHoy como en el pasado, Vacheron Constantin se compromete a integrar a los aprendices en su proceso de producci\u00f3n y a cuidar bien de sus artesanos y relojeros, quienes son profundamente conscientes de la inteligencia que gu\u00eda las habilidades de sus antepasados, garantizando que nunca olviden lo que hace que un Vacheron Constantin mira \u00fanico. Ya sea que figure en el cat\u00e1logo de la Maison o que lleve el emblema de Les Cabinotiers que firma relojes \u00fanicos y excepcionales, cada modelo es el fruto de m\u00e1s de dos siglos y medio de conocimiento y tradici\u00f3n, impulsados por la creatividad y la innovaci\u00f3n, en un esfuerzo constante por enriquecer el cuerpo de conocimientos existente. La b\u00fasqueda de la excelencia es un desaf\u00edo constante en el que nunca dejamos de aprender\u201d, dijo Louis Ferla, CEO de Vacheron Constantin.<\/span><\/p>\n<p><span style=\"font-weight: 400;\">Finalmente la asociaci\u00f3n apoyar\u00e1 una variedad de actividades impulsadas por la misi\u00f3n del Met e incluir\u00e1 una serie de colaboraciones, incluido un programa de artista en residencia y otras iniciativas educativas, eventos especiales, y relojes excepcionales de Vacheron Constantin inspirados en obras de arte de la colecci\u00f3n The Met.<\/span><\/p>\n<p><img loading=\"lazy\" decoding=\"async\" class=\"alignnone size-medium wp-image-129854\" src=\"https:\/\/graziamagazine.com\/mx\/wp-content\/uploads\/sites\/13\/2023\/09\/Captura-de-Pantalla-2023-09-29-a-las-16.41.57.png?w=400\" alt=\"\" width=\"400\" height=\"261\" \/><\/p>\n","protected":false},"author":11628,"featured_media":129851,"template":"","format":"standard","categories":[13540,4],"acf":[],"yoast_head":"<!-- This site is optimized with the Yoast SEO Premium plugin v18.5 (Yoast SEO v20.4) - https:\/\/yoast.com\/wordpress\/plugins\/seo\/ -->\n<title>Vacheron Constantin x The MET, una nueva alianza para transmitir conocimientos y experiencia | Grazia M\u00e9xico y Latinoam\u00e9rica<\/title>\n<meta name=\"description\" content=\"Vacheron Constantin y el Museo Metropolitano de Arte de Nueva York, anunciaron una nueva alianza para trabajar en torno al v\u00ednculo con el mundo del arte y\" \/>\n<meta name=\"robots\" content=\"index, follow, max-snippet:-1, max-image-preview:large, max-video-preview:-1\" \/>\n<link rel=\"canonical\" href=\"https:\/\/graziamagazine.com\/mx\/articles\/vacheron-constantin-x-the-met-una-nueva-alianza-para-transmitir-conocimientos-y-experiencia\/\" \/>\n<meta property=\"og:locale\" content=\"es_MX\" \/>\n<meta property=\"og:type\" content=\"article\" \/>\n<meta property=\"og:title\" content=\"Vacheron Constantin x The MET, una nueva alianza para transmitir conocimientos y experiencia\" \/>\n<meta property=\"og:description\" content=\"Vacheron Constantin y el Museo Metropolitano de Arte de Nueva York, anunciaron una nueva alianza para trabajar en torno al v\u00ednculo con el mundo del arte y\" \/>\n<meta property=\"og:url\" content=\"https:\/\/graziamagazine.com\/mx\/articles\/vacheron-constantin-x-the-met-una-nueva-alianza-para-transmitir-conocimientos-y-experiencia\/\" \/>\n<meta property=\"og:site_name\" content=\"Grazia M\u00e9xico y Latinoam\u00e9rica\" \/>\n<meta property=\"article:modified_time\" content=\"2023-10-02T17:13:03+00:00\" \/>\n<meta property=\"og:image\" content=\"https:\/\/graziamagazine.com\/mx\/wp-content\/uploads\/sites\/13\/2023\/09\/Captura-de-Pantalla-2023-09-29-a-las-16.42.21.png\" \/>\n\t<meta property=\"og:image:width\" content=\"610\" \/>\n\t<meta property=\"og:image:height\" content=\"402\" \/>\n\t<meta property=\"og:image:type\" content=\"image\/png\" \/>\n<meta name=\"twitter:card\" content=\"summary_large_image\" \/>\n<meta name=\"twitter:label1\" content=\"Est. reading time\" \/>\n\t<meta name=\"twitter:data1\" content=\"4 minutos\" \/>\n<script type=\"application\/ld+json\" class=\"yoast-schema-graph\">{\"@context\":\"https:\/\/schema.org\",\"@graph\":[{\"@type\":\"WebPage\",\"@id\":\"https:\/\/graziamagazine.com\/mx\/articles\/vacheron-constantin-x-the-met-una-nueva-alianza-para-transmitir-conocimientos-y-experiencia\/\",\"url\":\"https:\/\/graziamagazine.com\/mx\/articles\/vacheron-constantin-x-the-met-una-nueva-alianza-para-transmitir-conocimientos-y-experiencia\/\",\"name\":\"Vacheron Constantin x The MET, una nueva alianza para transmitir conocimientos y experiencia | Grazia M\u00e9xico y Latinoam\u00e9rica\",\"isPartOf\":{\"@id\":\"https:\/\/graziamagazine.com\/mx\/#website\"},\"datePublished\":\"2023-09-29T23:32:06+00:00\",\"dateModified\":\"2023-10-02T17:13:03+00:00\",\"description\":\"Vacheron Constantin y el Museo Metropolitano de Arte de Nueva York, anunciaron una nueva alianza para trabajar en torno al v\u00ednculo con el mundo del arte y\",\"breadcrumb\":{\"@id\":\"https:\/\/graziamagazine.com\/mx\/articles\/vacheron-constantin-x-the-met-una-nueva-alianza-para-transmitir-conocimientos-y-experiencia\/#breadcrumb\"},\"inLanguage\":\"es-MX\",\"potentialAction\":[{\"@type\":\"ReadAction\",\"target\":[\"https:\/\/graziamagazine.com\/mx\/articles\/vacheron-constantin-x-the-met-una-nueva-alianza-para-transmitir-conocimientos-y-experiencia\/\"]}]},{\"@type\":\"BreadcrumbList\",\"@id\":\"https:\/\/graziamagazine.com\/mx\/articles\/vacheron-constantin-x-the-met-una-nueva-alianza-para-transmitir-conocimientos-y-experiencia\/#breadcrumb\",\"itemListElement\":[{\"@type\":\"ListItem\",\"position\":1,\"name\":\"Home\",\"item\":\"https:\/\/graziamagazine.com\/mx\/\"},{\"@type\":\"ListItem\",\"position\":2,\"name\":\"Vacheron Constantin x The MET, una nueva alianza para transmitir conocimientos y experiencia\"}]},{\"@type\":\"WebSite\",\"@id\":\"https:\/\/graziamagazine.com\/mx\/#website\",\"url\":\"https:\/\/graziamagazine.com\/mx\/\",\"name\":\"Grazia M\u00e9xico y Latinoam\u00e9rica\",\"description\":\"Grazia es moda, belleza y noticias  de actualidad \",\"potentialAction\":[{\"@type\":\"SearchAction\",\"target\":{\"@type\":\"EntryPoint\",\"urlTemplate\":\"https:\/\/graziamagazine.com\/mx\/?s={search_term_string}\"},\"query-input\":\"required name=search_term_string\"}],\"inLanguage\":\"es-MX\"}]}<\/script>\n<!-- \/ Yoast SEO Premium plugin. -->","yoast_head_json":{"title":"Vacheron Constantin x The MET, una nueva alianza para transmitir conocimientos y experiencia | Grazia M\u00e9xico y Latinoam\u00e9rica","description":"Vacheron Constantin y el Museo Metropolitano de Arte de Nueva York, anunciaron una nueva alianza para trabajar en torno al v\u00ednculo con el mundo del arte y","robots":{"index":"index","follow":"follow","max-snippet":"max-snippet:-1","max-image-preview":"max-image-preview:large","max-video-preview":"max-video-preview:-1"},"canonical":"https:\/\/graziamagazine.com\/mx\/articles\/vacheron-constantin-x-the-met-una-nueva-alianza-para-transmitir-conocimientos-y-experiencia\/","og_locale":"es_MX","og_type":"article","og_title":"Vacheron Constantin x The MET, una nueva alianza para transmitir conocimientos y experiencia","og_description":"Vacheron Constantin y el Museo Metropolitano de Arte de Nueva York, anunciaron una nueva alianza para trabajar en torno al v\u00ednculo con el mundo del arte y","og_url":"https:\/\/graziamagazine.com\/mx\/articles\/vacheron-constantin-x-the-met-una-nueva-alianza-para-transmitir-conocimientos-y-experiencia\/","og_site_name":"Grazia M\u00e9xico y Latinoam\u00e9rica","article_modified_time":"2023-10-02T17:13:03+00:00","og_image":[{"width":610,"height":402,"url":"https:\/\/graziamagazine.com\/mx\/wp-content\/uploads\/sites\/13\/2023\/09\/Captura-de-Pantalla-2023-09-29-a-las-16.42.21.png","type":"image\/png"}],"twitter_card":"summary_large_image","twitter_misc":{"Est. reading time":"4 minutos"},"schema":{"@context":"https:\/\/schema.org","@graph":[{"@type":"WebPage","@id":"https:\/\/graziamagazine.com\/mx\/articles\/vacheron-constantin-x-the-met-una-nueva-alianza-para-transmitir-conocimientos-y-experiencia\/","url":"https:\/\/graziamagazine.com\/mx\/articles\/vacheron-constantin-x-the-met-una-nueva-alianza-para-transmitir-conocimientos-y-experiencia\/","name":"Vacheron Constantin x The MET, una nueva alianza para transmitir conocimientos y experiencia | Grazia M\u00e9xico y Latinoam\u00e9rica","isPartOf":{"@id":"https:\/\/graziamagazine.com\/mx\/#website"},"datePublished":"2023-09-29T23:32:06+00:00","dateModified":"2023-10-02T17:13:03+00:00","description":"Vacheron Constantin y el Museo Metropolitano de Arte de Nueva York, anunciaron una nueva alianza para trabajar en torno al v\u00ednculo con el mundo del arte y","breadcrumb":{"@id":"https:\/\/graziamagazine.com\/mx\/articles\/vacheron-constantin-x-the-met-una-nueva-alianza-para-transmitir-conocimientos-y-experiencia\/#breadcrumb"},"inLanguage":"es-MX","potentialAction":[{"@type":"ReadAction","target":["https:\/\/graziamagazine.com\/mx\/articles\/vacheron-constantin-x-the-met-una-nueva-alianza-para-transmitir-conocimientos-y-experiencia\/"]}]},{"@type":"BreadcrumbList","@id":"https:\/\/graziamagazine.com\/mx\/articles\/vacheron-constantin-x-the-met-una-nueva-alianza-para-transmitir-conocimientos-y-experiencia\/#breadcrumb","itemListElement":[{"@type":"ListItem","position":1,"name":"Home","item":"https:\/\/graziamagazine.com\/mx\/"},{"@type":"ListItem","position":2,"name":"Vacheron Constantin x The MET, una nueva alianza para transmitir conocimientos y experiencia"}]},{"@type":"WebSite","@id":"https:\/\/graziamagazine.com\/mx\/#website","url":"https:\/\/graziamagazine.com\/mx\/","name":"Grazia M\u00e9xico y Latinoam\u00e9rica","description":"Grazia es moda, belleza y noticias  de actualidad ","potentialAction":[{"@type":"SearchAction","target":{"@type":"EntryPoint","urlTemplate":"https:\/\/graziamagazine.com\/mx\/?s={search_term_string}"},"query-input":"required name=search_term_string"}],"inLanguage":"es-MX"}]}},"jetpack_sharing_enabled":true,"distributor_meta":false,"distributor_terms":false,"distributor_media":false,"distributor_original_site_name":"Grazia M\u00e9xico y Latinoam\u00e9rica","distributor_original_site_url":"https:\/\/graziamagazine.com\/mx","push-errors":false,"_links":{"self":[{"href":"https:\/\/graziamagazine.com\/mx\/wp-json\/wp\/v2\/articles\/129850"}],"collection":[{"href":"https:\/\/graziamagazine.com\/mx\/wp-json\/wp\/v2\/articles"}],"about":[{"href":"https:\/\/graziamagazine.com\/mx\/wp-json\/wp\/v2\/types\/articles"}],"author":[{"embeddable":true,"href":"https:\/\/graziamagazine.com\/mx\/wp-json\/wp\/v2\/users\/11628"}],"wp:featuredmedia":[{"embeddable":true,"href":"https:\/\/graziamagazine.com\/mx\/wp-json\/wp\/v2\/media\/129851"}],"wp:attachment":[{"href":"https:\/\/graziamagazine.com\/mx\/wp-json\/wp\/v2\/media?parent=129850"}],"wp:term":[{"taxonomy":"category","embeddable":true,"href":"https:\/\/graziamagazine.com\/mx\/wp-json\/wp\/v2\/categories?post=129850"}],"curies":[{"name":"wp","href":"https:\/\/api.w.org\/{rel}","templated":true}]}}