{"id":129837,"date":"2023-09-28T23:04:52","date_gmt":"2023-09-29T04:04:52","guid":{"rendered":"https:\/\/graziamagazine.com\/mx\/?post_type=articles&#038;p=129837"},"modified":"2023-10-02T11:50:58","modified_gmt":"2023-10-02T16:50:58","slug":"secreto-para-saber-te-va-bien-cabello-corto","status":"publish","type":"articles","link":"https:\/\/graziamagazine.com\/mx\/articles\/secreto-para-saber-te-va-bien-cabello-corto\/","title":{"rendered":"Este es el secreto para saber si te va bien el cabello corto"},"content":{"rendered":"<p><span style=\"font-weight: 400;\">Si est\u00e1s pensando en cambiar de <\/span><i><span style=\"font-weight: 400;\">look<\/span><\/i><span style=\"font-weight: 400;\"> y quieres aventurarte a tener el <\/span><b>cabello corto<\/b><span style=\"font-weight: 400;\">, pero no sabes si lucir\u00e1s bien o no, este secreto llamado la <\/span><b>regla de los cinco cent\u00edmetros<\/b><span style=\"font-weight: 400;\"> te ayudar\u00e1 a saber si el cabello corto te queda bien.<\/span><\/p>\n<p><span style=\"font-weight: 400;\">Celebridades como<\/span><b> Hailey Bieber<\/b><span style=\"font-weight: 400;\">, <\/span><b>Chiara Ferragni<\/b><span style=\"font-weight: 400;\">, <\/span><b>Aitana<\/b><span style=\"font-weight: 400;\">, <\/span><b>Zendaya<\/b><span style=\"font-weight: 400;\">, entre otras m\u00e1s, son las que se han unido a esta tendencia <\/span><b><i>bob<\/i><\/b><span style=\"font-weight: 400;\">, y aunque ellas lucen espectaculares, la realidad es que no a todas les va bien este corte, pues es importante considerar algunos aspectos.<\/span><\/p>\n<figure id=\"attachment_129840\" aria-describedby=\"caption-attachment-129840\" style=\"width: 368px\" class=\"wp-caption alignnone\"><img loading=\"lazy\" decoding=\"async\" class=\"size-medium wp-image-129840\" src=\"https:\/\/graziamagazine.com\/mx\/wp-content\/uploads\/sites\/13\/2023\/09\/WhatsApp-Image-2023-09-28-at-10.05.48-PM.jpeg?w=368\" alt=\"\" width=\"368\" height=\"450\" \/><figcaption id=\"caption-attachment-129840\" class=\"wp-caption-text\">Instagram<\/figcaption><\/figure>\n<p><span style=\"font-weight: 400;\">El truco de los cinco cent\u00edmetros que comparte la influencer <\/span><b>Amy Chang<\/b><span style=\"font-weight: 400;\">, experta en cuidado de la piel y cabello, y que se ha vuelto viral en <\/span><b>TikTok<\/b><span style=\"font-weight: 400;\">, revela en qu\u00e9 consiste este gran secreto.<\/span><\/p>\n<figure id=\"attachment_129839\" aria-describedby=\"caption-attachment-129839\" style=\"width: 379px\" class=\"wp-caption alignnone\"><img loading=\"lazy\" decoding=\"async\" class=\"size-medium wp-image-129839\" src=\"https:\/\/graziamagazine.com\/mx\/wp-content\/uploads\/sites\/13\/2023\/09\/WhatsApp-Image-2023-09-28-at-10.05.47-PM.jpeg?w=379\" alt=\"\" width=\"379\" height=\"450\" \/><figcaption id=\"caption-attachment-129839\" class=\"wp-caption-text\">Instagram<\/figcaption><\/figure>\n<p><span style=\"font-weight: 400;\">Lo que debes hacer es medir la distancia desde el l\u00f3bulo de tu oreja hasta la barba, y simplemente colocas un l\u00e1piz en posici\u00f3n horizontal debajo de tu barba, y pondr\u00e1s una regla en posici\u00f3n vertical debajo de tu oreja.<\/span><\/p>\n<p><span style=\"font-weight: 400;\">Si logran cruzarse con una medida menor a 5.5 cent\u00edmetros, habr\u00e1s superado la prueba y podr\u00e1s tener la certeza de cortar tu cabello tanto como desees, pero si la intersecci\u00f3n entre el l\u00e1piz y la regla supera esta medida, lo mejor ser\u00e1 no cortar tanto tu cabello.<\/span><\/p>\n<blockquote class=\"tiktok-embed\" cite=\"https:\/\/www.tiktok.com\/@bondenavant\/video\/6997091745322355973\" data-video-id=\"6997091745322355973\" data-embed-from=\"oembed\" style=\"max-width: 605px;min-width: 325px;\" >\n<section> <a href=\"https:\/\/www.tiktok.com\/@bondenavant?refer=embed\"target=\"_blank\" title=\"@bondenavant\"  target=\"_blank\">@bondenavant<\/a> <\/p>\n<p>Reply to @trumpsbussy2 this is why + how to tell if short hair will look good on you <a href=\"https:\/\/www.tiktok.com\/tag\/amyshairtip?refer=embed\"title=\"amyshairtip\" target=\"_blank\"  target=\"_blank\">#amyshairtip<\/a> <a href=\"https:\/\/www.tiktok.com\/tag\/hairhack?refer=embed\"title=\"hairhack\" target=\"_blank\"  target=\"_blank\">#hairhack<\/a>  <a href=\"https:\/\/www.tiktok.com\/tag\/hairhacksandtips?refer=embed\"title=\"hairhacksandtips\" target=\"_blank\"  target=\"_blank\">#hairhacksandtips<\/a> <a href=\"https:\/\/www.tiktok.com\/tag\/beautytips?refer=embed\"title=\"beautytips\" target=\"_blank\"  target=\"_blank\">#beautytips<\/a> <a href=\"https:\/\/www.tiktok.com\/tag\/beauty?refer=embed\"title=\"beauty\" target=\"_blank\"  target=\"_blank\">#beauty<\/a><\/p>\n<p> <a href=\"https:\/\/www.tiktok.com\/music\/STAY-6981869640796342274?refer=embed\"target=\"_blank\" title=\"\u266c STAY - The Kid LAROI &#038; Justin Bieber\"  target=\"_blank\">\u266c STAY &#8211; The Kid LAROI &#038; Justin Bieber<\/a> <\/section>\n<\/blockquote>\n<p> <script async src=\"https:\/\/www.tiktok.com\/embed.js\"><\/script><\/p>\n<p><span style=\"font-weight: 400;\">Al parecer este corte est\u00e1 regresando como tendencia para este 2023, pues es c\u00f3modo, f\u00e1cil de llevar y ayuda a estilizar las l\u00edneas de tu rostro. Lo puedes ver en distintos largos: hasta la barba, a la altura de las orejas, incluso hasta los hombros, siempre y cuando sigas esta simple regla de los 5 cent\u00edmetros.<\/span><\/p>\n<figure id=\"attachment_129838\" aria-describedby=\"caption-attachment-129838\" style=\"width: 376px\" class=\"wp-caption alignnone\"><img loading=\"lazy\" decoding=\"async\" class=\"size-medium wp-image-129838\" src=\"https:\/\/graziamagazine.com\/mx\/wp-content\/uploads\/sites\/13\/2023\/09\/WhatsApp-Image-2023-09-28-at-10.05.46-PM.jpeg?w=376\" alt=\"\" width=\"376\" height=\"450\" \/><figcaption id=\"caption-attachment-129838\" class=\"wp-caption-text\">Instagram<\/figcaption><\/figure>\n<p><span style=\"font-weight: 400;\">Sin duda es un cl\u00e1sico que en este oto\u00f1o se reinventa, y los estilos m\u00e1s destacados son el <\/span><i><span style=\"font-weight: 400;\">bob<\/span><\/i><span style=\"font-weight: 400;\"> recto, el cual se lleva a la altura del ment\u00f3n y sin capas, ideal para el cabello muy lacio, pues ayudar\u00e1 a reducir el <\/span><i><span style=\"font-weight: 400;\">frizz<\/span><\/i><span style=\"font-weight: 400;\">.\u00a0<\/span><\/p>\n<p><span style=\"font-weight: 400;\">Y si no quieres experimentar con el cabello tan corto, la opci\u00f3n del <\/span><i><span style=\"font-weight: 400;\">bob<\/span><\/i><span style=\"font-weight: 400;\"> largo, s\u00f3lo considera que es importante cortarlo en capas para que tu cabello tenga suficiente movimiento.<\/span><\/p>\n<p><span style=\"font-weight: 400;\">\u00bfQu\u00e9 esperas para probar esta regla de los cinco cent\u00edmetros y descubrir si eres candidata para un <\/span><i><span style=\"font-weight: 400;\">look bob<\/span><\/i><span style=\"font-weight: 400;\"> corto?<\/span><\/p>\n","protected":false},"author":36289,"featured_media":129838,"template":"","format":"standard","categories":[15260],"acf":[],"yoast_head":"<!-- This site is optimized with the Yoast SEO Premium plugin v18.5 (Yoast SEO v20.4) - https:\/\/yoast.com\/wordpress\/plugins\/seo\/ -->\n<title>Este es el secreto para saber si te va bien el cabello corto | Grazia M\u00e9xico y Latinoam\u00e9rica<\/title>\n<meta name=\"description\" content=\"Si est\u00e1s pensando en cambiar de look y quieres aventurarte a tener el cabello corto, pero no sabes si lucir\u00e1s bien o no, este secreto llamado la regla de\" \/>\n<meta name=\"robots\" content=\"index, follow, max-snippet:-1, max-image-preview:large, max-video-preview:-1\" \/>\n<link rel=\"canonical\" href=\"https:\/\/graziamagazine.com\/mx\/articles\/secreto-para-saber-te-va-bien-cabello-corto\/\" \/>\n<meta property=\"og:locale\" content=\"es_MX\" \/>\n<meta property=\"og:type\" content=\"article\" \/>\n<meta property=\"og:title\" content=\"Este es el secreto para saber si te va bien el cabello corto\" \/>\n<meta property=\"og:description\" content=\"Si est\u00e1s pensando en cambiar de look y quieres aventurarte a tener el cabello corto, pero no sabes si lucir\u00e1s bien o no, este secreto llamado la regla de\" \/>\n<meta property=\"og:url\" content=\"https:\/\/graziamagazine.com\/mx\/articles\/secreto-para-saber-te-va-bien-cabello-corto\/\" \/>\n<meta property=\"og:site_name\" content=\"Grazia M\u00e9xico y Latinoam\u00e9rica\" \/>\n<meta property=\"article:modified_time\" content=\"2023-10-02T16:50:58+00:00\" \/>\n<meta property=\"og:image\" content=\"https:\/\/graziamagazine.com\/mx\/wp-content\/uploads\/sites\/13\/2023\/09\/WhatsApp-Image-2023-09-28-at-10.05.46-PM-e1695960591115.jpeg\" \/>\n\t<meta property=\"og:image:width\" content=\"1123\" \/>\n\t<meta property=\"og:image:height\" content=\"720\" \/>\n\t<meta property=\"og:image:type\" content=\"image\/jpeg\" \/>\n<meta name=\"twitter:card\" content=\"summary_large_image\" \/>\n<meta name=\"twitter:label1\" content=\"Est. reading time\" \/>\n\t<meta name=\"twitter:data1\" content=\"3 minutos\" \/>\n<script type=\"application\/ld+json\" class=\"yoast-schema-graph\">{\"@context\":\"https:\/\/schema.org\",\"@graph\":[{\"@type\":\"WebPage\",\"@id\":\"https:\/\/graziamagazine.com\/mx\/articles\/secreto-para-saber-te-va-bien-cabello-corto\/\",\"url\":\"https:\/\/graziamagazine.com\/mx\/articles\/secreto-para-saber-te-va-bien-cabello-corto\/\",\"name\":\"Este es el secreto para saber si te va bien el cabello corto | Grazia M\u00e9xico y Latinoam\u00e9rica\",\"isPartOf\":{\"@id\":\"https:\/\/graziamagazine.com\/mx\/#website\"},\"datePublished\":\"2023-09-29T04:04:52+00:00\",\"dateModified\":\"2023-10-02T16:50:58+00:00\",\"description\":\"Si est\u00e1s pensando en cambiar de look y quieres aventurarte a tener el cabello corto, pero no sabes si lucir\u00e1s bien o no, este secreto llamado la regla de\",\"breadcrumb\":{\"@id\":\"https:\/\/graziamagazine.com\/mx\/articles\/secreto-para-saber-te-va-bien-cabello-corto\/#breadcrumb\"},\"inLanguage\":\"es-MX\",\"potentialAction\":[{\"@type\":\"ReadAction\",\"target\":[\"https:\/\/graziamagazine.com\/mx\/articles\/secreto-para-saber-te-va-bien-cabello-corto\/\"]}]},{\"@type\":\"BreadcrumbList\",\"@id\":\"https:\/\/graziamagazine.com\/mx\/articles\/secreto-para-saber-te-va-bien-cabello-corto\/#breadcrumb\",\"itemListElement\":[{\"@type\":\"ListItem\",\"position\":1,\"name\":\"Home\",\"item\":\"https:\/\/graziamagazine.com\/mx\/\"},{\"@type\":\"ListItem\",\"position\":2,\"name\":\"Este es el secreto para saber si te va bien el cabello corto\"}]},{\"@type\":\"WebSite\",\"@id\":\"https:\/\/graziamagazine.com\/mx\/#website\",\"url\":\"https:\/\/graziamagazine.com\/mx\/\",\"name\":\"Grazia M\u00e9xico y Latinoam\u00e9rica\",\"description\":\"Grazia es moda, belleza y noticias  de actualidad \",\"potentialAction\":[{\"@type\":\"SearchAction\",\"target\":{\"@type\":\"EntryPoint\",\"urlTemplate\":\"https:\/\/graziamagazine.com\/mx\/?s={search_term_string}\"},\"query-input\":\"required name=search_term_string\"}],\"inLanguage\":\"es-MX\"}]}<\/script>\n<!-- \/ Yoast SEO Premium plugin. -->","yoast_head_json":{"title":"Este es el secreto para saber si te va bien el cabello corto | Grazia M\u00e9xico y Latinoam\u00e9rica","description":"Si est\u00e1s pensando en cambiar de look y quieres aventurarte a tener el cabello corto, pero no sabes si lucir\u00e1s bien o no, este secreto llamado la regla de","robots":{"index":"index","follow":"follow","max-snippet":"max-snippet:-1","max-image-preview":"max-image-preview:large","max-video-preview":"max-video-preview:-1"},"canonical":"https:\/\/graziamagazine.com\/mx\/articles\/secreto-para-saber-te-va-bien-cabello-corto\/","og_locale":"es_MX","og_type":"article","og_title":"Este es el secreto para saber si te va bien el cabello corto","og_description":"Si est\u00e1s pensando en cambiar de look y quieres aventurarte a tener el cabello corto, pero no sabes si lucir\u00e1s bien o no, este secreto llamado la regla de","og_url":"https:\/\/graziamagazine.com\/mx\/articles\/secreto-para-saber-te-va-bien-cabello-corto\/","og_site_name":"Grazia M\u00e9xico y Latinoam\u00e9rica","article_modified_time":"2023-10-02T16:50:58+00:00","og_image":[{"width":1123,"height":720,"url":"https:\/\/graziamagazine.com\/mx\/wp-content\/uploads\/sites\/13\/2023\/09\/WhatsApp-Image-2023-09-28-at-10.05.46-PM-e1695960591115.jpeg","type":"image\/jpeg"}],"twitter_card":"summary_large_image","twitter_misc":{"Est. reading time":"3 minutos"},"schema":{"@context":"https:\/\/schema.org","@graph":[{"@type":"WebPage","@id":"https:\/\/graziamagazine.com\/mx\/articles\/secreto-para-saber-te-va-bien-cabello-corto\/","url":"https:\/\/graziamagazine.com\/mx\/articles\/secreto-para-saber-te-va-bien-cabello-corto\/","name":"Este es el secreto para saber si te va bien el cabello corto | Grazia M\u00e9xico y Latinoam\u00e9rica","isPartOf":{"@id":"https:\/\/graziamagazine.com\/mx\/#website"},"datePublished":"2023-09-29T04:04:52+00:00","dateModified":"2023-10-02T16:50:58+00:00","description":"Si est\u00e1s pensando en cambiar de look y quieres aventurarte a tener el cabello corto, pero no sabes si lucir\u00e1s bien o no, este secreto llamado la regla de","breadcrumb":{"@id":"https:\/\/graziamagazine.com\/mx\/articles\/secreto-para-saber-te-va-bien-cabello-corto\/#breadcrumb"},"inLanguage":"es-MX","potentialAction":[{"@type":"ReadAction","target":["https:\/\/graziamagazine.com\/mx\/articles\/secreto-para-saber-te-va-bien-cabello-corto\/"]}]},{"@type":"BreadcrumbList","@id":"https:\/\/graziamagazine.com\/mx\/articles\/secreto-para-saber-te-va-bien-cabello-corto\/#breadcrumb","itemListElement":[{"@type":"ListItem","position":1,"name":"Home","item":"https:\/\/graziamagazine.com\/mx\/"},{"@type":"ListItem","position":2,"name":"Este es el secreto para saber si te va bien el cabello corto"}]},{"@type":"WebSite","@id":"https:\/\/graziamagazine.com\/mx\/#website","url":"https:\/\/graziamagazine.com\/mx\/","name":"Grazia M\u00e9xico y Latinoam\u00e9rica","description":"Grazia es moda, belleza y noticias  de actualidad ","potentialAction":[{"@type":"SearchAction","target":{"@type":"EntryPoint","urlTemplate":"https:\/\/graziamagazine.com\/mx\/?s={search_term_string}"},"query-input":"required name=search_term_string"}],"inLanguage":"es-MX"}]}},"jetpack_sharing_enabled":true,"distributor_meta":false,"distributor_terms":false,"distributor_media":false,"distributor_original_site_name":"Grazia M\u00e9xico y Latinoam\u00e9rica","distributor_original_site_url":"https:\/\/graziamagazine.com\/mx","push-errors":false,"_links":{"self":[{"href":"https:\/\/graziamagazine.com\/mx\/wp-json\/wp\/v2\/articles\/129837"}],"collection":[{"href":"https:\/\/graziamagazine.com\/mx\/wp-json\/wp\/v2\/articles"}],"about":[{"href":"https:\/\/graziamagazine.com\/mx\/wp-json\/wp\/v2\/types\/articles"}],"author":[{"embeddable":true,"href":"https:\/\/graziamagazine.com\/mx\/wp-json\/wp\/v2\/users\/36289"}],"wp:featuredmedia":[{"embeddable":true,"href":"https:\/\/graziamagazine.com\/mx\/wp-json\/wp\/v2\/media\/129838"}],"wp:attachment":[{"href":"https:\/\/graziamagazine.com\/mx\/wp-json\/wp\/v2\/media?parent=129837"}],"wp:term":[{"taxonomy":"category","embeddable":true,"href":"https:\/\/graziamagazine.com\/mx\/wp-json\/wp\/v2\/categories?post=129837"}],"curies":[{"name":"wp","href":"https:\/\/api.w.org\/{rel}","templated":true}]}}