{"id":129533,"date":"2023-09-24T23:45:01","date_gmt":"2023-09-25T04:45:01","guid":{"rendered":"https:\/\/graziamagazine.com\/mx\/?post_type=articles&#038;p=129533"},"modified":"2023-09-25T08:08:40","modified_gmt":"2023-09-25T13:08:40","slug":"max-mara-primavera-2024-un-ejercito-femenino","status":"publish","type":"articles","link":"https:\/\/graziamagazine.com\/mx\/articles\/max-mara-primavera-2024-un-ejercito-femenino\/","title":{"rendered":"Max Mara Primavera 2024: un ejercito femenino"},"content":{"rendered":"<p>La colecci\u00f3n<strong> Primavera Verano 2024 de Max Mara<\/strong> rindi\u00f3 homenaje a las <strong>mujeres trabajadoras<\/strong> y su <strong>conexi\u00f3n con la naturaleza. <\/strong><\/p>\n<p>El director creativo,<strong> Ian Griffiths<\/strong>, encontr\u00f3 inspiraci\u00f3n en el <strong>Ej\u00e9rcito Femenino de Tierra de la Segunda Guerra Mundial<\/strong> y en el trabajo de la fotoperiodista de guerra <strong>Lee Miller.<\/strong><\/p>\n<div class=\"content-gallery\"><div class=\"gallery-placeholder\"><div class=\"spinner\"><\/div><\/div><span class=\"gallery-pagination\"><\/span><div id=\"gallery-1\" class=\"gallery galleryid-129533 gallery-columns- gallery-size-\"><figure class=\"gallery-item\"><div class=\"gallery-icon landscape\"><img loading=\"lazy\" decoding=\"async\" width=\"774\" height=\"1152\" src=\"https:\/\/graziamagazine.com\/mx\/wp-content\/uploads\/sites\/13\/2023\/09\/Captura-de-Pantalla-2023-09-24-a-las-22.39.25.png\" class=\"lazy\" alt=\"\" \/><\/div><figcaption class=\"wp-caption-text gallery-caption\" id=\"gallery-1-129534\">Max Mara Primavera 2024: un ejercito femenino <\/figcaption><\/figure><figure class=\"gallery-item\"><div class=\"gallery-icon landscape\"><img loading=\"lazy\" decoding=\"async\" width=\"774\" height=\"1152\" src=\"https:\/\/graziamagazine.com\/mx\/wp-content\/uploads\/sites\/13\/2023\/09\/Captura-de-Pantalla-2023-09-24-a-las-22.39.28.png\" class=\"lazy\" alt=\"\" \/><\/div><\/figure><figure class=\"gallery-item\"><div class=\"gallery-icon landscape\"><img loading=\"lazy\" decoding=\"async\" width=\"774\" height=\"1152\" src=\"https:\/\/graziamagazine.com\/mx\/wp-content\/uploads\/sites\/13\/2023\/09\/Captura-de-Pantalla-2023-09-24-a-las-22.39.30.png\" class=\"lazy\" alt=\"\" \/><\/div><\/figure><figure class=\"gallery-item\"><div class=\"gallery-icon landscape\"><img loading=\"lazy\" decoding=\"async\" width=\"774\" height=\"1152\" src=\"https:\/\/graziamagazine.com\/mx\/wp-content\/uploads\/sites\/13\/2023\/09\/Captura-de-Pantalla-2023-09-24-a-las-22.39.35.png\" class=\"lazy\" alt=\"\" \/><\/div><\/figure><\/div><\/div>\n<blockquote><p>&#8220;La colecci\u00f3n Max Mara Primavera Verano 2024 es un nuevo glamour utilitario inspirado en la ropa de trabajo de las Land Girls de los a\u00f1os 1940 y en la pasi\u00f3n por los jardines urbanos que est\u00e1n haciendo m\u00e1s verdes nuestras ciudades modernas&#8221;, declar\u00f3 la firma.<\/p><\/blockquote>\n<p>Esta colecci\u00f3n se destac\u00f3 por su enfoque en prendas funcionales, c\u00f3modas y elegantes, utilizando<strong> materiales sostenibles<\/strong> como<strong> algod\u00f3n org\u00e1nico y lino.<\/strong><\/p>\n<div class=\"content-gallery\"><div class=\"gallery-placeholder\"><div class=\"spinner\"><\/div><\/div><span class=\"gallery-pagination\"><\/span><div id=\"gallery-2\" class=\"gallery galleryid-129533 gallery-columns- gallery-size-\"><figure class=\"gallery-item\"><div class=\"gallery-icon landscape\"><img loading=\"lazy\" decoding=\"async\" width=\"774\" height=\"1152\" src=\"https:\/\/graziamagazine.com\/mx\/wp-content\/uploads\/sites\/13\/2023\/09\/Captura-de-Pantalla-2023-09-24-a-las-22.39.36.png\" class=\"lazy\" alt=\"\" \/><\/div><\/figure><figure class=\"gallery-item\"><div class=\"gallery-icon landscape\"><img loading=\"lazy\" decoding=\"async\" width=\"774\" height=\"1152\" src=\"https:\/\/graziamagazine.com\/mx\/wp-content\/uploads\/sites\/13\/2023\/09\/Captura-de-Pantalla-2023-09-24-a-las-22.39.38.png\" class=\"lazy\" alt=\"\" \/><\/div><\/figure><figure class=\"gallery-item\"><div class=\"gallery-icon landscape\"><img loading=\"lazy\" decoding=\"async\" width=\"774\" height=\"1152\" src=\"https:\/\/graziamagazine.com\/mx\/wp-content\/uploads\/sites\/13\/2023\/09\/Captura-de-Pantalla-2023-09-24-a-las-22.39.49.png\" class=\"lazy\" alt=\"\" \/><\/div><\/figure><figure class=\"gallery-item\"><div class=\"gallery-icon landscape\"><img loading=\"lazy\" decoding=\"async\" width=\"774\" height=\"1152\" src=\"https:\/\/graziamagazine.com\/mx\/wp-content\/uploads\/sites\/13\/2023\/09\/Captura-de-Pantalla-2023-09-24-a-las-22.39.50.png\" class=\"lazy\" alt=\"\" \/><\/div><\/figure><\/div><\/div>\n<p>Los colores predominantes fueron neutros, con toques de colores vibrantes para resaltar. Los estampados florales y bot\u00e1nicos desempe\u00f1aron un papel importante en el dise\u00f1o de las prendas.<\/p>\n<p>Las<strong> gabardinas y chaquetas<\/strong> amplias fueron piezas clave de la colecci\u00f3n, disponibles en una variedad de colores y estampados. Adem\u00e1s, los vestidos de chif\u00f3n con tres capas ofrecieron una opci\u00f3n sofisticada en colores como blanco, negro y verde.<\/p>\n<div class=\"content-gallery\"><div class=\"gallery-placeholder\"><div class=\"spinner\"><\/div><\/div><span class=\"gallery-pagination\"><\/span><div id=\"gallery-3\" class=\"gallery galleryid-129533 gallery-columns- gallery-size-\"><figure class=\"gallery-item\"><div class=\"gallery-icon landscape\"><img loading=\"lazy\" decoding=\"async\" width=\"774\" height=\"1152\" src=\"https:\/\/graziamagazine.com\/mx\/wp-content\/uploads\/sites\/13\/2023\/09\/Captura-de-Pantalla-2023-09-24-a-las-22.40.00.png\" class=\"lazy\" alt=\"\" \/><\/div><\/figure><figure class=\"gallery-item\"><div class=\"gallery-icon landscape\"><img loading=\"lazy\" decoding=\"async\" width=\"774\" height=\"1152\" src=\"https:\/\/graziamagazine.com\/mx\/wp-content\/uploads\/sites\/13\/2023\/09\/Captura-de-Pantalla-2023-09-24-a-las-22.40.25.png\" class=\"lazy\" alt=\"\" \/><\/div><\/figure><figure class=\"gallery-item\"><div class=\"gallery-icon landscape\"><img loading=\"lazy\" decoding=\"async\" width=\"774\" height=\"1152\" src=\"https:\/\/graziamagazine.com\/mx\/wp-content\/uploads\/sites\/13\/2023\/09\/Captura-de-Pantalla-2023-09-24-a-las-22.39.52.png\" class=\"lazy\" alt=\"\" \/><\/div><\/figure><figure class=\"gallery-item\"><div class=\"gallery-icon landscape\"><img loading=\"lazy\" decoding=\"async\" width=\"774\" height=\"1152\" src=\"https:\/\/graziamagazine.com\/mx\/wp-content\/uploads\/sites\/13\/2023\/09\/Captura-de-Pantalla-2023-09-24-a-las-22.40.21.png\" class=\"lazy\" alt=\"\" \/><\/div><\/figure><figure class=\"gallery-item\"><div class=\"gallery-icon landscape\"><img loading=\"lazy\" decoding=\"async\" width=\"774\" height=\"1152\" src=\"https:\/\/graziamagazine.com\/mx\/wp-content\/uploads\/sites\/13\/2023\/09\/Captura-de-Pantalla-2023-09-24-a-las-22.40.30.png\" class=\"lazy\" alt=\"\" \/><\/div><\/figure><figure class=\"gallery-item\"><div class=\"gallery-icon landscape\"><img loading=\"lazy\" decoding=\"async\" width=\"774\" height=\"1152\" src=\"https:\/\/graziamagazine.com\/mx\/wp-content\/uploads\/sites\/13\/2023\/09\/Captura-de-Pantalla-2023-09-24-a-las-22.39.55.png\" class=\"lazy\" alt=\"\" \/><\/div><\/figure><\/div><\/div>\n<p>La colecci\u00f3n invita al glamour utilitario, con elementos como bolsillos, pantalones y resistentes correas para los hombros, que sugieren una combinaci\u00f3n de funcionalidad y estilo.<\/p>\n<p>Fue una colecci\u00f3n que rindi\u00f3 homenaje a la fuerza y la elegancia de las mujeres, fusionando la funcionalidad con la moda sostenible y los elementos de la naturaleza en su dise\u00f1o.<\/p>\n<div class=\"content-gallery\"><div class=\"gallery-placeholder\"><div class=\"spinner\"><\/div><\/div><span class=\"gallery-pagination\"><\/span><div id=\"gallery-4\" class=\"gallery galleryid-129533 gallery-columns- gallery-size-\"><figure class=\"gallery-item\"><div class=\"gallery-icon landscape\"><img loading=\"lazy\" decoding=\"async\" width=\"774\" height=\"1152\" src=\"https:\/\/graziamagazine.com\/mx\/wp-content\/uploads\/sites\/13\/2023\/09\/Captura-de-Pantalla-2023-09-24-a-las-22.40.33.png\" class=\"lazy\" alt=\"\" \/><\/div><\/figure><figure class=\"gallery-item\"><div class=\"gallery-icon landscape\"><img loading=\"lazy\" decoding=\"async\" width=\"774\" height=\"1152\" src=\"https:\/\/graziamagazine.com\/mx\/wp-content\/uploads\/sites\/13\/2023\/09\/Captura-de-Pantalla-2023-09-24-a-las-22.40.36.png\" class=\"lazy\" alt=\"\" \/><\/div><\/figure><figure class=\"gallery-item\"><div class=\"gallery-icon landscape\"><img loading=\"lazy\" decoding=\"async\" width=\"774\" height=\"1152\" src=\"https:\/\/graziamagazine.com\/mx\/wp-content\/uploads\/sites\/13\/2023\/09\/Captura-de-Pantalla-2023-09-24-a-las-22.40.16.png\" class=\"lazy\" alt=\"\" \/><\/div><\/figure><figure class=\"gallery-item\"><div class=\"gallery-icon landscape\"><img loading=\"lazy\" decoding=\"async\" width=\"774\" height=\"1152\" src=\"https:\/\/graziamagazine.com\/mx\/wp-content\/uploads\/sites\/13\/2023\/09\/Captura-de-Pantalla-2023-09-24-a-las-22.40.38.png\" class=\"lazy\" alt=\"\" \/><\/div><\/figure><figure class=\"gallery-item\"><div class=\"gallery-icon landscape\"><img loading=\"lazy\" decoding=\"async\" width=\"774\" height=\"1152\" src=\"https:\/\/graziamagazine.com\/mx\/wp-content\/uploads\/sites\/13\/2023\/09\/Captura-de-Pantalla-2023-09-24-a-las-22.40.41.png\" class=\"lazy\" alt=\"\" \/><\/div><\/figure><figure class=\"gallery-item\"><div class=\"gallery-icon landscape\"><img loading=\"lazy\" decoding=\"async\" width=\"774\" height=\"1152\" src=\"https:\/\/graziamagazine.com\/mx\/wp-content\/uploads\/sites\/13\/2023\/09\/Captura-de-Pantalla-2023-09-24-a-las-22.40.45.png\" class=\"lazy\" alt=\"\" \/><\/div><\/figure><\/div><\/div>\n<p><em><strong>*FOTOS: Cortes\u00eda Max Mara<\/strong><\/em><\/p>\n","protected":false},"author":28953,"featured_media":129557,"template":"","format":"standard","categories":[4],"acf":[],"yoast_head":"<!-- This site is optimized with the Yoast SEO Premium plugin v18.5 (Yoast SEO v20.4) - https:\/\/yoast.com\/wordpress\/plugins\/seo\/ -->\n<title>Max Mara Primavera 2024: un ejercito femenino<\/title>\n<meta name=\"description\" content=\"Ian Griffiths presenta la nueva colecci\u00f3n de la firma italiana inspirada en la ropa de trabajo de las Land Girls de 1940 y de la pasi\u00f3n por los jardines urbanos\" \/>\n<meta name=\"robots\" content=\"index, follow, max-snippet:-1, max-image-preview:large, max-video-preview:-1\" \/>\n<link rel=\"canonical\" href=\"https:\/\/graziamagazine.com\/mx\/articles\/max-mara-primavera-2024-un-ejercito-femenino\/\" \/>\n<meta property=\"og:locale\" content=\"es_MX\" \/>\n<meta property=\"og:type\" content=\"article\" \/>\n<meta property=\"og:title\" content=\"Max Mara Primavera 2024: un ejercito femenino\" \/>\n<meta property=\"og:description\" content=\"Ian Griffiths presenta la nueva colecci\u00f3n de la firma italiana inspirada en la ropa de trabajo de las Land Girls de 1940 y de la pasi\u00f3n por los jardines urbanos\" \/>\n<meta property=\"og:url\" content=\"https:\/\/graziamagazine.com\/mx\/articles\/max-mara-primavera-2024-un-ejercito-femenino\/\" \/>\n<meta property=\"og:site_name\" content=\"Grazia M\u00e9xico y Latinoam\u00e9rica\" \/>\n<meta property=\"article:modified_time\" content=\"2023-09-25T13:08:40+00:00\" \/>\n<meta property=\"og:image\" content=\"https:\/\/graziamagazine.com\/mx\/wp-content\/uploads\/sites\/13\/2023\/09\/Captura-de-Pantalla-2023-09-24-a-las-22.44.02.png\" \/>\n\t<meta property=\"og:image:width\" content=\"1024\" \/>\n\t<meta property=\"og:image:height\" content=\"585\" \/>\n\t<meta property=\"og:image:type\" content=\"image\/png\" \/>\n<meta name=\"twitter:card\" content=\"summary_large_image\" \/>\n<meta name=\"twitter:label1\" content=\"Est. reading time\" \/>\n\t<meta name=\"twitter:data1\" content=\"2 minutos\" \/>\n<script type=\"application\/ld+json\" class=\"yoast-schema-graph\">{\"@context\":\"https:\/\/schema.org\",\"@graph\":[{\"@type\":\"WebPage\",\"@id\":\"https:\/\/graziamagazine.com\/mx\/articles\/max-mara-primavera-2024-un-ejercito-femenino\/\",\"url\":\"https:\/\/graziamagazine.com\/mx\/articles\/max-mara-primavera-2024-un-ejercito-femenino\/\",\"name\":\"Max Mara Primavera 2024: un ejercito femenino\",\"isPartOf\":{\"@id\":\"https:\/\/graziamagazine.com\/mx\/#website\"},\"datePublished\":\"2023-09-25T04:45:01+00:00\",\"dateModified\":\"2023-09-25T13:08:40+00:00\",\"description\":\"Ian Griffiths presenta la nueva colecci\u00f3n de la firma italiana inspirada en la ropa de trabajo de las Land Girls de 1940 y de la pasi\u00f3n por los jardines urbanos\",\"breadcrumb\":{\"@id\":\"https:\/\/graziamagazine.com\/mx\/articles\/max-mara-primavera-2024-un-ejercito-femenino\/#breadcrumb\"},\"inLanguage\":\"es-MX\",\"potentialAction\":[{\"@type\":\"ReadAction\",\"target\":[\"https:\/\/graziamagazine.com\/mx\/articles\/max-mara-primavera-2024-un-ejercito-femenino\/\"]}]},{\"@type\":\"BreadcrumbList\",\"@id\":\"https:\/\/graziamagazine.com\/mx\/articles\/max-mara-primavera-2024-un-ejercito-femenino\/#breadcrumb\",\"itemListElement\":[{\"@type\":\"ListItem\",\"position\":1,\"name\":\"Home\",\"item\":\"https:\/\/graziamagazine.com\/mx\/\"},{\"@type\":\"ListItem\",\"position\":2,\"name\":\"Max Mara Primavera 2024: un ejercito femenino\"}]},{\"@type\":\"WebSite\",\"@id\":\"https:\/\/graziamagazine.com\/mx\/#website\",\"url\":\"https:\/\/graziamagazine.com\/mx\/\",\"name\":\"Grazia M\u00e9xico y Latinoam\u00e9rica\",\"description\":\"Grazia es moda, belleza y noticias  de actualidad \",\"potentialAction\":[{\"@type\":\"SearchAction\",\"target\":{\"@type\":\"EntryPoint\",\"urlTemplate\":\"https:\/\/graziamagazine.com\/mx\/?s={search_term_string}\"},\"query-input\":\"required name=search_term_string\"}],\"inLanguage\":\"es-MX\"}]}<\/script>\n<!-- \/ Yoast SEO Premium plugin. -->","yoast_head_json":{"title":"Max Mara Primavera 2024: un ejercito femenino","description":"Ian Griffiths presenta la nueva colecci\u00f3n de la firma italiana inspirada en la ropa de trabajo de las Land Girls de 1940 y de la pasi\u00f3n por los jardines urbanos","robots":{"index":"index","follow":"follow","max-snippet":"max-snippet:-1","max-image-preview":"max-image-preview:large","max-video-preview":"max-video-preview:-1"},"canonical":"https:\/\/graziamagazine.com\/mx\/articles\/max-mara-primavera-2024-un-ejercito-femenino\/","og_locale":"es_MX","og_type":"article","og_title":"Max Mara Primavera 2024: un ejercito femenino","og_description":"Ian Griffiths presenta la nueva colecci\u00f3n de la firma italiana inspirada en la ropa de trabajo de las Land Girls de 1940 y de la pasi\u00f3n por los jardines urbanos","og_url":"https:\/\/graziamagazine.com\/mx\/articles\/max-mara-primavera-2024-un-ejercito-femenino\/","og_site_name":"Grazia M\u00e9xico y Latinoam\u00e9rica","article_modified_time":"2023-09-25T13:08:40+00:00","og_image":[{"url":"https:\/\/graziamagazine.com\/mx\/wp-content\/uploads\/sites\/13\/2023\/09\/Captura-de-Pantalla-2023-09-24-a-las-22.44.02.png","width":1024,"height":585,"type":"image\/png"}],"twitter_card":"summary_large_image","twitter_misc":{"Est. reading time":"2 minutos"},"schema":{"@context":"https:\/\/schema.org","@graph":[{"@type":"WebPage","@id":"https:\/\/graziamagazine.com\/mx\/articles\/max-mara-primavera-2024-un-ejercito-femenino\/","url":"https:\/\/graziamagazine.com\/mx\/articles\/max-mara-primavera-2024-un-ejercito-femenino\/","name":"Max Mara Primavera 2024: un ejercito femenino","isPartOf":{"@id":"https:\/\/graziamagazine.com\/mx\/#website"},"datePublished":"2023-09-25T04:45:01+00:00","dateModified":"2023-09-25T13:08:40+00:00","description":"Ian Griffiths presenta la nueva colecci\u00f3n de la firma italiana inspirada en la ropa de trabajo de las Land Girls de 1940 y de la pasi\u00f3n por los jardines urbanos","breadcrumb":{"@id":"https:\/\/graziamagazine.com\/mx\/articles\/max-mara-primavera-2024-un-ejercito-femenino\/#breadcrumb"},"inLanguage":"es-MX","potentialAction":[{"@type":"ReadAction","target":["https:\/\/graziamagazine.com\/mx\/articles\/max-mara-primavera-2024-un-ejercito-femenino\/"]}]},{"@type":"BreadcrumbList","@id":"https:\/\/graziamagazine.com\/mx\/articles\/max-mara-primavera-2024-un-ejercito-femenino\/#breadcrumb","itemListElement":[{"@type":"ListItem","position":1,"name":"Home","item":"https:\/\/graziamagazine.com\/mx\/"},{"@type":"ListItem","position":2,"name":"Max Mara Primavera 2024: un ejercito femenino"}]},{"@type":"WebSite","@id":"https:\/\/graziamagazine.com\/mx\/#website","url":"https:\/\/graziamagazine.com\/mx\/","name":"Grazia M\u00e9xico y Latinoam\u00e9rica","description":"Grazia es moda, belleza y noticias  de actualidad ","potentialAction":[{"@type":"SearchAction","target":{"@type":"EntryPoint","urlTemplate":"https:\/\/graziamagazine.com\/mx\/?s={search_term_string}"},"query-input":"required name=search_term_string"}],"inLanguage":"es-MX"}]}},"jetpack_sharing_enabled":true,"distributor_meta":false,"distributor_terms":false,"distributor_media":false,"distributor_original_site_name":"Grazia M\u00e9xico y Latinoam\u00e9rica","distributor_original_site_url":"https:\/\/graziamagazine.com\/mx","push-errors":false,"_links":{"self":[{"href":"https:\/\/graziamagazine.com\/mx\/wp-json\/wp\/v2\/articles\/129533"}],"collection":[{"href":"https:\/\/graziamagazine.com\/mx\/wp-json\/wp\/v2\/articles"}],"about":[{"href":"https:\/\/graziamagazine.com\/mx\/wp-json\/wp\/v2\/types\/articles"}],"author":[{"embeddable":true,"href":"https:\/\/graziamagazine.com\/mx\/wp-json\/wp\/v2\/users\/28953"}],"wp:featuredmedia":[{"embeddable":true,"href":"https:\/\/graziamagazine.com\/mx\/wp-json\/wp\/v2\/media\/129557"}],"wp:attachment":[{"href":"https:\/\/graziamagazine.com\/mx\/wp-json\/wp\/v2\/media?parent=129533"}],"wp:term":[{"taxonomy":"category","embeddable":true,"href":"https:\/\/graziamagazine.com\/mx\/wp-json\/wp\/v2\/categories?post=129533"}],"curies":[{"name":"wp","href":"https:\/\/api.w.org\/{rel}","templated":true}]}}