{"id":129499,"date":"2023-09-22T20:21:20","date_gmt":"2023-09-23T01:21:20","guid":{"rendered":"https:\/\/graziamagazine.com\/mx\/?post_type=articles&#038;p=129499"},"modified":"2023-09-25T21:18:52","modified_gmt":"2023-09-26T02:18:52","slug":"el-rey-charles-y-la-reina-camilla-asistieron-a-le19m-en-francis-un-centro-de-moda-de-chanel","status":"publish","type":"articles","link":"https:\/\/graziamagazine.com\/mx\/articles\/el-rey-charles-y-la-reina-camilla-asistieron-a-le19m-en-francis-un-centro-de-moda-de-chanel\/","title":{"rendered":"El rey Charles y la reina Camilla asistieron a Le19M en Francis, un centro de moda de Chanel"},"content":{"rendered":"<p><span style=\"font-weight: 400;\">El <strong>rey Charles y la reina Camilla<\/strong> se encuentran en su primera visita de estado de tres d\u00edas a Francia para pulir las relaciones hist\u00f3ricas entre Inglaterra y Francia. Acompa\u00f1ados de la primera dama francesa, <strong>Brigitte Macron<\/strong>, los <\/span><i><span style=\"font-weight: 400;\">royals <\/span><\/i><span style=\"font-weight: 400;\">visitaron <strong>Le19M<\/strong> el jueves 21 de septiembre y se reunieron con artesanos, artistas y estudiantes del nuevo programa educativo de Chanel, La Fundaci\u00f3n del Pr\u00edncipe y Le19M.<\/span><\/p>\n<p><span style=\"font-weight: 400;\">Le19M es un espacio creado tanto para el trabajo, como para la educaci\u00f3n, adem\u00e1s de ser un lugar de encuentro. Este sitio nacido por iniciativa de Chanel, est\u00e1 dedicado a la preservaci\u00f3n y la transmisi\u00f3n de la moda, decoraci\u00f3n y el <\/span><i><span style=\"font-weight: 400;\">savoir-faire<\/span><\/i><span style=\"font-weight: 400;\"> del dise\u00f1o.<\/span><\/p>\n<p><span style=\"font-weight: 400;\">Adem\u00e1s de asistir a un banquete de estado en el Palacio de Versalles y al discurso de apertura del rey desde el senado franc\u00e9s, la pareja tambi\u00e9n se tom\u00f3 el tiempo para resaltar su v\u00ednculo particularmente personal con la casa de moda francesa.<\/span><\/p>\n<p><span style=\"font-weight: 400;\">Le19M es tambi\u00e9n el hogar del Programa de becas <\/span><i><span style=\"font-weight: 400;\">M\u00e9tiers d&#8217;Art<\/span><\/i><span style=\"font-weight: 400;\">, una asociaci\u00f3n lanzada a principios de este a\u00f1o entre la organizaci\u00f3n ben\u00e9fica de Charles, <strong>The Prince&#8217;s Foundation<\/strong>, y Chanel. Los reyes se reunieron tambi\u00e9n con los estudiantes del programa y vieron el trabajo que produjeron. Los estudiantes tambi\u00e9n realizaron parte de su curso en la residencia privada del rey en Gloucestershire, Highgrove, que ahora alberga su propio Taller de Formaci\u00f3n<\/span><i><span style=\"font-weight: 400;\"> M\u00e9tiers d&#8217;art.<\/span><\/i><\/p>\n<p><span style=\"font-weight: 400;\">Durante el recorrido por el edificio, Camilla conoci\u00f3 a dise\u00f1adores textiles y fue invitada a probar suerte tejiendo en uno de los telares. La reina tambi\u00e9n mostr\u00f3 su apoyo a Chanel con su elecci\u00f3n de vestimenta para el d\u00eda, usando zapatos hechos por la casa de moda francesa y llevando un bolso Chanel.<\/span><\/p>\n<p><span style=\"font-weight: 400;\">&#8220;El programa de becas <em>M\u00e9tiers d&#8217;Art<\/em> lo imparte Chanel &amp; The Prince&#8217;s Foundation, en asociaci\u00f3n con le 19M&#8221;, dijo el Palacio de Buckingham. \u201cEs un programa residencial intensivo de bordado de 24 semanas dise\u00f1ado para desafiar y desarrollar la pr\u00e1ctica creativa con un enfoque en desarrollar y perfeccionar las habilidades tradicionales. La ense\u00f1anza est\u00e1 a cargo de artesanos y tutores altamente calificados, con la tutor\u00eda y orientaci\u00f3n de directores creativos de Maisons d\u2019Art como L<strong>esage, Atelier Montex y Lemari\u00e9<\/strong>\u201d.<\/span><\/p>\n<p><span style=\"font-weight: 400;\">El primer grupo de estudiantes comenz\u00f3 sus clases en enero de este 2023, enfoc\u00e1ndose en bordado a mano y habilidades textiles. <\/span><i><span style=\"font-weight: 400;\">M\u00e9tiers d&#8217;art<\/span><\/i><span style=\"font-weight: 400;\"> se traduce como &#8220;profesiones art\u00edsticas&#8221; y tambi\u00e9n es el nombre de una colecci\u00f3n anual que posee Chanel.\u00a0<\/span><\/p>\n","protected":false},"author":11628,"featured_media":129620,"template":"","format":"standard","categories":[13540,4,12655],"acf":[],"yoast_head":"<!-- This site is optimized with the Yoast SEO Premium plugin v18.5 (Yoast SEO v20.4) - https:\/\/yoast.com\/wordpress\/plugins\/seo\/ -->\n<title>El rey Charles y la reina Camilla asistieron a Le19M en Francis, un centro de moda de Chanel | Grazia M\u00e9xico y Latinoam\u00e9rica<\/title>\n<meta name=\"description\" content=\"Durante su visita, los reyes destacaron su v\u00ednculo personal con Chanel\" \/>\n<meta name=\"robots\" content=\"index, follow, max-snippet:-1, max-image-preview:large, max-video-preview:-1\" \/>\n<link rel=\"canonical\" href=\"https:\/\/graziamagazine.com\/mx\/articles\/el-rey-charles-y-la-reina-camilla-asistieron-a-le19m-en-francis-un-centro-de-moda-de-chanel\/\" \/>\n<meta property=\"og:locale\" content=\"es_MX\" \/>\n<meta property=\"og:type\" content=\"article\" \/>\n<meta property=\"og:title\" content=\"El rey Charles y la reina Camilla asistieron a Le19M en Francis, un centro de moda de Chanel\" \/>\n<meta property=\"og:description\" content=\"Durante su visita, los reyes destacaron su v\u00ednculo personal con Chanel\" \/>\n<meta property=\"og:url\" content=\"https:\/\/graziamagazine.com\/mx\/articles\/el-rey-charles-y-la-reina-camilla-asistieron-a-le19m-en-francis-un-centro-de-moda-de-chanel\/\" \/>\n<meta property=\"og:site_name\" content=\"Grazia M\u00e9xico y Latinoam\u00e9rica\" \/>\n<meta property=\"article:modified_time\" content=\"2023-09-26T02:18:52+00:00\" \/>\n<meta property=\"og:image\" content=\"https:\/\/graziamagazine.com\/mx\/wp-content\/uploads\/sites\/13\/2023\/09\/leM19.jpg\" \/>\n\t<meta property=\"og:image:width\" content=\"1280\" \/>\n\t<meta property=\"og:image:height\" content=\"720\" \/>\n\t<meta property=\"og:image:type\" content=\"image\/jpeg\" \/>\n<meta name=\"twitter:card\" content=\"summary_large_image\" \/>\n<meta name=\"twitter:label1\" content=\"Est. reading time\" \/>\n\t<meta name=\"twitter:data1\" content=\"2 minutos\" \/>\n<script type=\"application\/ld+json\" class=\"yoast-schema-graph\">{\"@context\":\"https:\/\/schema.org\",\"@graph\":[{\"@type\":\"WebPage\",\"@id\":\"https:\/\/graziamagazine.com\/mx\/articles\/el-rey-charles-y-la-reina-camilla-asistieron-a-le19m-en-francis-un-centro-de-moda-de-chanel\/\",\"url\":\"https:\/\/graziamagazine.com\/mx\/articles\/el-rey-charles-y-la-reina-camilla-asistieron-a-le19m-en-francis-un-centro-de-moda-de-chanel\/\",\"name\":\"El rey Charles y la reina Camilla asistieron a Le19M en Francis, un centro de moda de Chanel | Grazia M\u00e9xico y Latinoam\u00e9rica\",\"isPartOf\":{\"@id\":\"https:\/\/graziamagazine.com\/mx\/#website\"},\"datePublished\":\"2023-09-23T01:21:20+00:00\",\"dateModified\":\"2023-09-26T02:18:52+00:00\",\"description\":\"Durante su visita, los reyes destacaron su v\u00ednculo personal con Chanel\",\"breadcrumb\":{\"@id\":\"https:\/\/graziamagazine.com\/mx\/articles\/el-rey-charles-y-la-reina-camilla-asistieron-a-le19m-en-francis-un-centro-de-moda-de-chanel\/#breadcrumb\"},\"inLanguage\":\"es-MX\",\"potentialAction\":[{\"@type\":\"ReadAction\",\"target\":[\"https:\/\/graziamagazine.com\/mx\/articles\/el-rey-charles-y-la-reina-camilla-asistieron-a-le19m-en-francis-un-centro-de-moda-de-chanel\/\"]}]},{\"@type\":\"BreadcrumbList\",\"@id\":\"https:\/\/graziamagazine.com\/mx\/articles\/el-rey-charles-y-la-reina-camilla-asistieron-a-le19m-en-francis-un-centro-de-moda-de-chanel\/#breadcrumb\",\"itemListElement\":[{\"@type\":\"ListItem\",\"position\":1,\"name\":\"Home\",\"item\":\"https:\/\/graziamagazine.com\/mx\/\"},{\"@type\":\"ListItem\",\"position\":2,\"name\":\"El rey Charles y la reina Camilla asistieron a Le19M en Francis, un centro de moda de Chanel\"}]},{\"@type\":\"WebSite\",\"@id\":\"https:\/\/graziamagazine.com\/mx\/#website\",\"url\":\"https:\/\/graziamagazine.com\/mx\/\",\"name\":\"Grazia M\u00e9xico y Latinoam\u00e9rica\",\"description\":\"Grazia es moda, belleza y noticias  de actualidad \",\"potentialAction\":[{\"@type\":\"SearchAction\",\"target\":{\"@type\":\"EntryPoint\",\"urlTemplate\":\"https:\/\/graziamagazine.com\/mx\/?s={search_term_string}\"},\"query-input\":\"required name=search_term_string\"}],\"inLanguage\":\"es-MX\"}]}<\/script>\n<!-- \/ Yoast SEO Premium plugin. -->","yoast_head_json":{"title":"El rey Charles y la reina Camilla asistieron a Le19M en Francis, un centro de moda de Chanel | Grazia M\u00e9xico y Latinoam\u00e9rica","description":"Durante su visita, los reyes destacaron su v\u00ednculo personal con Chanel","robots":{"index":"index","follow":"follow","max-snippet":"max-snippet:-1","max-image-preview":"max-image-preview:large","max-video-preview":"max-video-preview:-1"},"canonical":"https:\/\/graziamagazine.com\/mx\/articles\/el-rey-charles-y-la-reina-camilla-asistieron-a-le19m-en-francis-un-centro-de-moda-de-chanel\/","og_locale":"es_MX","og_type":"article","og_title":"El rey Charles y la reina Camilla asistieron a Le19M en Francis, un centro de moda de Chanel","og_description":"Durante su visita, los reyes destacaron su v\u00ednculo personal con Chanel","og_url":"https:\/\/graziamagazine.com\/mx\/articles\/el-rey-charles-y-la-reina-camilla-asistieron-a-le19m-en-francis-un-centro-de-moda-de-chanel\/","og_site_name":"Grazia M\u00e9xico y Latinoam\u00e9rica","article_modified_time":"2023-09-26T02:18:52+00:00","og_image":[{"width":1280,"height":720,"url":"https:\/\/graziamagazine.com\/mx\/wp-content\/uploads\/sites\/13\/2023\/09\/leM19.jpg","type":"image\/jpeg"}],"twitter_card":"summary_large_image","twitter_misc":{"Est. reading time":"2 minutos"},"schema":{"@context":"https:\/\/schema.org","@graph":[{"@type":"WebPage","@id":"https:\/\/graziamagazine.com\/mx\/articles\/el-rey-charles-y-la-reina-camilla-asistieron-a-le19m-en-francis-un-centro-de-moda-de-chanel\/","url":"https:\/\/graziamagazine.com\/mx\/articles\/el-rey-charles-y-la-reina-camilla-asistieron-a-le19m-en-francis-un-centro-de-moda-de-chanel\/","name":"El rey Charles y la reina Camilla asistieron a Le19M en Francis, un centro de moda de Chanel | Grazia M\u00e9xico y Latinoam\u00e9rica","isPartOf":{"@id":"https:\/\/graziamagazine.com\/mx\/#website"},"datePublished":"2023-09-23T01:21:20+00:00","dateModified":"2023-09-26T02:18:52+00:00","description":"Durante su visita, los reyes destacaron su v\u00ednculo personal con Chanel","breadcrumb":{"@id":"https:\/\/graziamagazine.com\/mx\/articles\/el-rey-charles-y-la-reina-camilla-asistieron-a-le19m-en-francis-un-centro-de-moda-de-chanel\/#breadcrumb"},"inLanguage":"es-MX","potentialAction":[{"@type":"ReadAction","target":["https:\/\/graziamagazine.com\/mx\/articles\/el-rey-charles-y-la-reina-camilla-asistieron-a-le19m-en-francis-un-centro-de-moda-de-chanel\/"]}]},{"@type":"BreadcrumbList","@id":"https:\/\/graziamagazine.com\/mx\/articles\/el-rey-charles-y-la-reina-camilla-asistieron-a-le19m-en-francis-un-centro-de-moda-de-chanel\/#breadcrumb","itemListElement":[{"@type":"ListItem","position":1,"name":"Home","item":"https:\/\/graziamagazine.com\/mx\/"},{"@type":"ListItem","position":2,"name":"El rey Charles y la reina Camilla asistieron a Le19M en Francis, un centro de moda de Chanel"}]},{"@type":"WebSite","@id":"https:\/\/graziamagazine.com\/mx\/#website","url":"https:\/\/graziamagazine.com\/mx\/","name":"Grazia M\u00e9xico y Latinoam\u00e9rica","description":"Grazia es moda, belleza y noticias  de actualidad ","potentialAction":[{"@type":"SearchAction","target":{"@type":"EntryPoint","urlTemplate":"https:\/\/graziamagazine.com\/mx\/?s={search_term_string}"},"query-input":"required name=search_term_string"}],"inLanguage":"es-MX"}]}},"jetpack_sharing_enabled":true,"distributor_meta":false,"distributor_terms":false,"distributor_media":false,"distributor_original_site_name":"Grazia M\u00e9xico y Latinoam\u00e9rica","distributor_original_site_url":"https:\/\/graziamagazine.com\/mx","push-errors":false,"_links":{"self":[{"href":"https:\/\/graziamagazine.com\/mx\/wp-json\/wp\/v2\/articles\/129499"}],"collection":[{"href":"https:\/\/graziamagazine.com\/mx\/wp-json\/wp\/v2\/articles"}],"about":[{"href":"https:\/\/graziamagazine.com\/mx\/wp-json\/wp\/v2\/types\/articles"}],"author":[{"embeddable":true,"href":"https:\/\/graziamagazine.com\/mx\/wp-json\/wp\/v2\/users\/11628"}],"wp:featuredmedia":[{"embeddable":true,"href":"https:\/\/graziamagazine.com\/mx\/wp-json\/wp\/v2\/media\/129620"}],"wp:attachment":[{"href":"https:\/\/graziamagazine.com\/mx\/wp-json\/wp\/v2\/media?parent=129499"}],"wp:term":[{"taxonomy":"category","embeddable":true,"href":"https:\/\/graziamagazine.com\/mx\/wp-json\/wp\/v2\/categories?post=129499"}],"curies":[{"name":"wp","href":"https:\/\/api.w.org\/{rel}","templated":true}]}}