{"id":129496,"date":"2023-09-22T20:01:40","date_gmt":"2023-09-23T01:01:40","guid":{"rendered":"https:\/\/graziamagazine.com\/mx\/?post_type=articles&#038;p=129496"},"modified":"2023-09-22T20:04:36","modified_gmt":"2023-09-23T01:04:36","slug":"quien-es-lili-melgar-y-por-que-shakira-le-dedica-su-cancion-mas-nueva","status":"publish","type":"articles","link":"https:\/\/graziamagazine.com\/mx\/articles\/quien-es-lili-melgar-y-por-que-shakira-le-dedica-su-cancion-mas-nueva\/","title":{"rendered":"\u00bfQui\u00e9n es Lili Melgar y por qu\u00e9 Shakira le dedica su canci\u00f3n m\u00e1s nueva?"},"content":{"rendered":"<p><span style=\"font-weight: 400\"><strong>Shakira<\/strong> est\u00e1 estrenando nueva melod\u00eda &#8211;<em><strong> El Jefe<\/strong><\/em> &#8211; junto a los mexicanos <strong>Fuerza Regida<\/strong>, y aparentemente es una nueva bomba contra su pasado y su relaci\u00f3n con <strong>Gerard Piqu\u00e9<\/strong>. Aunque esta vez no es directamente contra \u00e9l, aparentemente la colombiana hace referencia a su ex suegro, <strong>Joan Piqu\u00e9.<\/strong><\/span><\/p>\n<p><span style=\"font-weight: 400\">En<em> El Jefe<\/em>, que trata del abuso de poder y las injusticias laborales, <a href=\"https:\/\/graziamagazine.com\/mx\/articles\/shakira-tendra-propia-estatua-colombia\/\">Shakira<\/a> menciona espec\u00edficamente a una mujer boliviana en la letra de la canci\u00f3n: <strong>Lili Melgar.<\/strong> Pero, \u00bfqui\u00e9n es ella? Se trata de la ni\u00f1era que la ayud\u00f3 a cuidar a sus hijos durante todos sus a\u00f1os en Barcelona y que, presuntamente, habr\u00eda sido despedida injustamente por la familia de Piqu\u00e9.<\/span><\/p>\n<p><img loading=\"lazy\" decoding=\"async\" class=\"alignnone size-medium wp-image-129498\" src=\"https:\/\/graziamagazine.com\/mx\/wp-content\/uploads\/sites\/13\/2023\/09\/Captura-de-Pantalla-2023-09-22-a-las-18.17.20.png?w=450\" alt=\"\" width=\"450\" height=\"219\" \/><\/p>\n<p><span style=\"font-weight: 400\">&#8221;Lili Melgar, para ti esta canci\u00f3n que no te pagaron la indemnizaci\u00f3n&#8221;, dice la cantante, mostrando un v\u00eddeo en el que aparece Lili con el rostro muy serio.\u00a0<\/span><\/p>\n<p><span style=\"font-weight: 400\">Seg\u00fan se ha filtrado, Gerard despidi\u00f3 a Lili cuando se enter\u00f3 de que ella le dio informaci\u00f3n clave a Shakira que la llevar\u00eda a descubrir su infidelidad con <strong>Clara Ch\u00eda<\/strong>, dejando ver que el futbolista le debe una indemnizaci\u00f3n a la trabajadora por todo el tiempo que trabaj\u00f3 con ellos.<\/span><\/p>\n<p><img loading=\"lazy\" decoding=\"async\" class=\"alignnone size-medium wp-image-129497\" src=\"https:\/\/graziamagazine.com\/mx\/wp-content\/uploads\/sites\/13\/2023\/09\/Captura-de-Pantalla-2023-09-22-a-las-18.17.46.png?w=450\" alt=\"\" width=\"450\" height=\"332\" \/><\/p>\n<p><span style=\"font-weight: 400\">Sin embargo, Lili se mud\u00f3 con Shakira a Estados Unidos el pasado mes de abril para continuar ayud\u00e1ndole con Mil\u00e1n y Sasha, y de acuerdo con informaci\u00f3n publicada por <em>TardeAR<\/em>, la cantante le pag\u00f3 una gran suma de dinero por aparecer en el video en cuesti\u00f3n.<\/span><\/p>\n<p><span style=\"font-weight: 400\">Esta cantidad de dinero rondar\u00eda en el mill\u00f3n de euros, adem\u00e1s de tener derecho a cobrar parte de las regal\u00edas generadas por las visualizaciones del v\u00eddeo en plataformas como YouTube, que en cuesti\u00f3n de un par de d\u00edas supera los 15 millones de visualizaciones.<\/span><\/p>\n<p><iframe loading=\"lazy\" title=\"Shakira, Fuerza Regida - El Jefe (Official Video)\" width=\"500\" height=\"281\" src=\"https:\/\/www.youtube.com\/embed\/7oTlx5YC2P4?feature=oembed\" frameborder=\"0\" allow=\"accelerometer; autoplay; clipboard-write; encrypted-media; gyroscope; picture-in-picture; web-share\" allowfullscreen><\/iframe><\/p>\n<p><span style=\"font-weight: 400\">Los trapitos al sol contin\u00faan saliendo para el ex futbolista catal\u00e1n y su familia.<\/span><\/p>\n","protected":false},"author":11628,"featured_media":117602,"template":"","format":"standard","categories":[12483,2],"acf":[],"yoast_head":"<!-- This site is optimized with the Yoast SEO Premium plugin v18.5 (Yoast SEO v20.4) - https:\/\/yoast.com\/wordpress\/plugins\/seo\/ -->\n<title>\u00bfQui\u00e9n es Lili Melgar y por qu\u00e9 Shakira le dedica su canci\u00f3n m\u00e1s nueva? | Grazia M\u00e9xico y Latinoam\u00e9rica<\/title>\n<meta name=\"description\" content=\"Shakira est\u00e1 estrenando nueva melod\u00eda - El Jefe - junto a los mexicanos Fuerza Regida, y aparentemente es una nueva bomba contra su pasado y su relaci\u00f3n\" \/>\n<meta name=\"robots\" content=\"index, follow, max-snippet:-1, max-image-preview:large, max-video-preview:-1\" \/>\n<link rel=\"canonical\" href=\"https:\/\/graziamagazine.com\/mx\/articles\/quien-es-lili-melgar-y-por-que-shakira-le-dedica-su-cancion-mas-nueva\/\" \/>\n<meta property=\"og:locale\" content=\"es_MX\" \/>\n<meta property=\"og:type\" content=\"article\" \/>\n<meta property=\"og:title\" content=\"\u00bfQui\u00e9n es Lili Melgar y por qu\u00e9 Shakira le dedica su canci\u00f3n m\u00e1s nueva?\" \/>\n<meta property=\"og:description\" content=\"Shakira est\u00e1 estrenando nueva melod\u00eda - El Jefe - junto a los mexicanos Fuerza Regida, y aparentemente es una nueva bomba contra su pasado y su relaci\u00f3n\" \/>\n<meta property=\"og:url\" content=\"https:\/\/graziamagazine.com\/mx\/articles\/quien-es-lili-melgar-y-por-que-shakira-le-dedica-su-cancion-mas-nueva\/\" \/>\n<meta property=\"og:site_name\" content=\"Grazia M\u00e9xico y Latinoam\u00e9rica\" \/>\n<meta property=\"article:modified_time\" content=\"2023-09-23T01:04:36+00:00\" \/>\n<meta property=\"og:image\" content=\"https:\/\/graziamagazine.com\/mx\/wp-content\/uploads\/sites\/13\/2022\/09\/ZR4CAY6YKFHSFCUOHMXXP3D27E.jpeg\" \/>\n\t<meta property=\"og:image:width\" content=\"900\" \/>\n\t<meta property=\"og:image:height\" content=\"600\" \/>\n\t<meta property=\"og:image:type\" content=\"image\/jpeg\" \/>\n<meta name=\"twitter:card\" content=\"summary_large_image\" \/>\n<meta name=\"twitter:label1\" content=\"Est. reading time\" \/>\n\t<meta name=\"twitter:data1\" content=\"2 minutos\" \/>\n<script type=\"application\/ld+json\" class=\"yoast-schema-graph\">{\"@context\":\"https:\/\/schema.org\",\"@graph\":[{\"@type\":\"WebPage\",\"@id\":\"https:\/\/graziamagazine.com\/mx\/articles\/quien-es-lili-melgar-y-por-que-shakira-le-dedica-su-cancion-mas-nueva\/\",\"url\":\"https:\/\/graziamagazine.com\/mx\/articles\/quien-es-lili-melgar-y-por-que-shakira-le-dedica-su-cancion-mas-nueva\/\",\"name\":\"\u00bfQui\u00e9n es Lili Melgar y por qu\u00e9 Shakira le dedica su canci\u00f3n m\u00e1s nueva? | Grazia M\u00e9xico y Latinoam\u00e9rica\",\"isPartOf\":{\"@id\":\"https:\/\/graziamagazine.com\/mx\/#website\"},\"datePublished\":\"2023-09-23T01:01:40+00:00\",\"dateModified\":\"2023-09-23T01:04:36+00:00\",\"description\":\"Shakira est\u00e1 estrenando nueva melod\u00eda - El Jefe - junto a los mexicanos Fuerza Regida, y aparentemente es una nueva bomba contra su pasado y su relaci\u00f3n\",\"breadcrumb\":{\"@id\":\"https:\/\/graziamagazine.com\/mx\/articles\/quien-es-lili-melgar-y-por-que-shakira-le-dedica-su-cancion-mas-nueva\/#breadcrumb\"},\"inLanguage\":\"es-MX\",\"potentialAction\":[{\"@type\":\"ReadAction\",\"target\":[\"https:\/\/graziamagazine.com\/mx\/articles\/quien-es-lili-melgar-y-por-que-shakira-le-dedica-su-cancion-mas-nueva\/\"]}]},{\"@type\":\"BreadcrumbList\",\"@id\":\"https:\/\/graziamagazine.com\/mx\/articles\/quien-es-lili-melgar-y-por-que-shakira-le-dedica-su-cancion-mas-nueva\/#breadcrumb\",\"itemListElement\":[{\"@type\":\"ListItem\",\"position\":1,\"name\":\"Home\",\"item\":\"https:\/\/graziamagazine.com\/mx\/\"},{\"@type\":\"ListItem\",\"position\":2,\"name\":\"\u00bfQui\u00e9n es Lili Melgar y por qu\u00e9 Shakira le dedica su canci\u00f3n m\u00e1s nueva?\"}]},{\"@type\":\"WebSite\",\"@id\":\"https:\/\/graziamagazine.com\/mx\/#website\",\"url\":\"https:\/\/graziamagazine.com\/mx\/\",\"name\":\"Grazia M\u00e9xico y Latinoam\u00e9rica\",\"description\":\"Grazia es moda, belleza y noticias  de actualidad \",\"potentialAction\":[{\"@type\":\"SearchAction\",\"target\":{\"@type\":\"EntryPoint\",\"urlTemplate\":\"https:\/\/graziamagazine.com\/mx\/?s={search_term_string}\"},\"query-input\":\"required name=search_term_string\"}],\"inLanguage\":\"es-MX\"}]}<\/script>\n<!-- \/ Yoast SEO Premium plugin. -->","yoast_head_json":{"title":"\u00bfQui\u00e9n es Lili Melgar y por qu\u00e9 Shakira le dedica su canci\u00f3n m\u00e1s nueva? | Grazia M\u00e9xico y Latinoam\u00e9rica","description":"Shakira est\u00e1 estrenando nueva melod\u00eda - El Jefe - junto a los mexicanos Fuerza Regida, y aparentemente es una nueva bomba contra su pasado y su relaci\u00f3n","robots":{"index":"index","follow":"follow","max-snippet":"max-snippet:-1","max-image-preview":"max-image-preview:large","max-video-preview":"max-video-preview:-1"},"canonical":"https:\/\/graziamagazine.com\/mx\/articles\/quien-es-lili-melgar-y-por-que-shakira-le-dedica-su-cancion-mas-nueva\/","og_locale":"es_MX","og_type":"article","og_title":"\u00bfQui\u00e9n es Lili Melgar y por qu\u00e9 Shakira le dedica su canci\u00f3n m\u00e1s nueva?","og_description":"Shakira est\u00e1 estrenando nueva melod\u00eda - El Jefe - junto a los mexicanos Fuerza Regida, y aparentemente es una nueva bomba contra su pasado y su relaci\u00f3n","og_url":"https:\/\/graziamagazine.com\/mx\/articles\/quien-es-lili-melgar-y-por-que-shakira-le-dedica-su-cancion-mas-nueva\/","og_site_name":"Grazia M\u00e9xico y Latinoam\u00e9rica","article_modified_time":"2023-09-23T01:04:36+00:00","og_image":[{"width":900,"height":600,"url":"https:\/\/graziamagazine.com\/mx\/wp-content\/uploads\/sites\/13\/2022\/09\/ZR4CAY6YKFHSFCUOHMXXP3D27E.jpeg","type":"image\/jpeg"}],"twitter_card":"summary_large_image","twitter_misc":{"Est. reading time":"2 minutos"},"schema":{"@context":"https:\/\/schema.org","@graph":[{"@type":"WebPage","@id":"https:\/\/graziamagazine.com\/mx\/articles\/quien-es-lili-melgar-y-por-que-shakira-le-dedica-su-cancion-mas-nueva\/","url":"https:\/\/graziamagazine.com\/mx\/articles\/quien-es-lili-melgar-y-por-que-shakira-le-dedica-su-cancion-mas-nueva\/","name":"\u00bfQui\u00e9n es Lili Melgar y por qu\u00e9 Shakira le dedica su canci\u00f3n m\u00e1s nueva? | Grazia M\u00e9xico y Latinoam\u00e9rica","isPartOf":{"@id":"https:\/\/graziamagazine.com\/mx\/#website"},"datePublished":"2023-09-23T01:01:40+00:00","dateModified":"2023-09-23T01:04:36+00:00","description":"Shakira est\u00e1 estrenando nueva melod\u00eda - El Jefe - junto a los mexicanos Fuerza Regida, y aparentemente es una nueva bomba contra su pasado y su relaci\u00f3n","breadcrumb":{"@id":"https:\/\/graziamagazine.com\/mx\/articles\/quien-es-lili-melgar-y-por-que-shakira-le-dedica-su-cancion-mas-nueva\/#breadcrumb"},"inLanguage":"es-MX","potentialAction":[{"@type":"ReadAction","target":["https:\/\/graziamagazine.com\/mx\/articles\/quien-es-lili-melgar-y-por-que-shakira-le-dedica-su-cancion-mas-nueva\/"]}]},{"@type":"BreadcrumbList","@id":"https:\/\/graziamagazine.com\/mx\/articles\/quien-es-lili-melgar-y-por-que-shakira-le-dedica-su-cancion-mas-nueva\/#breadcrumb","itemListElement":[{"@type":"ListItem","position":1,"name":"Home","item":"https:\/\/graziamagazine.com\/mx\/"},{"@type":"ListItem","position":2,"name":"\u00bfQui\u00e9n es Lili Melgar y por qu\u00e9 Shakira le dedica su canci\u00f3n m\u00e1s nueva?"}]},{"@type":"WebSite","@id":"https:\/\/graziamagazine.com\/mx\/#website","url":"https:\/\/graziamagazine.com\/mx\/","name":"Grazia M\u00e9xico y Latinoam\u00e9rica","description":"Grazia es moda, belleza y noticias  de actualidad ","potentialAction":[{"@type":"SearchAction","target":{"@type":"EntryPoint","urlTemplate":"https:\/\/graziamagazine.com\/mx\/?s={search_term_string}"},"query-input":"required name=search_term_string"}],"inLanguage":"es-MX"}]}},"jetpack_sharing_enabled":true,"distributor_meta":false,"distributor_terms":false,"distributor_media":false,"distributor_original_site_name":"Grazia M\u00e9xico y Latinoam\u00e9rica","distributor_original_site_url":"https:\/\/graziamagazine.com\/mx","push-errors":false,"_links":{"self":[{"href":"https:\/\/graziamagazine.com\/mx\/wp-json\/wp\/v2\/articles\/129496"}],"collection":[{"href":"https:\/\/graziamagazine.com\/mx\/wp-json\/wp\/v2\/articles"}],"about":[{"href":"https:\/\/graziamagazine.com\/mx\/wp-json\/wp\/v2\/types\/articles"}],"author":[{"embeddable":true,"href":"https:\/\/graziamagazine.com\/mx\/wp-json\/wp\/v2\/users\/11628"}],"wp:featuredmedia":[{"embeddable":true,"href":"https:\/\/graziamagazine.com\/mx\/wp-json\/wp\/v2\/media\/117602"}],"wp:attachment":[{"href":"https:\/\/graziamagazine.com\/mx\/wp-json\/wp\/v2\/media?parent=129496"}],"wp:term":[{"taxonomy":"category","embeddable":true,"href":"https:\/\/graziamagazine.com\/mx\/wp-json\/wp\/v2\/categories?post=129496"}],"curies":[{"name":"wp","href":"https:\/\/api.w.org\/{rel}","templated":true}]}}