{"id":129436,"date":"2023-09-21T22:43:02","date_gmt":"2023-09-22T03:43:02","guid":{"rendered":"https:\/\/graziamagazine.com\/mx\/?post_type=articles&#038;p=129436"},"modified":"2023-09-21T22:59:58","modified_gmt":"2023-09-22T03:59:58","slug":"como-llevar-y-como-cuidar-el-pelo-blanco","status":"publish","type":"articles","link":"https:\/\/graziamagazine.com\/mx\/articles\/como-llevar-y-como-cuidar-el-pelo-blanco\/","title":{"rendered":"\u00bfC\u00f3mo llevar y c\u00f3mo cuidar el pelo blanco?"},"content":{"rendered":"<p data-sourcepos=\"1:1-1:229\">El <strong>pelo blanco<\/strong> es un signo<strong> natural del envejecimiento<\/strong>, pero tambi\u00e9n puede ser una<strong> elecci\u00f3n est\u00e9tica<\/strong>. Sea cual sea el motivo, hay que tener en cuenta que el pelo blanco requiere un cuidado especial para que luzca sano y brillante.<\/p>\n<p data-sourcepos=\"3:1-3:214\">Hay muchas maneras de llevar el cabello blanco. Algunas personas optan por un<strong> look completamente blanco<\/strong>, mientras que otras prefieren un look m\u00e1s sutil con mechones de cabello blanco mezclados con su color natural.<\/p>\n<p data-sourcepos=\"3:1-3:214\">Te contamos como puedes sacar en mayor provecho a la melena blanca y como cuidarla.<\/p>\n<figure id=\"attachment_129442\" aria-describedby=\"caption-attachment-129442\" style=\"width: 1024px\" class=\"wp-caption alignnone\"><img loading=\"lazy\" decoding=\"async\" class=\"size-large wp-image-129442\" src=\"https:\/\/graziamagazine.com\/mx\/wp-content\/uploads\/sites\/13\/2023\/09\/guest-seen-wearing-black-sunglasses-from-ray-ban-a-gold-news-photo-1672760638.jpg?w=1024\" alt=\"\u00bfC\u00f3mo llevar y c\u00f3mo cuidar el pelo blanco?\" width=\"1024\" height=\"683\" \/><figcaption id=\"caption-attachment-129442\" class=\"wp-caption-text\">\u00bfC\u00f3mo llevar y c\u00f3mo cuidar el pelo blanco?<\/figcaption><\/figure>\n<h3><strong>Mant\u00e9n un Corte Actualizado<\/strong><\/h3>\n<p>El pelo blanco puede ser muy vers\u00e1til, pero es importante encontrar un corte de pelo que te haga sentir bien. Si tienes el pelo fino, un corte de pelo corto o con capas puede ayudarte a darle m\u00e1s volumen. Si tienes el pelo grueso, un corte de pelo m\u00e1s largo puede ayudarte a equilibrar las proporciones.<\/p>\n<p>Un corte de pelo moderno es fundamental para lucir un cabello blanco con estilo. Consulta con tu estilista para encontrar un corte que se adapte a tu forma de cara y estilo de vida.<\/p>\n<p>Adem\u00e1s, el pelo blanco puede ayudarte a destacar tus ojos y tu rostro. Utiliza maquillaje y accesorios para resaltar tus mejores caracter\u00edsticas.<\/p>\n<h3><strong>Usa Productos Espec\u00edficos para el Cabello Blanco<\/strong><\/h3>\n<p>El pelo blanco tiende a tomar tonos amarillentos debido a la exposici\u00f3n al sol y otros factores ambientales. Utiliza productos dise\u00f1ados para cabellos blancos o plateados para mantener ese brillo cristalino. Champ\u00fas y acondicionadores con tonos violetas ayudan a neutralizar los tonos amarillos no deseados.<img loading=\"lazy\" decoding=\"async\" class=\"alignnone size-large wp-image-129440\" src=\"https:\/\/graziamagazine.com\/mx\/wp-content\/uploads\/sites\/13\/2023\/09\/loreal-champu-silver-pelo-canas-blanco.png?w=700\" alt=\"\" width=\"700\" height=\"700\" \/><\/p>\n<h3><strong>Hidrataci\u00f3n Constante<\/strong><\/h3>\n<p>El cabello blanco tiende a ser m\u00e1s seco as\u00ed que opta por usar acondicionadores profundos y aceites para mantenerlo hidratado y suave. El aceite de arg\u00e1n es especialmente beneficioso o bien puedes agregar a tu rutina mascarillas que ayuden a reparar el da\u00f1o y a devolverle el brillo al pelo blanco.<\/p>\n<h3><strong>Protecci\u00f3n Solar<\/strong><\/h3>\n<p>Un protector capilar para cabello blanco es un producto que ayuda a proteger el cabello de los da\u00f1os causados por el calor, la radiaci\u00f3n UV y otros factores ambientales. Es especialmente importante para el cabello blanco, que es m\u00e1s fr\u00e1gil y susceptible a los da\u00f1os. Lo mejor es que uses sombreros o protectores solares para el cabello cuando est\u00e9s al aire libre.<img loading=\"lazy\" decoding=\"async\" class=\"alignnone size-large wp-image-129443\" src=\"https:\/\/graziamagazine.com\/mx\/wp-content\/uploads\/sites\/13\/2023\/09\/Captura-de-Pantalla-2023-09-21-a-las-21.55.01.png?w=805\" alt=\"\" width=\"805\" height=\"1024\" \/><\/p>\n<h3><strong>Evita el Calor Excesivo<\/strong><\/h3>\n<p>El calor es uno de los principales factores que da\u00f1an el cabello. El uso excesivo de herramientas de calor, como secadores de pelo, planchas y rizadores, puede resecar, debilitar y romper el cabello. Limita el uso de herramientas de calor como secadores y planchas, ya que pueden da\u00f1ar el cabello blanco. Si es necesario, utiliza protectores de calor.<\/p>\n<h3><strong>Consulta con un Profesional del Color<\/strong><\/h3>\n<p>Si deseas un tono plateado m\u00e1s uniforme, considera te\u00f1ir tu cabello blanco en un sal\u00f3n de belleza con un colorista profesional.<\/p>\n<p>Al llevar y cuidar adecuadamente el pelo blanco, puedes destacar su belleza natural y mantener un aspecto elegante y sofisticado. Recuerda que la confianza en ti mismo es la clave para lucirlo con estilo.<\/p>\n<p><em><strong>*IMAGEN: Google Images\u00a0<\/strong><\/em><\/p>\n","protected":false},"author":28953,"featured_media":129441,"template":"","format":"standard","categories":[15260],"acf":[],"yoast_head":"<!-- This site is optimized with the Yoast SEO Premium plugin v18.5 (Yoast SEO v20.4) - https:\/\/yoast.com\/wordpress\/plugins\/seo\/ -->\n<title>\u00bfC\u00f3mo llevar y c\u00f3mo cuidar el pelo blanco?<\/title>\n<meta name=\"description\" content=\"El pelo blanco puede lucirse de muchas maneras y aqu\u00ed te damos los mejores beauty tips para lucir una melena radiante\" \/>\n<meta name=\"robots\" content=\"index, follow, max-snippet:-1, max-image-preview:large, max-video-preview:-1\" \/>\n<link rel=\"canonical\" href=\"https:\/\/graziamagazine.com\/mx\/articles\/como-llevar-y-como-cuidar-el-pelo-blanco\/\" \/>\n<meta property=\"og:locale\" content=\"es_MX\" \/>\n<meta property=\"og:type\" content=\"article\" \/>\n<meta property=\"og:title\" content=\"\u00bfC\u00f3mo llevar y c\u00f3mo cuidar el pelo blanco?\" \/>\n<meta property=\"og:description\" content=\"El pelo blanco puede lucirse de muchas maneras y aqu\u00ed te damos los mejores beauty tips para lucir una melena radiante\" \/>\n<meta property=\"og:url\" content=\"https:\/\/graziamagazine.com\/mx\/articles\/como-llevar-y-como-cuidar-el-pelo-blanco\/\" \/>\n<meta property=\"og:site_name\" content=\"Grazia M\u00e9xico y Latinoam\u00e9rica\" \/>\n<meta property=\"article:modified_time\" content=\"2023-09-22T03:59:58+00:00\" \/>\n<meta property=\"og:image\" content=\"https:\/\/graziamagazine.com\/mx\/wp-content\/uploads\/sites\/13\/2023\/09\/f.elconfidencial.com_original_af5_be1_bd0_af5be1bd0fdaa43313e3991296a2c540.jpg\" \/>\n\t<meta property=\"og:image:width\" content=\"1200\" \/>\n\t<meta property=\"og:image:height\" content=\"900\" \/>\n\t<meta property=\"og:image:type\" content=\"image\/jpeg\" \/>\n<meta name=\"twitter:card\" content=\"summary_large_image\" \/>\n<meta name=\"twitter:label1\" content=\"Est. reading time\" \/>\n\t<meta name=\"twitter:data1\" content=\"3 minutos\" \/>\n<script type=\"application\/ld+json\" class=\"yoast-schema-graph\">{\"@context\":\"https:\/\/schema.org\",\"@graph\":[{\"@type\":\"WebPage\",\"@id\":\"https:\/\/graziamagazine.com\/mx\/articles\/como-llevar-y-como-cuidar-el-pelo-blanco\/\",\"url\":\"https:\/\/graziamagazine.com\/mx\/articles\/como-llevar-y-como-cuidar-el-pelo-blanco\/\",\"name\":\"\u00bfC\u00f3mo llevar y c\u00f3mo cuidar el pelo blanco?\",\"isPartOf\":{\"@id\":\"https:\/\/graziamagazine.com\/mx\/#website\"},\"datePublished\":\"2023-09-22T03:43:02+00:00\",\"dateModified\":\"2023-09-22T03:59:58+00:00\",\"description\":\"El pelo blanco puede lucirse de muchas maneras y aqu\u00ed te damos los mejores beauty tips para lucir una melena radiante\",\"breadcrumb\":{\"@id\":\"https:\/\/graziamagazine.com\/mx\/articles\/como-llevar-y-como-cuidar-el-pelo-blanco\/#breadcrumb\"},\"inLanguage\":\"es-MX\",\"potentialAction\":[{\"@type\":\"ReadAction\",\"target\":[\"https:\/\/graziamagazine.com\/mx\/articles\/como-llevar-y-como-cuidar-el-pelo-blanco\/\"]}]},{\"@type\":\"BreadcrumbList\",\"@id\":\"https:\/\/graziamagazine.com\/mx\/articles\/como-llevar-y-como-cuidar-el-pelo-blanco\/#breadcrumb\",\"itemListElement\":[{\"@type\":\"ListItem\",\"position\":1,\"name\":\"Home\",\"item\":\"https:\/\/graziamagazine.com\/mx\/\"},{\"@type\":\"ListItem\",\"position\":2,\"name\":\"\u00bfC\u00f3mo llevar y c\u00f3mo cuidar el pelo blanco?\"}]},{\"@type\":\"WebSite\",\"@id\":\"https:\/\/graziamagazine.com\/mx\/#website\",\"url\":\"https:\/\/graziamagazine.com\/mx\/\",\"name\":\"Grazia M\u00e9xico y Latinoam\u00e9rica\",\"description\":\"Grazia es moda, belleza y noticias  de actualidad \",\"potentialAction\":[{\"@type\":\"SearchAction\",\"target\":{\"@type\":\"EntryPoint\",\"urlTemplate\":\"https:\/\/graziamagazine.com\/mx\/?s={search_term_string}\"},\"query-input\":\"required name=search_term_string\"}],\"inLanguage\":\"es-MX\"}]}<\/script>\n<!-- \/ Yoast SEO Premium plugin. -->","yoast_head_json":{"title":"\u00bfC\u00f3mo llevar y c\u00f3mo cuidar el pelo blanco?","description":"El pelo blanco puede lucirse de muchas maneras y aqu\u00ed te damos los mejores beauty tips para lucir una melena radiante","robots":{"index":"index","follow":"follow","max-snippet":"max-snippet:-1","max-image-preview":"max-image-preview:large","max-video-preview":"max-video-preview:-1"},"canonical":"https:\/\/graziamagazine.com\/mx\/articles\/como-llevar-y-como-cuidar-el-pelo-blanco\/","og_locale":"es_MX","og_type":"article","og_title":"\u00bfC\u00f3mo llevar y c\u00f3mo cuidar el pelo blanco?","og_description":"El pelo blanco puede lucirse de muchas maneras y aqu\u00ed te damos los mejores beauty tips para lucir una melena radiante","og_url":"https:\/\/graziamagazine.com\/mx\/articles\/como-llevar-y-como-cuidar-el-pelo-blanco\/","og_site_name":"Grazia M\u00e9xico y Latinoam\u00e9rica","article_modified_time":"2023-09-22T03:59:58+00:00","og_image":[{"width":1200,"height":900,"url":"https:\/\/graziamagazine.com\/mx\/wp-content\/uploads\/sites\/13\/2023\/09\/f.elconfidencial.com_original_af5_be1_bd0_af5be1bd0fdaa43313e3991296a2c540.jpg","type":"image\/jpeg"}],"twitter_card":"summary_large_image","twitter_misc":{"Est. reading time":"3 minutos"},"schema":{"@context":"https:\/\/schema.org","@graph":[{"@type":"WebPage","@id":"https:\/\/graziamagazine.com\/mx\/articles\/como-llevar-y-como-cuidar-el-pelo-blanco\/","url":"https:\/\/graziamagazine.com\/mx\/articles\/como-llevar-y-como-cuidar-el-pelo-blanco\/","name":"\u00bfC\u00f3mo llevar y c\u00f3mo cuidar el pelo blanco?","isPartOf":{"@id":"https:\/\/graziamagazine.com\/mx\/#website"},"datePublished":"2023-09-22T03:43:02+00:00","dateModified":"2023-09-22T03:59:58+00:00","description":"El pelo blanco puede lucirse de muchas maneras y aqu\u00ed te damos los mejores beauty tips para lucir una melena radiante","breadcrumb":{"@id":"https:\/\/graziamagazine.com\/mx\/articles\/como-llevar-y-como-cuidar-el-pelo-blanco\/#breadcrumb"},"inLanguage":"es-MX","potentialAction":[{"@type":"ReadAction","target":["https:\/\/graziamagazine.com\/mx\/articles\/como-llevar-y-como-cuidar-el-pelo-blanco\/"]}]},{"@type":"BreadcrumbList","@id":"https:\/\/graziamagazine.com\/mx\/articles\/como-llevar-y-como-cuidar-el-pelo-blanco\/#breadcrumb","itemListElement":[{"@type":"ListItem","position":1,"name":"Home","item":"https:\/\/graziamagazine.com\/mx\/"},{"@type":"ListItem","position":2,"name":"\u00bfC\u00f3mo llevar y c\u00f3mo cuidar el pelo blanco?"}]},{"@type":"WebSite","@id":"https:\/\/graziamagazine.com\/mx\/#website","url":"https:\/\/graziamagazine.com\/mx\/","name":"Grazia M\u00e9xico y Latinoam\u00e9rica","description":"Grazia es moda, belleza y noticias  de actualidad ","potentialAction":[{"@type":"SearchAction","target":{"@type":"EntryPoint","urlTemplate":"https:\/\/graziamagazine.com\/mx\/?s={search_term_string}"},"query-input":"required name=search_term_string"}],"inLanguage":"es-MX"}]}},"jetpack_sharing_enabled":true,"distributor_meta":false,"distributor_terms":false,"distributor_media":false,"distributor_original_site_name":"Grazia M\u00e9xico y Latinoam\u00e9rica","distributor_original_site_url":"https:\/\/graziamagazine.com\/mx","push-errors":false,"_links":{"self":[{"href":"https:\/\/graziamagazine.com\/mx\/wp-json\/wp\/v2\/articles\/129436"}],"collection":[{"href":"https:\/\/graziamagazine.com\/mx\/wp-json\/wp\/v2\/articles"}],"about":[{"href":"https:\/\/graziamagazine.com\/mx\/wp-json\/wp\/v2\/types\/articles"}],"author":[{"embeddable":true,"href":"https:\/\/graziamagazine.com\/mx\/wp-json\/wp\/v2\/users\/28953"}],"wp:featuredmedia":[{"embeddable":true,"href":"https:\/\/graziamagazine.com\/mx\/wp-json\/wp\/v2\/media\/129441"}],"wp:attachment":[{"href":"https:\/\/graziamagazine.com\/mx\/wp-json\/wp\/v2\/media?parent=129436"}],"wp:term":[{"taxonomy":"category","embeddable":true,"href":"https:\/\/graziamagazine.com\/mx\/wp-json\/wp\/v2\/categories?post=129436"}],"curies":[{"name":"wp","href":"https:\/\/api.w.org\/{rel}","templated":true}]}}