{"id":129152,"date":"2023-09-13T15:57:40","date_gmt":"2023-09-13T20:57:40","guid":{"rendered":"https:\/\/graziamagazine.com\/mx\/?post_type=articles&#038;p=129152"},"modified":"2023-09-13T16:19:28","modified_gmt":"2023-09-13T21:19:28","slug":"cos-desfila-en-nyfw-para-mostrar-su-fall-winter23","status":"publish","type":"articles","link":"https:\/\/graziamagazine.com\/mx\/articles\/cos-desfila-en-nyfw-para-mostrar-su-fall-winter23\/","title":{"rendered":"COS desfila en NYFW para mostrar su Fall\/Winter23"},"content":{"rendered":"<p>Fueron 43 looks entre femeninos y masculinos tanto para d\u00eda como para noche, en donde el esp\u00edritu londinense de <strong>COS<\/strong> hizo hincapi\u00e9 una vez m\u00e1s en crear dise\u00f1os que contrastan entre la innovaci\u00f3n y tradici\u00f3n a trav\u00e9s de una exploraci\u00f3n y delicada selecci\u00f3n de materiales como la seda, diferente tejidos, crochet, cuero, lana y hasta <em>Responsible Mohair Standard<\/em>, usado dentro de su colecci\u00f3n c\u00e1psula <em>COS Atelier<\/em>, la tercera de este tipo y presentada tambi\u00e9n durante esta entrega.<\/p>\n<div class=\"content-gallery\"><div class=\"gallery-placeholder\"><div class=\"spinner\"><\/div><\/div><span class=\"gallery-pagination\"><\/span><div id=\"gallery-1\" class=\"gallery galleryid-129152 gallery-columns- gallery-size-\"><figure class=\"gallery-item\"><div class=\"gallery-icon landscape\"><img loading=\"lazy\" decoding=\"async\" width=\"3074\" height=\"4098\" src=\"https:\/\/graziamagazine.com\/mx\/wp-content\/uploads\/sites\/13\/2023\/09\/007.jpg\" class=\"lazy\" alt=\"Cos\" \/><\/div><\/figure><figure class=\"gallery-item\"><div class=\"gallery-icon landscape\"><img loading=\"lazy\" decoding=\"async\" width=\"3074\" height=\"4098\" src=\"https:\/\/graziamagazine.com\/mx\/wp-content\/uploads\/sites\/13\/2023\/09\/013.jpg\" class=\"lazy\" alt=\"\" \/><\/div><\/figure><figure class=\"gallery-item\"><div class=\"gallery-icon landscape\"><img loading=\"lazy\" decoding=\"async\" width=\"3074\" height=\"4098\" src=\"https:\/\/graziamagazine.com\/mx\/wp-content\/uploads\/sites\/13\/2023\/09\/020.jpg\" class=\"lazy\" alt=\"Cos\" \/><\/div><\/figure><\/div><\/div>\n<p>En este viaje creativo, nuevamente disfrutamos de una visi\u00f3n renovada de la marca bajo la direcci\u00f3n de <em>Karin Gustafsson<\/em> su directora creativa, quien constantemente recalca esa dualidad entre lo utilitario y refinado que representa buena parte de la identidad de <strong>COS.<\/strong><\/p>\n<p>Mucha sastrer\u00eda con cortes cl\u00e1sicos que se reinventan tanto para ella como para \u00e9l, seda fluida que da movilidad a los dise\u00f1os, juegos de transparencias, siluetas alargadas que se vuelven seductoras, piezas reversibles, llamativos maxi abrigos, capas largas y cortas y tambi\u00e9n por supuesto, accesorios como capuchas, bufandas, pa\u00f1uelos, bolsos gigantes con acolchado y detalles como flecos, cuellos altos y anchos y adem\u00e1s de irresistibles dise\u00f1os con l\u00edneas asim\u00e9tricas. Toda una exploraci\u00f3n creativa que definitivamente busca a toda costa destacar durante toda esta temporada de <strong>Fall\/Winter23<\/strong>.<\/p>\n<div class=\"content-gallery\"><div class=\"gallery-placeholder\"><div class=\"spinner\"><\/div><\/div><span class=\"gallery-pagination\"><\/span><div id=\"gallery-2\" class=\"gallery galleryid-129152 gallery-columns- gallery-size-\"><figure class=\"gallery-item\"><div class=\"gallery-icon landscape\"><img loading=\"lazy\" decoding=\"async\" width=\"3074\" height=\"4098\" src=\"https:\/\/graziamagazine.com\/mx\/wp-content\/uploads\/sites\/13\/2023\/09\/038.jpg\" class=\"lazy\" alt=\"\" \/><\/div><\/figure><figure class=\"gallery-item\"><div class=\"gallery-icon landscape\"><img loading=\"lazy\" decoding=\"async\" width=\"3074\" height=\"4098\" src=\"https:\/\/graziamagazine.com\/mx\/wp-content\/uploads\/sites\/13\/2023\/09\/036-1.jpg\" class=\"lazy\" alt=\"\" \/><\/div><\/figure><figure class=\"gallery-item\"><div class=\"gallery-icon landscape\"><img loading=\"lazy\" decoding=\"async\" width=\"3073\" height=\"4098\" src=\"https:\/\/graziamagazine.com\/mx\/wp-content\/uploads\/sites\/13\/2023\/09\/043.jpg\" class=\"lazy\" alt=\"Cos\" \/><\/div><\/figure><\/div><\/div>\n<p>Tonalidades neutras con colores suaves muy cl\u00e1sicos de <strong>COS,<\/strong> pero que al mismo tiempo se combinan con tonos m\u00e1s explosivos como azul brillante, met\u00e1licos, mostaza y marr\u00f3n terroso, adem\u00e1s de sutiles estampados de temporada. Tambi\u00e9n hay que destacar que m\u00e1s del 92% de esta colecci\u00f3n est\u00e1 confeccionada con materiales de origen completamente sustentable, una directriz que sin duda alguna siempre ha estado entre las prioridades de la marca y que por supuesto, esta vez tampoco ha sido la excepci\u00f3n.<\/p>\n<div class=\"content-gallery\"><div class=\"gallery-placeholder\"><div class=\"spinner\"><\/div><\/div><span class=\"gallery-pagination\"><\/span><div id=\"gallery-3\" class=\"gallery galleryid-129152 gallery-columns- gallery-size-\"><figure class=\"gallery-item\"><div class=\"gallery-icon landscape\"><img loading=\"lazy\" decoding=\"async\" width=\"3074\" height=\"4098\" src=\"https:\/\/graziamagazine.com\/mx\/wp-content\/uploads\/sites\/13\/2023\/09\/033.jpg\" class=\"lazy\" alt=\"Cos\" \/><\/div><\/figure><figure class=\"gallery-item\"><div class=\"gallery-icon landscape\"><img loading=\"lazy\" decoding=\"async\" width=\"3074\" height=\"4098\" src=\"https:\/\/graziamagazine.com\/mx\/wp-content\/uploads\/sites\/13\/2023\/09\/024.jpg\" class=\"lazy\" alt=\"\" \/><\/div><\/figure><\/div><\/div>\n<p><em>Fotograf\u00edas Cortes\u00eda de COS\u00a0<\/em><\/p>\n","protected":false},"author":11654,"featured_media":129158,"template":"","format":"standard","categories":[4],"acf":[],"yoast_head":"<!-- This site is optimized with the Yoast SEO Premium plugin v18.5 (Yoast SEO v20.4) - https:\/\/yoast.com\/wordpress\/plugins\/seo\/ -->\n<title>COS desfila en NYFW para mostrar su Fall\/Winter23<\/title>\n<meta name=\"description\" content=\"En el Manhattan Classic Car Club, disfrutamos de la nueva colecci\u00f3n de oto\u00f1o\/invierno que COS present\u00f3 durante el Fashion Week de Nueva York.\" \/>\n<meta name=\"robots\" content=\"index, follow, max-snippet:-1, max-image-preview:large, max-video-preview:-1\" \/>\n<link rel=\"canonical\" href=\"https:\/\/graziamagazine.com\/mx\/articles\/cos-desfila-en-nyfw-para-mostrar-su-fall-winter23\/\" \/>\n<meta property=\"og:locale\" content=\"es_MX\" \/>\n<meta property=\"og:type\" content=\"article\" \/>\n<meta property=\"og:title\" content=\"COS desfila en NYFW para mostrar su Fall\/Winter23\" \/>\n<meta property=\"og:description\" content=\"En el Manhattan Classic Car Club, disfrutamos de la nueva colecci\u00f3n de oto\u00f1o\/invierno que COS present\u00f3 durante el Fashion Week de Nueva York.\" \/>\n<meta property=\"og:url\" content=\"https:\/\/graziamagazine.com\/mx\/articles\/cos-desfila-en-nyfw-para-mostrar-su-fall-winter23\/\" \/>\n<meta property=\"og:site_name\" content=\"Grazia M\u00e9xico y Latinoam\u00e9rica\" \/>\n<meta property=\"article:modified_time\" content=\"2023-09-13T21:19:28+00:00\" \/>\n<meta name=\"twitter:card\" content=\"summary_large_image\" \/>\n<meta name=\"twitter:image\" content=\"https:\/\/graziamagazine.com\/mx\/wp-content\/uploads\/sites\/13\/2023\/09\/036-e1694639560950.jpg\" \/>\n<meta name=\"twitter:label1\" content=\"Est. reading time\" \/>\n\t<meta name=\"twitter:data1\" content=\"2 minutos\" \/>\n<script type=\"application\/ld+json\" class=\"yoast-schema-graph\">{\"@context\":\"https:\/\/schema.org\",\"@graph\":[{\"@type\":\"WebPage\",\"@id\":\"https:\/\/graziamagazine.com\/mx\/articles\/cos-desfila-en-nyfw-para-mostrar-su-fall-winter23\/\",\"url\":\"https:\/\/graziamagazine.com\/mx\/articles\/cos-desfila-en-nyfw-para-mostrar-su-fall-winter23\/\",\"name\":\"COS desfila en NYFW para mostrar su Fall\/Winter23\",\"isPartOf\":{\"@id\":\"https:\/\/graziamagazine.com\/mx\/#website\"},\"datePublished\":\"2023-09-13T20:57:40+00:00\",\"dateModified\":\"2023-09-13T21:19:28+00:00\",\"description\":\"En el Manhattan Classic Car Club, disfrutamos de la nueva colecci\u00f3n de oto\u00f1o\/invierno que COS present\u00f3 durante el Fashion Week de Nueva York.\",\"breadcrumb\":{\"@id\":\"https:\/\/graziamagazine.com\/mx\/articles\/cos-desfila-en-nyfw-para-mostrar-su-fall-winter23\/#breadcrumb\"},\"inLanguage\":\"es-MX\",\"potentialAction\":[{\"@type\":\"ReadAction\",\"target\":[\"https:\/\/graziamagazine.com\/mx\/articles\/cos-desfila-en-nyfw-para-mostrar-su-fall-winter23\/\"]}]},{\"@type\":\"BreadcrumbList\",\"@id\":\"https:\/\/graziamagazine.com\/mx\/articles\/cos-desfila-en-nyfw-para-mostrar-su-fall-winter23\/#breadcrumb\",\"itemListElement\":[{\"@type\":\"ListItem\",\"position\":1,\"name\":\"Home\",\"item\":\"https:\/\/graziamagazine.com\/mx\/\"},{\"@type\":\"ListItem\",\"position\":2,\"name\":\"COS desfila en NYFW para mostrar su Fall\/Winter23\"}]},{\"@type\":\"WebSite\",\"@id\":\"https:\/\/graziamagazine.com\/mx\/#website\",\"url\":\"https:\/\/graziamagazine.com\/mx\/\",\"name\":\"Grazia M\u00e9xico y Latinoam\u00e9rica\",\"description\":\"Grazia es moda, belleza y noticias  de actualidad \",\"potentialAction\":[{\"@type\":\"SearchAction\",\"target\":{\"@type\":\"EntryPoint\",\"urlTemplate\":\"https:\/\/graziamagazine.com\/mx\/?s={search_term_string}\"},\"query-input\":\"required name=search_term_string\"}],\"inLanguage\":\"es-MX\"}]}<\/script>\n<!-- \/ Yoast SEO Premium plugin. -->","yoast_head_json":{"title":"COS desfila en NYFW para mostrar su Fall\/Winter23","description":"En el Manhattan Classic Car Club, disfrutamos de la nueva colecci\u00f3n de oto\u00f1o\/invierno que COS present\u00f3 durante el Fashion Week de Nueva York.","robots":{"index":"index","follow":"follow","max-snippet":"max-snippet:-1","max-image-preview":"max-image-preview:large","max-video-preview":"max-video-preview:-1"},"canonical":"https:\/\/graziamagazine.com\/mx\/articles\/cos-desfila-en-nyfw-para-mostrar-su-fall-winter23\/","og_locale":"es_MX","og_type":"article","og_title":"COS desfila en NYFW para mostrar su Fall\/Winter23","og_description":"En el Manhattan Classic Car Club, disfrutamos de la nueva colecci\u00f3n de oto\u00f1o\/invierno que COS present\u00f3 durante el Fashion Week de Nueva York.","og_url":"https:\/\/graziamagazine.com\/mx\/articles\/cos-desfila-en-nyfw-para-mostrar-su-fall-winter23\/","og_site_name":"Grazia M\u00e9xico y Latinoam\u00e9rica","article_modified_time":"2023-09-13T21:19:28+00:00","twitter_card":"summary_large_image","twitter_image":"https:\/\/graziamagazine.com\/mx\/wp-content\/uploads\/sites\/13\/2023\/09\/036-e1694639560950.jpg","twitter_misc":{"Est. reading time":"2 minutos"},"schema":{"@context":"https:\/\/schema.org","@graph":[{"@type":"WebPage","@id":"https:\/\/graziamagazine.com\/mx\/articles\/cos-desfila-en-nyfw-para-mostrar-su-fall-winter23\/","url":"https:\/\/graziamagazine.com\/mx\/articles\/cos-desfila-en-nyfw-para-mostrar-su-fall-winter23\/","name":"COS desfila en NYFW para mostrar su Fall\/Winter23","isPartOf":{"@id":"https:\/\/graziamagazine.com\/mx\/#website"},"datePublished":"2023-09-13T20:57:40+00:00","dateModified":"2023-09-13T21:19:28+00:00","description":"En el Manhattan Classic Car Club, disfrutamos de la nueva colecci\u00f3n de oto\u00f1o\/invierno que COS present\u00f3 durante el Fashion Week de Nueva York.","breadcrumb":{"@id":"https:\/\/graziamagazine.com\/mx\/articles\/cos-desfila-en-nyfw-para-mostrar-su-fall-winter23\/#breadcrumb"},"inLanguage":"es-MX","potentialAction":[{"@type":"ReadAction","target":["https:\/\/graziamagazine.com\/mx\/articles\/cos-desfila-en-nyfw-para-mostrar-su-fall-winter23\/"]}]},{"@type":"BreadcrumbList","@id":"https:\/\/graziamagazine.com\/mx\/articles\/cos-desfila-en-nyfw-para-mostrar-su-fall-winter23\/#breadcrumb","itemListElement":[{"@type":"ListItem","position":1,"name":"Home","item":"https:\/\/graziamagazine.com\/mx\/"},{"@type":"ListItem","position":2,"name":"COS desfila en NYFW para mostrar su Fall\/Winter23"}]},{"@type":"WebSite","@id":"https:\/\/graziamagazine.com\/mx\/#website","url":"https:\/\/graziamagazine.com\/mx\/","name":"Grazia M\u00e9xico y Latinoam\u00e9rica","description":"Grazia es moda, belleza y noticias  de actualidad ","potentialAction":[{"@type":"SearchAction","target":{"@type":"EntryPoint","urlTemplate":"https:\/\/graziamagazine.com\/mx\/?s={search_term_string}"},"query-input":"required name=search_term_string"}],"inLanguage":"es-MX"}]}},"jetpack_sharing_enabled":true,"distributor_meta":false,"distributor_terms":false,"distributor_media":false,"distributor_original_site_name":"Grazia M\u00e9xico y Latinoam\u00e9rica","distributor_original_site_url":"https:\/\/graziamagazine.com\/mx","push-errors":false,"_links":{"self":[{"href":"https:\/\/graziamagazine.com\/mx\/wp-json\/wp\/v2\/articles\/129152"}],"collection":[{"href":"https:\/\/graziamagazine.com\/mx\/wp-json\/wp\/v2\/articles"}],"about":[{"href":"https:\/\/graziamagazine.com\/mx\/wp-json\/wp\/v2\/types\/articles"}],"author":[{"embeddable":true,"href":"https:\/\/graziamagazine.com\/mx\/wp-json\/wp\/v2\/users\/11654"}],"wp:featuredmedia":[{"embeddable":true,"href":"https:\/\/graziamagazine.com\/mx\/wp-json\/wp\/v2\/media\/129158"}],"wp:attachment":[{"href":"https:\/\/graziamagazine.com\/mx\/wp-json\/wp\/v2\/media?parent=129152"}],"wp:term":[{"taxonomy":"category","embeddable":true,"href":"https:\/\/graziamagazine.com\/mx\/wp-json\/wp\/v2\/categories?post=129152"}],"curies":[{"name":"wp","href":"https:\/\/api.w.org\/{rel}","templated":true}]}}