{"id":129040,"date":"2023-09-08T15:06:36","date_gmt":"2023-09-08T20:06:36","guid":{"rendered":"https:\/\/graziamagazine.com\/mx\/?post_type=articles&#038;p=129040"},"modified":"2023-09-08T15:29:53","modified_gmt":"2023-09-08T20:29:53","slug":"fuerte-y-saludable-aceite-de-bergamota-para-el-pelo","status":"publish","type":"articles","link":"https:\/\/graziamagazine.com\/mx\/articles\/fuerte-y-saludable-aceite-de-bergamota-para-el-pelo\/","title":{"rendered":"Fuerte y saludable: aceite de bergamota para el pelo"},"content":{"rendered":"<p><span style=\"font-weight: 400;\">Con el auge de la aromaterapia y sus maravillas comprobadas en los \u00faltimos a\u00f1os, no sorprende que los aceites esenciales se hayan convertido en un elemento que lleg\u00f3 para quedarse en la industria de la belleza.\u00a0<\/span><\/p>\n<p><span style=\"font-weight: 400;\">Uno de esos aceites proviene de un \u00e1rbol tropical del sur de Asia: bergamota. Tambi\u00e9n llamado<\/span><i><span style=\"font-weight: 400;\"> Citrus bergamia<\/span><\/i><span style=\"font-weight: 400;\"> se cultiva principalmente por su fruta, pero su aroma c\u00edtrico y especiado que levanta el \u00e1nimo y sus propiedades nutritivas la han convertido en un ingrediente muy buscado para la fabricaci\u00f3n de productos de cuidado personal, especialmente para el cuidado del cabello.<\/span><\/p>\n<p><img loading=\"lazy\" decoding=\"async\" class=\"alignnone size-medium wp-image-129043\" src=\"https:\/\/graziamagazine.com\/mx\/wp-content\/uploads\/sites\/13\/2023\/09\/Captura-de-Pantalla-2023-09-08-a-las-13.58.14.png?w=450\" alt=\"\" width=\"450\" height=\"293\" \/><\/p>\n<h3><strong>Beneficios del aceite de bergamota en el cabello<\/strong><\/h3>\n<p><strong>Promueve el crecimiento\u00a0<\/strong><\/p>\n<p><span style=\"font-weight: 400;\">Utilizado principalmente por sus propiedades estimulantes, el aceite de bergamota tambi\u00e9n se puede aplicar en el cuero cabelludo para revivir las ra\u00edces muertas y estimular el crecimiento del cabello. Los estimulantes naturales de la bergamota dirigen el flujo sangu\u00edneo al cuero cabelludo, asegurando el suministro adecuado de ox\u00edgeno y nutrientes a los fol\u00edculos pilosos. Como resultado, las fibras capilares se nutren y comienzan a crecer significativamente.<\/span><\/p>\n<p><strong>Cabello brilloso<\/strong><\/p>\n<p><span style=\"font-weight: 400;\">El cabello opaco y seco es un problema com\u00fan que afecta tanto a hombres como a mujeres. Los radicales libres est\u00e1n en todas partes y si nuestro cuerpo no tiene la protecci\u00f3n adecuada, seguramente experimentaremos los efectos.<\/span><\/p>\n<p><span style=\"font-weight: 400;\">El aceite de bergamota es rico en antioxidantes y antimicrobianos que ayudan a proteger el cabello y el cuero cabelludo contra los efectos da\u00f1inos del estr\u00e9s oxidativo. Los antioxidantes tambi\u00e9n eliminan la suciedad y los qu\u00edmicos que causan que el cabello se seque, dando como resultado un cabello m\u00e1s saludable y brillante.<\/span><\/p>\n<p><strong>Limpia el cuero cabelludo<\/strong><\/p>\n<p><span style=\"font-weight: 400;\">Todos esos qu\u00edmicos desagradables de los productos para el cuidado del cabello pueden acumularse en el cuero cabelludo, obstruyendo los poros e irritando el cuero cabelludo. Esto provoca varios problemas del cuero cabelludo como acn\u00e9 y eczema. Las propiedades antimicrobianas de la bergamota son efectivas para eliminar la acumulaci\u00f3n porque inhiben el crecimiento de bacterias antes de que causen una infecci\u00f3n.<\/span><\/p>\n<p><img loading=\"lazy\" decoding=\"async\" class=\"alignnone size-medium wp-image-129041\" src=\"https:\/\/graziamagazine.com\/mx\/wp-content\/uploads\/sites\/13\/2023\/09\/Captura-de-Pantalla-2023-09-08-a-las-13.59.04.png?w=450\" alt=\"\" width=\"450\" height=\"256\" \/><\/p>\n<p><strong>Acondiciona\u00a0<\/strong><\/p>\n<p><span style=\"font-weight: 400;\">Rica en \u00e1cidos grasos, la bergamota puede domar el cabello encrespado con sus propiedades acondicionadoras y antis\u00e9pticas. Debido a la acumulaci\u00f3n de silicona y productos qu\u00edmicos, el cabello puede secarse y ser propenso a sufrir da\u00f1os. La bergamota revierte esto al eliminar toda la acumulaci\u00f3n, permitiendo que las cut\u00edculas respiren y reciban la humedad que necesitan para que el cabello luzca hidratado y saludable.<\/span><\/p>\n<p><strong>Relaja el cuero cabelludo<\/strong><\/p>\n<p><span style=\"font-weight: 400;\">Quiz\u00e1s la caracter\u00edstica m\u00e1s notable de la bergamota sean sus propiedades calmantes. Cuando se usa en el cuero cabelludo, no solo estimula el flujo sangu\u00edneo sino que tambi\u00e9n induce efectos calmantes. Es por eso que el aceite de bergamota se usa a menudo en aromaterapia para reducir el estr\u00e9s, la ansiedad e incluso la presi\u00f3n arterial. Unas cuantas gotas de este maravilloso aceite calmar\u00e1n inmediatamente tu mente y tus sentidos.<\/span><\/p>\n","protected":false},"author":11628,"featured_media":129042,"template":"","format":"standard","categories":[3,15260],"acf":[],"yoast_head":"<!-- This site is optimized with the Yoast SEO Premium plugin v18.5 (Yoast SEO v20.4) - https:\/\/yoast.com\/wordpress\/plugins\/seo\/ -->\n<title>Fuerte y saludable: aceite de bergamota para el pelo | Grazia M\u00e9xico y Latinoam\u00e9rica<\/title>\n<meta name=\"description\" content=\"Con el auge de la aromaterapia y sus maravillas comprobadas en los \u00faltimos a\u00f1os, no sorprende que los aceites esenciales se hayan convertido en un\" \/>\n<meta name=\"robots\" content=\"index, follow, max-snippet:-1, max-image-preview:large, max-video-preview:-1\" \/>\n<link rel=\"canonical\" href=\"https:\/\/graziamagazine.com\/mx\/articles\/fuerte-y-saludable-aceite-de-bergamota-para-el-pelo\/\" \/>\n<meta property=\"og:locale\" content=\"es_MX\" \/>\n<meta property=\"og:type\" content=\"article\" \/>\n<meta property=\"og:title\" content=\"Fuerte y saludable: aceite de bergamota para el pelo\" \/>\n<meta property=\"og:description\" content=\"Con el auge de la aromaterapia y sus maravillas comprobadas en los \u00faltimos a\u00f1os, no sorprende que los aceites esenciales se hayan convertido en un\" \/>\n<meta property=\"og:url\" content=\"https:\/\/graziamagazine.com\/mx\/articles\/fuerte-y-saludable-aceite-de-bergamota-para-el-pelo\/\" \/>\n<meta property=\"og:site_name\" content=\"Grazia M\u00e9xico y Latinoam\u00e9rica\" \/>\n<meta property=\"article:modified_time\" content=\"2023-09-08T20:29:53+00:00\" \/>\n<meta property=\"og:image\" content=\"https:\/\/graziamagazine.com\/mx\/wp-content\/uploads\/sites\/13\/2023\/09\/Captura-de-Pantalla-2023-09-08-a-las-13.58.27.png\" \/>\n\t<meta property=\"og:image:width\" content=\"559\" \/>\n\t<meta property=\"og:image:height\" content=\"319\" \/>\n\t<meta property=\"og:image:type\" content=\"image\/png\" \/>\n<meta name=\"twitter:card\" content=\"summary_large_image\" \/>\n<meta name=\"twitter:label1\" content=\"Est. reading time\" \/>\n\t<meta name=\"twitter:data1\" content=\"3 minutos\" \/>\n<script type=\"application\/ld+json\" class=\"yoast-schema-graph\">{\"@context\":\"https:\/\/schema.org\",\"@graph\":[{\"@type\":\"WebPage\",\"@id\":\"https:\/\/graziamagazine.com\/mx\/articles\/fuerte-y-saludable-aceite-de-bergamota-para-el-pelo\/\",\"url\":\"https:\/\/graziamagazine.com\/mx\/articles\/fuerte-y-saludable-aceite-de-bergamota-para-el-pelo\/\",\"name\":\"Fuerte y saludable: aceite de bergamota para el pelo | Grazia M\u00e9xico y Latinoam\u00e9rica\",\"isPartOf\":{\"@id\":\"https:\/\/graziamagazine.com\/mx\/#website\"},\"datePublished\":\"2023-09-08T20:06:36+00:00\",\"dateModified\":\"2023-09-08T20:29:53+00:00\",\"description\":\"Con el auge de la aromaterapia y sus maravillas comprobadas en los \u00faltimos a\u00f1os, no sorprende que los aceites esenciales se hayan convertido en un\",\"breadcrumb\":{\"@id\":\"https:\/\/graziamagazine.com\/mx\/articles\/fuerte-y-saludable-aceite-de-bergamota-para-el-pelo\/#breadcrumb\"},\"inLanguage\":\"es-MX\",\"potentialAction\":[{\"@type\":\"ReadAction\",\"target\":[\"https:\/\/graziamagazine.com\/mx\/articles\/fuerte-y-saludable-aceite-de-bergamota-para-el-pelo\/\"]}]},{\"@type\":\"BreadcrumbList\",\"@id\":\"https:\/\/graziamagazine.com\/mx\/articles\/fuerte-y-saludable-aceite-de-bergamota-para-el-pelo\/#breadcrumb\",\"itemListElement\":[{\"@type\":\"ListItem\",\"position\":1,\"name\":\"Home\",\"item\":\"https:\/\/graziamagazine.com\/mx\/\"},{\"@type\":\"ListItem\",\"position\":2,\"name\":\"Fuerte y saludable: aceite de bergamota para el pelo\"}]},{\"@type\":\"WebSite\",\"@id\":\"https:\/\/graziamagazine.com\/mx\/#website\",\"url\":\"https:\/\/graziamagazine.com\/mx\/\",\"name\":\"Grazia M\u00e9xico y Latinoam\u00e9rica\",\"description\":\"Grazia es moda, belleza y noticias  de actualidad \",\"potentialAction\":[{\"@type\":\"SearchAction\",\"target\":{\"@type\":\"EntryPoint\",\"urlTemplate\":\"https:\/\/graziamagazine.com\/mx\/?s={search_term_string}\"},\"query-input\":\"required name=search_term_string\"}],\"inLanguage\":\"es-MX\"}]}<\/script>\n<!-- \/ Yoast SEO Premium plugin. -->","yoast_head_json":{"title":"Fuerte y saludable: aceite de bergamota para el pelo | Grazia M\u00e9xico y Latinoam\u00e9rica","description":"Con el auge de la aromaterapia y sus maravillas comprobadas en los \u00faltimos a\u00f1os, no sorprende que los aceites esenciales se hayan convertido en un","robots":{"index":"index","follow":"follow","max-snippet":"max-snippet:-1","max-image-preview":"max-image-preview:large","max-video-preview":"max-video-preview:-1"},"canonical":"https:\/\/graziamagazine.com\/mx\/articles\/fuerte-y-saludable-aceite-de-bergamota-para-el-pelo\/","og_locale":"es_MX","og_type":"article","og_title":"Fuerte y saludable: aceite de bergamota para el pelo","og_description":"Con el auge de la aromaterapia y sus maravillas comprobadas en los \u00faltimos a\u00f1os, no sorprende que los aceites esenciales se hayan convertido en un","og_url":"https:\/\/graziamagazine.com\/mx\/articles\/fuerte-y-saludable-aceite-de-bergamota-para-el-pelo\/","og_site_name":"Grazia M\u00e9xico y Latinoam\u00e9rica","article_modified_time":"2023-09-08T20:29:53+00:00","og_image":[{"width":559,"height":319,"url":"https:\/\/graziamagazine.com\/mx\/wp-content\/uploads\/sites\/13\/2023\/09\/Captura-de-Pantalla-2023-09-08-a-las-13.58.27.png","type":"image\/png"}],"twitter_card":"summary_large_image","twitter_misc":{"Est. reading time":"3 minutos"},"schema":{"@context":"https:\/\/schema.org","@graph":[{"@type":"WebPage","@id":"https:\/\/graziamagazine.com\/mx\/articles\/fuerte-y-saludable-aceite-de-bergamota-para-el-pelo\/","url":"https:\/\/graziamagazine.com\/mx\/articles\/fuerte-y-saludable-aceite-de-bergamota-para-el-pelo\/","name":"Fuerte y saludable: aceite de bergamota para el pelo | Grazia M\u00e9xico y Latinoam\u00e9rica","isPartOf":{"@id":"https:\/\/graziamagazine.com\/mx\/#website"},"datePublished":"2023-09-08T20:06:36+00:00","dateModified":"2023-09-08T20:29:53+00:00","description":"Con el auge de la aromaterapia y sus maravillas comprobadas en los \u00faltimos a\u00f1os, no sorprende que los aceites esenciales se hayan convertido en un","breadcrumb":{"@id":"https:\/\/graziamagazine.com\/mx\/articles\/fuerte-y-saludable-aceite-de-bergamota-para-el-pelo\/#breadcrumb"},"inLanguage":"es-MX","potentialAction":[{"@type":"ReadAction","target":["https:\/\/graziamagazine.com\/mx\/articles\/fuerte-y-saludable-aceite-de-bergamota-para-el-pelo\/"]}]},{"@type":"BreadcrumbList","@id":"https:\/\/graziamagazine.com\/mx\/articles\/fuerte-y-saludable-aceite-de-bergamota-para-el-pelo\/#breadcrumb","itemListElement":[{"@type":"ListItem","position":1,"name":"Home","item":"https:\/\/graziamagazine.com\/mx\/"},{"@type":"ListItem","position":2,"name":"Fuerte y saludable: aceite de bergamota para el pelo"}]},{"@type":"WebSite","@id":"https:\/\/graziamagazine.com\/mx\/#website","url":"https:\/\/graziamagazine.com\/mx\/","name":"Grazia M\u00e9xico y Latinoam\u00e9rica","description":"Grazia es moda, belleza y noticias  de actualidad ","potentialAction":[{"@type":"SearchAction","target":{"@type":"EntryPoint","urlTemplate":"https:\/\/graziamagazine.com\/mx\/?s={search_term_string}"},"query-input":"required name=search_term_string"}],"inLanguage":"es-MX"}]}},"jetpack_sharing_enabled":true,"distributor_meta":false,"distributor_terms":false,"distributor_media":false,"distributor_original_site_name":"Grazia M\u00e9xico y Latinoam\u00e9rica","distributor_original_site_url":"https:\/\/graziamagazine.com\/mx","push-errors":false,"_links":{"self":[{"href":"https:\/\/graziamagazine.com\/mx\/wp-json\/wp\/v2\/articles\/129040"}],"collection":[{"href":"https:\/\/graziamagazine.com\/mx\/wp-json\/wp\/v2\/articles"}],"about":[{"href":"https:\/\/graziamagazine.com\/mx\/wp-json\/wp\/v2\/types\/articles"}],"author":[{"embeddable":true,"href":"https:\/\/graziamagazine.com\/mx\/wp-json\/wp\/v2\/users\/11628"}],"wp:featuredmedia":[{"embeddable":true,"href":"https:\/\/graziamagazine.com\/mx\/wp-json\/wp\/v2\/media\/129042"}],"wp:attachment":[{"href":"https:\/\/graziamagazine.com\/mx\/wp-json\/wp\/v2\/media?parent=129040"}],"wp:term":[{"taxonomy":"category","embeddable":true,"href":"https:\/\/graziamagazine.com\/mx\/wp-json\/wp\/v2\/categories?post=129040"}],"curies":[{"name":"wp","href":"https:\/\/api.w.org\/{rel}","templated":true}]}}