{"id":128952,"date":"2023-09-07T10:26:13","date_gmt":"2023-09-07T15:26:13","guid":{"rendered":"https:\/\/graziamagazine.com\/mx\/?post_type=articles&#038;p=128952"},"modified":"2023-09-07T10:26:13","modified_gmt":"2023-09-07T15:26:13","slug":"tratamientos-para-recuperar-el-cabello-danado-tras-el-verano","status":"publish","type":"articles","link":"https:\/\/graziamagazine.com\/mx\/articles\/tratamientos-para-recuperar-el-cabello-danado-tras-el-verano\/","title":{"rendered":"Tratamientos para recuperar el cabello da\u00f1ado tras el verano"},"content":{"rendered":"<p>La vuelta del verano y el fin de las vacaciones supone compensar los excesos para superar la rentr\u00e9e con \u00e9xito ya que, tanto la piel como el cabello, han sufrido mucho en estos \u00faltimos meses. El sol, las altas temperaturas, el calor y el salitre son algunos de los agentes externos que act\u00faan perjudicialmente sobre nuestra melena.<\/p>\n<p>Tras el vacaciones, el cabello luce deshidratado y sin brillo, por eso es necesario recuperar el pelo fuerte, sano y luminoso que ten\u00edas antes del verano. Adem\u00e1s, si el pelo est\u00e1 te\u00f1ido o con mechas, es habitual que el color haya alterado su tono, volvi\u00e9ndose m\u00e1s verdosos o anaranjados, seg\u00fan la base del color original.<\/p>\n<p>Tanto en tu sal\u00f3n de confianza como en casa, hay ciertos productos y tratamientos con los que conseguir\u00e1s recuperar el pelo como si las vacaciones no hubieran tra\u00eddo consigo estos efectos negativos en tu melena.<\/p>\n<h3 class=\"x_MsoNoSpacing\"><strong>Tratamiento Reparaci\u00f3n de la Fibra Capilar<\/strong><\/h3>\n<p class=\"x_MsoNoSpacing\">De cara al regreso de las vacaciones y los \u00faltimos compases del verano,\u00a0<a href=\"https:\/\/www.llongueras.com\/\" target=\"_blank\" rel=\"noopener noreferrer\" data-auth=\"NotApplicable\" data-linkindex=\"1\" target=\"_blank\">Llongueras<\/a>\u00a0propone el Tratamiento<em>\u00a0<\/em>Ultimate<em>\u00a0<\/em>Repair<em>\u00a0\u2018Reparaci\u00f3n de la fibra capilar\u2018,\u00a0<\/em>un proceso que combina la \u00faltima tecnolog\u00eda de la gama de productos de Wella con las manos de los mejores estilistas del sector. Con \u00e9l se consigue<em>\u00a0<\/em>reconstruir el cabello desde dentro dot\u00e1ndolo de fuerza por fuera. Un tratamiento reparador del cabello que ayuda a revertir el da\u00f1o capilar\u00a0en 90 segundos.<\/p>\n<p>Esta gama de cuatro productos desintoxica y reconstruye el cabello da\u00f1ado por el calor, los rayos solares o la decoloraci\u00f3n, dej\u00e1ndolo con un aspecto saludable, brillante y suave. El tratamiento Ultimate Repair est\u00e1 dise\u00f1ado para todo tipo de cabellos y texturas, desde los m\u00e1s finos hasta los m\u00e1s gruesos, lisos, ondulados rizados o en espiral y, adem\u00e1s, protege el color del cabello.<\/p>\n<p><img loading=\"lazy\" decoding=\"async\" class=\"aligncenter size-full wp-image-172163\" src=\"https:\/\/graziamagazine.com\/es\/wp-content\/uploads\/sites\/12\/2023\/09\/ultimate-repair-wella.jpg?resize=1024%2C887\" sizes=\"(max-width: 1000px) 100vw, 1000px\" srcset=\"https:\/\/graziamagazine.com\/es\/wp-content\/uploads\/sites\/12\/2023\/09\/ultimate-repair-wella.jpg?resize=1024%2C887?w=1600 1600w, https:\/\/graziamagazine.com\/es\/wp-content\/uploads\/sites\/12\/2023\/09\/ultimate-repair-wella.jpg?resize=1024%2C887?w=300 300w, https:\/\/graziamagazine.com\/es\/wp-content\/uploads\/sites\/12\/2023\/09\/ultimate-repair-wella.jpg?resize=1024%2C887?w=768 768w, https:\/\/graziamagazine.com\/es\/wp-content\/uploads\/sites\/12\/2023\/09\/ultimate-repair-wella.jpg?resize=1024%2C887?w=1024 1024w, https:\/\/graziamagazine.com\/es\/wp-content\/uploads\/sites\/12\/2023\/09\/ultimate-repair-wella.jpg?resize=1024%2C887?w=1536 1536w, https:\/\/graziamagazine.com\/es\/wp-content\/uploads\/sites\/12\/2023\/09\/ultimate-repair-wella.jpg?resize=1024%2C887?w=400 400w, https:\/\/graziamagazine.com\/es\/wp-content\/uploads\/sites\/12\/2023\/09\/ultimate-repair-wella.jpg?resize=1024%2C887?w=155 155w\" alt=\"\" width=\"1024\" height=\"887\" data-recalc-dims=\"1\" \/><\/p>\n<div class=\"x_ed-block x_ed-block-eeb20dd5-c87c-44d5-94f6-8ba9716035d6\">\n<p class=\"x_MsoNoSpacing\">Uno de sus secretos es la combinaci\u00f3n de dos ingredientes perfectos para el cuidado del cabello. Uno de ellos es el Alpha-Hydroxy-Acid (AHA), un \u00e1cido org\u00e1nico que es lo suficientemente peque\u00f1o como para penetrar la fibra capilar en el nivel m\u00e1s profundo y act\u00faa reconstruyendo los enlaces de hidr\u00f3geno en la corteza para lograr un cabello fuerte. Por otro lado, el Omega-9, un l\u00edpido dirigido al exterior de la fibra capilar que recubre la superficie y rellena la cut\u00edcula para recrear una barrera protectora.<\/p>\n<p class=\"x_MsoNoSpacing\">La primera sesi\u00f3n se debe de realizar de la mano de los profesionales, luego puedes adquirir los productos en los salones de belleza y realizar el mantenimiento en casa.<\/p>\n<h3><strong>Con estos productos puedes recuperar la salud de tu pelo en casa<\/strong><\/h3>\n<p>Aunque los tratamientos de peluquer\u00eda ofrecen un servicio profesional esencial para recuperar la salud de nuestra fibra capilar, estos no logran milagros. Para obtener los mejores resultados, deber\u00e1s continuar el tratamiento en casa con productos de calidad que har\u00e1n que tu melenaza luzca incre\u00edble durante mucho tiempo.<\/p>\n<p>Con manteca de Murumuru, la mascarilla de<a href=\"https:\/\/refstockholm.com\/\" target=\"_blank\" rel=\"noopener noreferrer\" data-auth=\"NotApplicable\" data-linkindex=\"3\" target=\"_blank\">\u00a0Ref Stockholm<\/a>\u00a0ayuda a proteger y acondicionar el cabello para preservar su fuerza natural. Est\u00e1 formulado para el pelo seco, da\u00f1ado y tratado qu\u00edmicamente que necesita una dosis extra de hidrataci\u00f3n para recuperar su vitalidad.<\/p>\n<p><img loading=\"lazy\" decoding=\"async\" class=\"aligncenter size-full wp-image-172164\" src=\"https:\/\/graziamagazine.com\/es\/wp-content\/uploads\/sites\/12\/2023\/09\/REF_Stockholm_ultimate_repair_masque_1.jpeg?resize=1024%2C416\" sizes=\"(max-width: 1000px) 100vw, 1000px\" srcset=\"https:\/\/graziamagazine.com\/es\/wp-content\/uploads\/sites\/12\/2023\/09\/REF_Stockholm_ultimate_repair_masque_1.jpeg?resize=1024%2C416?w=6430 6430w, https:\/\/graziamagazine.com\/es\/wp-content\/uploads\/sites\/12\/2023\/09\/REF_Stockholm_ultimate_repair_masque_1.jpeg?resize=1024%2C416?w=300 300w, https:\/\/graziamagazine.com\/es\/wp-content\/uploads\/sites\/12\/2023\/09\/REF_Stockholm_ultimate_repair_masque_1.jpeg?resize=1024%2C416?w=768 768w, https:\/\/graziamagazine.com\/es\/wp-content\/uploads\/sites\/12\/2023\/09\/REF_Stockholm_ultimate_repair_masque_1.jpeg?resize=1024%2C416?w=1024 1024w, https:\/\/graziamagazine.com\/es\/wp-content\/uploads\/sites\/12\/2023\/09\/REF_Stockholm_ultimate_repair_masque_1.jpeg?resize=1024%2C416?w=1536 1536w, https:\/\/graziamagazine.com\/es\/wp-content\/uploads\/sites\/12\/2023\/09\/REF_Stockholm_ultimate_repair_masque_1.jpeg?resize=1024%2C416?w=2048 2048w, https:\/\/graziamagazine.com\/es\/wp-content\/uploads\/sites\/12\/2023\/09\/REF_Stockholm_ultimate_repair_masque_1.jpeg?resize=1024%2C416?w=400 400w, https:\/\/graziamagazine.com\/es\/wp-content\/uploads\/sites\/12\/2023\/09\/REF_Stockholm_ultimate_repair_masque_1.jpeg?resize=1024%2C416?w=155 155w, https:\/\/graziamagazine.com\/es\/wp-content\/uploads\/sites\/12\/2023\/09\/REF_Stockholm_ultimate_repair_masque_1.jpeg?resize=1024%2C416?w=3000 3000w\" alt=\"\" width=\"1024\" height=\"416\" data-recalc-dims=\"1\" \/><\/p>\n<div class=\"x_ed-block x_ed-block-75fff3dc-4aa2-400c-8a40-9acdcf5b3d4c\">Illuminate Colour de REF Stockholm est\u00e1 especialmente indicado para los cabellos te\u00f1idos o con mechas, sin sulfatos y formulado con extractos bot\u00e1nicos como el aceite de jojoba o de a\u00e7ai para proteger, fortalecer y aportarle luminosidad al cabello. Una formulaci\u00f3n \u00fanica que contiene nutrientes para preservar y revitalizar el color natural o el te\u00f1ido.<\/div>\n<div><img loading=\"lazy\" decoding=\"async\" class=\"aligncenter size-full wp-image-172165\" src=\"https:\/\/graziamagazine.com\/es\/wp-content\/uploads\/sites\/12\/2023\/09\/REF_Stockholm_Illuminate_Colour_Shampoo_285ml_1_1_1.jpeg?resize=1024%2C1156\" sizes=\"(max-width: 1000px) 100vw, 1000px\" srcset=\"https:\/\/graziamagazine.com\/es\/wp-content\/uploads\/sites\/12\/2023\/09\/REF_Stockholm_Illuminate_Colour_Shampoo_285ml_1_1_1.jpeg?resize=1024%2C1156?w=4900 4900w, https:\/\/graziamagazine.com\/es\/wp-content\/uploads\/sites\/12\/2023\/09\/REF_Stockholm_Illuminate_Colour_Shampoo_285ml_1_1_1.jpeg?resize=1024%2C1156?w=266 266w, https:\/\/graziamagazine.com\/es\/wp-content\/uploads\/sites\/12\/2023\/09\/REF_Stockholm_Illuminate_Colour_Shampoo_285ml_1_1_1.jpeg?resize=1024%2C1156?w=768 768w, https:\/\/graziamagazine.com\/es\/wp-content\/uploads\/sites\/12\/2023\/09\/REF_Stockholm_Illuminate_Colour_Shampoo_285ml_1_1_1.jpeg?resize=1024%2C1156?w=907 907w, https:\/\/graziamagazine.com\/es\/wp-content\/uploads\/sites\/12\/2023\/09\/REF_Stockholm_Illuminate_Colour_Shampoo_285ml_1_1_1.jpeg?resize=1024%2C1156?w=1360 1360w, https:\/\/graziamagazine.com\/es\/wp-content\/uploads\/sites\/12\/2023\/09\/REF_Stockholm_Illuminate_Colour_Shampoo_285ml_1_1_1.jpeg?resize=1024%2C1156?w=1813 1813w, https:\/\/graziamagazine.com\/es\/wp-content\/uploads\/sites\/12\/2023\/09\/REF_Stockholm_Illuminate_Colour_Shampoo_285ml_1_1_1.jpeg?resize=1024%2C1156?w=400 400w, https:\/\/graziamagazine.com\/es\/wp-content\/uploads\/sites\/12\/2023\/09\/REF_Stockholm_Illuminate_Colour_Shampoo_285ml_1_1_1.jpeg?resize=1024%2C1156?w=155 155w, https:\/\/graziamagazine.com\/es\/wp-content\/uploads\/sites\/12\/2023\/09\/REF_Stockholm_Illuminate_Colour_Shampoo_285ml_1_1_1.jpeg?resize=1024%2C1156?w=2000 2000w, https:\/\/graziamagazine.com\/es\/wp-content\/uploads\/sites\/12\/2023\/09\/REF_Stockholm_Illuminate_Colour_Shampoo_285ml_1_1_1.jpeg?resize=1024%2C1156?w=3000 3000w\" alt=\"\" width=\"1024\" height=\"1156\" data-recalc-dims=\"1\" \/><\/div>\n<p>Un champ\u00fa formulado para cabellos secos, deshidratados y quebradizos, sin volumen ni flexibilidad que necesitan recuperar la salud. Soin Hydratant repara y fortalece la fibra en profundidad aportando brillo, flexibilidad, suavidad y mejorando la elasticidad de las fibras capilares. Adem\u00e1s, reduce la piel seca y las escamas del cuero cabelludo sellando la hidrataci\u00f3n en el coraz\u00f3n de la fibra.<\/p>\n<p><img loading=\"lazy\" decoding=\"async\" class=\"aligncenter size-full wp-image-172166\" src=\"https:\/\/graziamagazine.com\/es\/wp-content\/uploads\/sites\/12\/2023\/09\/Franck_Provost_SOIN_HYDRATANT_150ML.jpeg?resize=1024%2C759\" sizes=\"(max-width: 1000px) 100vw, 1000px\" srcset=\"https:\/\/graziamagazine.com\/es\/wp-content\/uploads\/sites\/12\/2023\/09\/Franck_Provost_SOIN_HYDRATANT_150ML.jpeg?resize=1024%2C759?w=5363 5363w, https:\/\/graziamagazine.com\/es\/wp-content\/uploads\/sites\/12\/2023\/09\/Franck_Provost_SOIN_HYDRATANT_150ML.jpeg?resize=1024%2C759?w=300 300w, https:\/\/graziamagazine.com\/es\/wp-content\/uploads\/sites\/12\/2023\/09\/Franck_Provost_SOIN_HYDRATANT_150ML.jpeg?resize=1024%2C759?w=768 768w, https:\/\/graziamagazine.com\/es\/wp-content\/uploads\/sites\/12\/2023\/09\/Franck_Provost_SOIN_HYDRATANT_150ML.jpeg?resize=1024%2C759?w=1024 1024w, https:\/\/graziamagazine.com\/es\/wp-content\/uploads\/sites\/12\/2023\/09\/Franck_Provost_SOIN_HYDRATANT_150ML.jpeg?resize=1024%2C759?w=1536 1536w, https:\/\/graziamagazine.com\/es\/wp-content\/uploads\/sites\/12\/2023\/09\/Franck_Provost_SOIN_HYDRATANT_150ML.jpeg?resize=1024%2C759?w=2048 2048w, https:\/\/graziamagazine.com\/es\/wp-content\/uploads\/sites\/12\/2023\/09\/Franck_Provost_SOIN_HYDRATANT_150ML.jpeg?resize=1024%2C759?w=400 400w, https:\/\/graziamagazine.com\/es\/wp-content\/uploads\/sites\/12\/2023\/09\/Franck_Provost_SOIN_HYDRATANT_150ML.jpeg?resize=1024%2C759?w=155 155w, https:\/\/graziamagazine.com\/es\/wp-content\/uploads\/sites\/12\/2023\/09\/Franck_Provost_SOIN_HYDRATANT_150ML.jpeg?resize=1024%2C759?w=3000 3000w\" alt=\"\" width=\"1024\" height=\"759\" data-recalc-dims=\"1\" \/><\/p>\n<\/div>\n<p>Adem\u00e1s de champ\u00fas o tratamientos, el cabello se enfrenta continuamente a numerosas agresiones externas que resecan la fibra capilar y da\u00f1an la salud del cabello, por eso la bruma de tratamiento de\u00a0<a href=\"https:\/\/franckprovost.es\/\" target=\"_blank\" rel=\"noopener noreferrer\" data-auth=\"NotApplicable\" data-linkindex=\"6\" target=\"_blank\">Franck Provost<\/a>\u00a0act\u00faa como protector. Compuesto por aceite de marula y a\u00e7a\u00ef, hidrata y fortalece el cabello, protege la fibra previniendo da\u00f1os, nutre el cabello da\u00f1ado, aporta brillo y mejora su elasticidad.<\/p>\n<p><img loading=\"lazy\" decoding=\"async\" class=\"aligncenter size-full wp-image-172167\" src=\"https:\/\/graziamagazine.com\/es\/wp-content\/uploads\/sites\/12\/2023\/09\/Franck_Provost_BRUME_DE_SOIN_200ML.jpeg?resize=1024%2C797\" sizes=\"(max-width: 1000px) 100vw, 1000px\" srcset=\"https:\/\/graziamagazine.com\/es\/wp-content\/uploads\/sites\/12\/2023\/09\/Franck_Provost_BRUME_DE_SOIN_200ML.jpeg?resize=1024%2C797?w=5412 5412w, https:\/\/graziamagazine.com\/es\/wp-content\/uploads\/sites\/12\/2023\/09\/Franck_Provost_BRUME_DE_SOIN_200ML.jpeg?resize=1024%2C797?w=300 300w, https:\/\/graziamagazine.com\/es\/wp-content\/uploads\/sites\/12\/2023\/09\/Franck_Provost_BRUME_DE_SOIN_200ML.jpeg?resize=1024%2C797?w=768 768w, https:\/\/graziamagazine.com\/es\/wp-content\/uploads\/sites\/12\/2023\/09\/Franck_Provost_BRUME_DE_SOIN_200ML.jpeg?resize=1024%2C797?w=1024 1024w, https:\/\/graziamagazine.com\/es\/wp-content\/uploads\/sites\/12\/2023\/09\/Franck_Provost_BRUME_DE_SOIN_200ML.jpeg?resize=1024%2C797?w=1536 1536w, https:\/\/graziamagazine.com\/es\/wp-content\/uploads\/sites\/12\/2023\/09\/Franck_Provost_BRUME_DE_SOIN_200ML.jpeg?resize=1024%2C797?w=2048 2048w, https:\/\/graziamagazine.com\/es\/wp-content\/uploads\/sites\/12\/2023\/09\/Franck_Provost_BRUME_DE_SOIN_200ML.jpeg?resize=1024%2C797?w=400 400w, https:\/\/graziamagazine.com\/es\/wp-content\/uploads\/sites\/12\/2023\/09\/Franck_Provost_BRUME_DE_SOIN_200ML.jpeg?resize=1024%2C797?w=155 155w, https:\/\/graziamagazine.com\/es\/wp-content\/uploads\/sites\/12\/2023\/09\/Franck_Provost_BRUME_DE_SOIN_200ML.jpeg?resize=1024%2C797?w=3000 3000w\" alt=\"\" width=\"1024\" height=\"797\" data-recalc-dims=\"1\" \/><\/p>\n<p>Esta vuelta al cole no tendr\u00e1s excusa para no lucir un pelo sano, cuidado y brillante despu\u00e9s del verano.<\/p>\n<p><em>*Im\u00e1genes: cortes\u00eda<\/em><\/p>\n<div class=\"x_ed-block x_ed-block-eeb20dd5-c87c-44d5-94f6-8ba9716035d6\">\n<div><\/div>\n<\/div>\n","protected":false},"author":11653,"featured_media":128953,"template":"","format":"standard","categories":[13101],"acf":[],"yoast_head":"<!-- This site is optimized with the Yoast SEO Premium plugin v18.5 (Yoast SEO v20.4) - https:\/\/yoast.com\/wordpress\/plugins\/seo\/ -->\n<title>Tratamientos para recuperar el cabello da\u00f1ado tras el verano<\/title>\n<meta name=\"description\" content=\"El pelo tambi\u00e9n sufre los efectos del calor o el salitre del mar y septiembre es el momento ideal para realizar una puesta a punto.\" \/>\n<meta name=\"robots\" content=\"index, follow, max-snippet:-1, max-image-preview:large, max-video-preview:-1\" \/>\n<link rel=\"canonical\" href=\"https:\/\/graziamagazine.com\/mx\/articles\/tratamientos-para-recuperar-el-cabello-danado-tras-el-verano\/\" \/>\n<meta property=\"og:locale\" content=\"es_MX\" \/>\n<meta property=\"og:type\" content=\"article\" \/>\n<meta property=\"og:title\" content=\"Tratamientos para recuperar el cabello da\u00f1ado tras el verano\" \/>\n<meta property=\"og:description\" content=\"El pelo tambi\u00e9n sufre los efectos del calor o el salitre del mar y septiembre es el momento ideal para realizar una puesta a punto.\" \/>\n<meta property=\"og:url\" content=\"https:\/\/graziamagazine.com\/mx\/articles\/tratamientos-para-recuperar-el-cabello-danado-tras-el-verano\/\" \/>\n<meta property=\"og:site_name\" content=\"Grazia M\u00e9xico y Latinoam\u00e9rica\" \/>\n<meta property=\"og:image\" content=\"https:\/\/graziamagazine.com\/mx\/wp-content\/uploads\/sites\/13\/2023\/09\/10354_HidratacinCabello.jpg\" \/>\n\t<meta property=\"og:image:width\" content=\"1280\" \/>\n\t<meta property=\"og:image:height\" content=\"720\" \/>\n\t<meta property=\"og:image:type\" content=\"image\/jpeg\" \/>\n<meta name=\"twitter:card\" content=\"summary_large_image\" \/>\n<meta name=\"twitter:label1\" content=\"Est. reading time\" \/>\n\t<meta name=\"twitter:data1\" content=\"5 minutos\" \/>\n<script type=\"application\/ld+json\" class=\"yoast-schema-graph\">{\"@context\":\"https:\/\/schema.org\",\"@graph\":[{\"@type\":\"WebPage\",\"@id\":\"https:\/\/graziamagazine.com\/mx\/articles\/tratamientos-para-recuperar-el-cabello-danado-tras-el-verano\/\",\"url\":\"https:\/\/graziamagazine.com\/mx\/articles\/tratamientos-para-recuperar-el-cabello-danado-tras-el-verano\/\",\"name\":\"Tratamientos para recuperar el cabello da\u00f1ado tras el verano\",\"isPartOf\":{\"@id\":\"https:\/\/graziamagazine.com\/mx\/#website\"},\"datePublished\":\"2023-09-07T15:26:13+00:00\",\"dateModified\":\"2023-09-07T15:26:13+00:00\",\"description\":\"El pelo tambi\u00e9n sufre los efectos del calor o el salitre del mar y septiembre es el momento ideal para realizar una puesta a punto.\",\"breadcrumb\":{\"@id\":\"https:\/\/graziamagazine.com\/mx\/articles\/tratamientos-para-recuperar-el-cabello-danado-tras-el-verano\/#breadcrumb\"},\"inLanguage\":\"es-MX\",\"potentialAction\":[{\"@type\":\"ReadAction\",\"target\":[\"https:\/\/graziamagazine.com\/mx\/articles\/tratamientos-para-recuperar-el-cabello-danado-tras-el-verano\/\"]}]},{\"@type\":\"BreadcrumbList\",\"@id\":\"https:\/\/graziamagazine.com\/mx\/articles\/tratamientos-para-recuperar-el-cabello-danado-tras-el-verano\/#breadcrumb\",\"itemListElement\":[{\"@type\":\"ListItem\",\"position\":1,\"name\":\"Home\",\"item\":\"https:\/\/graziamagazine.com\/mx\/\"},{\"@type\":\"ListItem\",\"position\":2,\"name\":\"Tratamientos para recuperar el cabello da\u00f1ado tras el verano\"}]},{\"@type\":\"WebSite\",\"@id\":\"https:\/\/graziamagazine.com\/mx\/#website\",\"url\":\"https:\/\/graziamagazine.com\/mx\/\",\"name\":\"Grazia M\u00e9xico y Latinoam\u00e9rica\",\"description\":\"Grazia es moda, belleza y noticias  de actualidad \",\"potentialAction\":[{\"@type\":\"SearchAction\",\"target\":{\"@type\":\"EntryPoint\",\"urlTemplate\":\"https:\/\/graziamagazine.com\/mx\/?s={search_term_string}\"},\"query-input\":\"required name=search_term_string\"}],\"inLanguage\":\"es-MX\"}]}<\/script>\n<!-- \/ Yoast SEO Premium plugin. -->","yoast_head_json":{"title":"Tratamientos para recuperar el cabello da\u00f1ado tras el verano","description":"El pelo tambi\u00e9n sufre los efectos del calor o el salitre del mar y septiembre es el momento ideal para realizar una puesta a punto.","robots":{"index":"index","follow":"follow","max-snippet":"max-snippet:-1","max-image-preview":"max-image-preview:large","max-video-preview":"max-video-preview:-1"},"canonical":"https:\/\/graziamagazine.com\/mx\/articles\/tratamientos-para-recuperar-el-cabello-danado-tras-el-verano\/","og_locale":"es_MX","og_type":"article","og_title":"Tratamientos para recuperar el cabello da\u00f1ado tras el verano","og_description":"El pelo tambi\u00e9n sufre los efectos del calor o el salitre del mar y septiembre es el momento ideal para realizar una puesta a punto.","og_url":"https:\/\/graziamagazine.com\/mx\/articles\/tratamientos-para-recuperar-el-cabello-danado-tras-el-verano\/","og_site_name":"Grazia M\u00e9xico y Latinoam\u00e9rica","og_image":[{"width":1280,"height":720,"url":"https:\/\/graziamagazine.com\/mx\/wp-content\/uploads\/sites\/13\/2023\/09\/10354_HidratacinCabello.jpg","type":"image\/jpeg"}],"twitter_card":"summary_large_image","twitter_misc":{"Est. reading time":"5 minutos"},"schema":{"@context":"https:\/\/schema.org","@graph":[{"@type":"WebPage","@id":"https:\/\/graziamagazine.com\/mx\/articles\/tratamientos-para-recuperar-el-cabello-danado-tras-el-verano\/","url":"https:\/\/graziamagazine.com\/mx\/articles\/tratamientos-para-recuperar-el-cabello-danado-tras-el-verano\/","name":"Tratamientos para recuperar el cabello da\u00f1ado tras el verano","isPartOf":{"@id":"https:\/\/graziamagazine.com\/mx\/#website"},"datePublished":"2023-09-07T15:26:13+00:00","dateModified":"2023-09-07T15:26:13+00:00","description":"El pelo tambi\u00e9n sufre los efectos del calor o el salitre del mar y septiembre es el momento ideal para realizar una puesta a punto.","breadcrumb":{"@id":"https:\/\/graziamagazine.com\/mx\/articles\/tratamientos-para-recuperar-el-cabello-danado-tras-el-verano\/#breadcrumb"},"inLanguage":"es-MX","potentialAction":[{"@type":"ReadAction","target":["https:\/\/graziamagazine.com\/mx\/articles\/tratamientos-para-recuperar-el-cabello-danado-tras-el-verano\/"]}]},{"@type":"BreadcrumbList","@id":"https:\/\/graziamagazine.com\/mx\/articles\/tratamientos-para-recuperar-el-cabello-danado-tras-el-verano\/#breadcrumb","itemListElement":[{"@type":"ListItem","position":1,"name":"Home","item":"https:\/\/graziamagazine.com\/mx\/"},{"@type":"ListItem","position":2,"name":"Tratamientos para recuperar el cabello da\u00f1ado tras el verano"}]},{"@type":"WebSite","@id":"https:\/\/graziamagazine.com\/mx\/#website","url":"https:\/\/graziamagazine.com\/mx\/","name":"Grazia M\u00e9xico y Latinoam\u00e9rica","description":"Grazia es moda, belleza y noticias  de actualidad ","potentialAction":[{"@type":"SearchAction","target":{"@type":"EntryPoint","urlTemplate":"https:\/\/graziamagazine.com\/mx\/?s={search_term_string}"},"query-input":"required name=search_term_string"}],"inLanguage":"es-MX"}]}},"jetpack_sharing_enabled":true,"distributor_meta":false,"distributor_terms":false,"distributor_media":false,"distributor_original_site_name":"Grazia M\u00e9xico y Latinoam\u00e9rica","distributor_original_site_url":"https:\/\/graziamagazine.com\/mx","push-errors":false,"_links":{"self":[{"href":"https:\/\/graziamagazine.com\/mx\/wp-json\/wp\/v2\/articles\/128952"}],"collection":[{"href":"https:\/\/graziamagazine.com\/mx\/wp-json\/wp\/v2\/articles"}],"about":[{"href":"https:\/\/graziamagazine.com\/mx\/wp-json\/wp\/v2\/types\/articles"}],"author":[{"embeddable":true,"href":"https:\/\/graziamagazine.com\/mx\/wp-json\/wp\/v2\/users\/11653"}],"wp:featuredmedia":[{"embeddable":true,"href":"https:\/\/graziamagazine.com\/mx\/wp-json\/wp\/v2\/media\/128953"}],"wp:attachment":[{"href":"https:\/\/graziamagazine.com\/mx\/wp-json\/wp\/v2\/media?parent=128952"}],"wp:term":[{"taxonomy":"category","embeddable":true,"href":"https:\/\/graziamagazine.com\/mx\/wp-json\/wp\/v2\/categories?post=128952"}],"curies":[{"name":"wp","href":"https:\/\/api.w.org\/{rel}","templated":true}]}}