{"id":128938,"date":"2023-09-06T18:11:16","date_gmt":"2023-09-06T23:11:16","guid":{"rendered":"https:\/\/graziamagazine.com\/mx\/?post_type=articles&#038;p=128938"},"modified":"2023-09-06T18:52:51","modified_gmt":"2023-09-06T23:52:51","slug":"todo-lo-que-debes-saber-de-ferrari-la-cinta-protagonizada-por-adam-driver-y-penelope-cruz-sobre-la-vida-de-enzo-ferrari","status":"publish","type":"articles","link":"https:\/\/graziamagazine.com\/mx\/articles\/todo-lo-que-debes-saber-de-ferrari-la-cinta-protagonizada-por-adam-driver-y-penelope-cruz-sobre-la-vida-de-enzo-ferrari\/","title":{"rendered":"Todo lo que debes saber de \u2018Ferrari\u2019, la cinta protagonizada por Adam Driver y Pen\u00e9lope Cruz sobre la vida de Enzo Ferrari"},"content":{"rendered":"<p><span style=\"font-weight: 400;\">La nueva pel\u00edcula protagonizada por <strong>Adam Driver y Pen\u00e9lope Cruz,<em> Ferrari<\/em>,<\/strong> est\u00e1 causando grandes expectativas entre los fan\u00e1ticos del cine y los de las carreras de autos a gran velocidad.<\/span><\/p>\n<p><span style=\"font-weight: 400;\">La cinta que se estrenar\u00e1 en los cines el<strong> 25 de diciembre<\/strong>, tuvo su gran debut el 31 de agosto en el Festival Internacional de Cine de Venecia, siendo bien recibida por la audiencia, que regres\u00f3 una ovaci\u00f3n de pie de 6 minutos.<\/span><\/p>\n<p><span style=\"font-weight: 400;\">Basada en la biograf\u00eda \u201c<em>Enzo Ferrari: El hombre y la m\u00e1quina<\/em>\u201d de Brock Yates, la pel\u00edcula dirigida por <strong>Michael Mann<\/strong> se desarrolla durante el verano de 1957 cuando el corredor y empresario del mismo nombre (Driver) debe superar amenazas de bancarrota, divorcio y la muerte de su hijo para salvar su negocio, por lo que Ferrari apuesta todo en la Milla Miglia, una carrera de 1,000 millas por Italia.\u00a0<\/span><\/p>\n<p><span style=\"font-weight: 400;\">Adem\u00e1s de Driver como Enzo Ferrari y de Cruz como su esposa, <strong>Laura Ferrari, el reparto incluye a Pen\u00e9lope Cruz, Shailene Woodley, Gabriel Leone, Sarah Gadon, Jack O\u2019Connell, Patrick Dempsey y Giuseppe Bonifati.\u00a0<\/strong><\/span><\/p>\n<p><span style=\"font-weight: 400;\">\u00bfLista para ver el primer <em>trailer<\/em> de esta producci\u00f3n?<\/span><\/p>\n<p><iframe loading=\"lazy\" title=\"FERRARI - Official Teaser Trailer - In Theaters Christmas\" width=\"500\" height=\"281\" src=\"https:\/\/www.youtube.com\/embed\/KZHxT2yb2cE?feature=oembed\" frameborder=\"0\" allow=\"accelerometer; autoplay; clipboard-write; encrypted-media; gyroscope; picture-in-picture; web-share\" allowfullscreen><\/iframe><\/p>\n","protected":false},"author":11628,"featured_media":128939,"template":"","format":"standard","categories":[12832],"acf":[],"yoast_head":"<!-- This site is optimized with the Yoast SEO Premium plugin v18.5 (Yoast SEO v20.4) - https:\/\/yoast.com\/wordpress\/plugins\/seo\/ -->\n<title>Todo lo que debes saber de \u2018Ferrari\u2019, la cinta protagonizada por Adam Driver y Pen\u00e9lope Cruz sobre la vida de Enzo Ferrari | Grazia M\u00e9xico y Latinoam\u00e9rica<\/title>\n<meta name=\"description\" content=\"La nueva pel\u00edcula protagonizada por Adam Driver y Pen\u00e9lope Cruz, Ferrari, est\u00e1 causando grandes expectativas entre los fan\u00e1ticos del cine y los de las\" \/>\n<meta name=\"robots\" content=\"index, follow, max-snippet:-1, max-image-preview:large, max-video-preview:-1\" \/>\n<link rel=\"canonical\" href=\"https:\/\/graziamagazine.com\/mx\/articles\/todo-lo-que-debes-saber-de-ferrari-la-cinta-protagonizada-por-adam-driver-y-penelope-cruz-sobre-la-vida-de-enzo-ferrari\/\" \/>\n<meta property=\"og:locale\" content=\"es_MX\" \/>\n<meta property=\"og:type\" content=\"article\" \/>\n<meta property=\"og:title\" content=\"Todo lo que debes saber de \u2018Ferrari\u2019, la cinta protagonizada por Adam Driver y Pen\u00e9lope Cruz sobre la vida de Enzo Ferrari\" \/>\n<meta property=\"og:description\" content=\"La nueva pel\u00edcula protagonizada por Adam Driver y Pen\u00e9lope Cruz, Ferrari, est\u00e1 causando grandes expectativas entre los fan\u00e1ticos del cine y los de las\" \/>\n<meta property=\"og:url\" content=\"https:\/\/graziamagazine.com\/mx\/articles\/todo-lo-que-debes-saber-de-ferrari-la-cinta-protagonizada-por-adam-driver-y-penelope-cruz-sobre-la-vida-de-enzo-ferrari\/\" \/>\n<meta property=\"og:site_name\" content=\"Grazia M\u00e9xico y Latinoam\u00e9rica\" \/>\n<meta property=\"article:modified_time\" content=\"2023-09-06T23:52:51+00:00\" \/>\n<meta property=\"og:image\" content=\"https:\/\/graziamagazine.com\/mx\/wp-content\/uploads\/sites\/13\/2023\/09\/Captura-de-Pantalla-2023-09-06-a-las-17.10.30.png\" \/>\n\t<meta property=\"og:image:width\" content=\"525\" \/>\n\t<meta property=\"og:image:height\" content=\"327\" \/>\n\t<meta property=\"og:image:type\" content=\"image\/png\" \/>\n<meta name=\"twitter:card\" content=\"summary_large_image\" \/>\n<meta name=\"twitter:label1\" content=\"Est. reading time\" \/>\n\t<meta name=\"twitter:data1\" content=\"1 minuto\" \/>\n<script type=\"application\/ld+json\" class=\"yoast-schema-graph\">{\"@context\":\"https:\/\/schema.org\",\"@graph\":[{\"@type\":\"WebPage\",\"@id\":\"https:\/\/graziamagazine.com\/mx\/articles\/todo-lo-que-debes-saber-de-ferrari-la-cinta-protagonizada-por-adam-driver-y-penelope-cruz-sobre-la-vida-de-enzo-ferrari\/\",\"url\":\"https:\/\/graziamagazine.com\/mx\/articles\/todo-lo-que-debes-saber-de-ferrari-la-cinta-protagonizada-por-adam-driver-y-penelope-cruz-sobre-la-vida-de-enzo-ferrari\/\",\"name\":\"Todo lo que debes saber de \u2018Ferrari\u2019, la cinta protagonizada por Adam Driver y Pen\u00e9lope Cruz sobre la vida de Enzo Ferrari | Grazia M\u00e9xico y Latinoam\u00e9rica\",\"isPartOf\":{\"@id\":\"https:\/\/graziamagazine.com\/mx\/#website\"},\"datePublished\":\"2023-09-06T23:11:16+00:00\",\"dateModified\":\"2023-09-06T23:52:51+00:00\",\"description\":\"La nueva pel\u00edcula protagonizada por Adam Driver y Pen\u00e9lope Cruz, Ferrari, est\u00e1 causando grandes expectativas entre los fan\u00e1ticos del cine y los de las\",\"breadcrumb\":{\"@id\":\"https:\/\/graziamagazine.com\/mx\/articles\/todo-lo-que-debes-saber-de-ferrari-la-cinta-protagonizada-por-adam-driver-y-penelope-cruz-sobre-la-vida-de-enzo-ferrari\/#breadcrumb\"},\"inLanguage\":\"es-MX\",\"potentialAction\":[{\"@type\":\"ReadAction\",\"target\":[\"https:\/\/graziamagazine.com\/mx\/articles\/todo-lo-que-debes-saber-de-ferrari-la-cinta-protagonizada-por-adam-driver-y-penelope-cruz-sobre-la-vida-de-enzo-ferrari\/\"]}]},{\"@type\":\"BreadcrumbList\",\"@id\":\"https:\/\/graziamagazine.com\/mx\/articles\/todo-lo-que-debes-saber-de-ferrari-la-cinta-protagonizada-por-adam-driver-y-penelope-cruz-sobre-la-vida-de-enzo-ferrari\/#breadcrumb\",\"itemListElement\":[{\"@type\":\"ListItem\",\"position\":1,\"name\":\"Home\",\"item\":\"https:\/\/graziamagazine.com\/mx\/\"},{\"@type\":\"ListItem\",\"position\":2,\"name\":\"Todo lo que debes saber de \u2018Ferrari\u2019, la cinta protagonizada por Adam Driver y Pen\u00e9lope Cruz sobre la vida de Enzo Ferrari\"}]},{\"@type\":\"WebSite\",\"@id\":\"https:\/\/graziamagazine.com\/mx\/#website\",\"url\":\"https:\/\/graziamagazine.com\/mx\/\",\"name\":\"Grazia M\u00e9xico y Latinoam\u00e9rica\",\"description\":\"Grazia es moda, belleza y noticias  de actualidad \",\"potentialAction\":[{\"@type\":\"SearchAction\",\"target\":{\"@type\":\"EntryPoint\",\"urlTemplate\":\"https:\/\/graziamagazine.com\/mx\/?s={search_term_string}\"},\"query-input\":\"required name=search_term_string\"}],\"inLanguage\":\"es-MX\"}]}<\/script>\n<!-- \/ Yoast SEO Premium plugin. -->","yoast_head_json":{"title":"Todo lo que debes saber de \u2018Ferrari\u2019, la cinta protagonizada por Adam Driver y Pen\u00e9lope Cruz sobre la vida de Enzo Ferrari | Grazia M\u00e9xico y Latinoam\u00e9rica","description":"La nueva pel\u00edcula protagonizada por Adam Driver y Pen\u00e9lope Cruz, Ferrari, est\u00e1 causando grandes expectativas entre los fan\u00e1ticos del cine y los de las","robots":{"index":"index","follow":"follow","max-snippet":"max-snippet:-1","max-image-preview":"max-image-preview:large","max-video-preview":"max-video-preview:-1"},"canonical":"https:\/\/graziamagazine.com\/mx\/articles\/todo-lo-que-debes-saber-de-ferrari-la-cinta-protagonizada-por-adam-driver-y-penelope-cruz-sobre-la-vida-de-enzo-ferrari\/","og_locale":"es_MX","og_type":"article","og_title":"Todo lo que debes saber de \u2018Ferrari\u2019, la cinta protagonizada por Adam Driver y Pen\u00e9lope Cruz sobre la vida de Enzo Ferrari","og_description":"La nueva pel\u00edcula protagonizada por Adam Driver y Pen\u00e9lope Cruz, Ferrari, est\u00e1 causando grandes expectativas entre los fan\u00e1ticos del cine y los de las","og_url":"https:\/\/graziamagazine.com\/mx\/articles\/todo-lo-que-debes-saber-de-ferrari-la-cinta-protagonizada-por-adam-driver-y-penelope-cruz-sobre-la-vida-de-enzo-ferrari\/","og_site_name":"Grazia M\u00e9xico y Latinoam\u00e9rica","article_modified_time":"2023-09-06T23:52:51+00:00","og_image":[{"width":525,"height":327,"url":"https:\/\/graziamagazine.com\/mx\/wp-content\/uploads\/sites\/13\/2023\/09\/Captura-de-Pantalla-2023-09-06-a-las-17.10.30.png","type":"image\/png"}],"twitter_card":"summary_large_image","twitter_misc":{"Est. reading time":"1 minuto"},"schema":{"@context":"https:\/\/schema.org","@graph":[{"@type":"WebPage","@id":"https:\/\/graziamagazine.com\/mx\/articles\/todo-lo-que-debes-saber-de-ferrari-la-cinta-protagonizada-por-adam-driver-y-penelope-cruz-sobre-la-vida-de-enzo-ferrari\/","url":"https:\/\/graziamagazine.com\/mx\/articles\/todo-lo-que-debes-saber-de-ferrari-la-cinta-protagonizada-por-adam-driver-y-penelope-cruz-sobre-la-vida-de-enzo-ferrari\/","name":"Todo lo que debes saber de \u2018Ferrari\u2019, la cinta protagonizada por Adam Driver y Pen\u00e9lope Cruz sobre la vida de Enzo Ferrari | Grazia M\u00e9xico y Latinoam\u00e9rica","isPartOf":{"@id":"https:\/\/graziamagazine.com\/mx\/#website"},"datePublished":"2023-09-06T23:11:16+00:00","dateModified":"2023-09-06T23:52:51+00:00","description":"La nueva pel\u00edcula protagonizada por Adam Driver y Pen\u00e9lope Cruz, Ferrari, est\u00e1 causando grandes expectativas entre los fan\u00e1ticos del cine y los de las","breadcrumb":{"@id":"https:\/\/graziamagazine.com\/mx\/articles\/todo-lo-que-debes-saber-de-ferrari-la-cinta-protagonizada-por-adam-driver-y-penelope-cruz-sobre-la-vida-de-enzo-ferrari\/#breadcrumb"},"inLanguage":"es-MX","potentialAction":[{"@type":"ReadAction","target":["https:\/\/graziamagazine.com\/mx\/articles\/todo-lo-que-debes-saber-de-ferrari-la-cinta-protagonizada-por-adam-driver-y-penelope-cruz-sobre-la-vida-de-enzo-ferrari\/"]}]},{"@type":"BreadcrumbList","@id":"https:\/\/graziamagazine.com\/mx\/articles\/todo-lo-que-debes-saber-de-ferrari-la-cinta-protagonizada-por-adam-driver-y-penelope-cruz-sobre-la-vida-de-enzo-ferrari\/#breadcrumb","itemListElement":[{"@type":"ListItem","position":1,"name":"Home","item":"https:\/\/graziamagazine.com\/mx\/"},{"@type":"ListItem","position":2,"name":"Todo lo que debes saber de \u2018Ferrari\u2019, la cinta protagonizada por Adam Driver y Pen\u00e9lope Cruz sobre la vida de Enzo Ferrari"}]},{"@type":"WebSite","@id":"https:\/\/graziamagazine.com\/mx\/#website","url":"https:\/\/graziamagazine.com\/mx\/","name":"Grazia M\u00e9xico y Latinoam\u00e9rica","description":"Grazia es moda, belleza y noticias  de actualidad ","potentialAction":[{"@type":"SearchAction","target":{"@type":"EntryPoint","urlTemplate":"https:\/\/graziamagazine.com\/mx\/?s={search_term_string}"},"query-input":"required name=search_term_string"}],"inLanguage":"es-MX"}]}},"jetpack_sharing_enabled":true,"distributor_meta":false,"distributor_terms":false,"distributor_media":false,"distributor_original_site_name":"Grazia M\u00e9xico y Latinoam\u00e9rica","distributor_original_site_url":"https:\/\/graziamagazine.com\/mx","push-errors":false,"_links":{"self":[{"href":"https:\/\/graziamagazine.com\/mx\/wp-json\/wp\/v2\/articles\/128938"}],"collection":[{"href":"https:\/\/graziamagazine.com\/mx\/wp-json\/wp\/v2\/articles"}],"about":[{"href":"https:\/\/graziamagazine.com\/mx\/wp-json\/wp\/v2\/types\/articles"}],"author":[{"embeddable":true,"href":"https:\/\/graziamagazine.com\/mx\/wp-json\/wp\/v2\/users\/11628"}],"wp:featuredmedia":[{"embeddable":true,"href":"https:\/\/graziamagazine.com\/mx\/wp-json\/wp\/v2\/media\/128939"}],"wp:attachment":[{"href":"https:\/\/graziamagazine.com\/mx\/wp-json\/wp\/v2\/media?parent=128938"}],"wp:term":[{"taxonomy":"category","embeddable":true,"href":"https:\/\/graziamagazine.com\/mx\/wp-json\/wp\/v2\/categories?post=128938"}],"curies":[{"name":"wp","href":"https:\/\/api.w.org\/{rel}","templated":true}]}}