{"id":128804,"date":"2023-09-01T19:16:47","date_gmt":"2023-09-02T00:16:47","guid":{"rendered":"https:\/\/graziamagazine.com\/mx\/?post_type=articles&#038;p=128804"},"modified":"2023-09-01T20:38:31","modified_gmt":"2023-09-02T01:38:31","slug":"asi-reacciona-christian-nodal-primer-episodio-one-piece","status":"publish","type":"articles","link":"https:\/\/graziamagazine.com\/mx\/articles\/asi-reacciona-christian-nodal-primer-episodio-one-piece\/","title":{"rendered":"As\u00ed reacciona Christian Nodal al primer episodio de One Piece"},"content":{"rendered":"<p><b>Christian Nodal<\/b><span style=\"font-weight: 400;\"> fue invitado por <\/span><b>Netflix<\/b><span style=\"font-weight: 400;\"> a ver el primer episodio de su serie favorita <\/span><b><i>One Piece<\/i><\/b><span style=\"font-weight: 400;\">, <\/span><i><span style=\"font-weight: 400;\">Live Action<\/span><\/i><span style=\"font-weight: 400;\">, y su reacci\u00f3n ante cada una de las escenas revela lo emocionado que estaba.\u00a0<\/span><\/p>\n<figure id=\"attachment_128805\" aria-describedby=\"caption-attachment-128805\" style=\"width: 450px\" class=\"wp-caption alignnone\"><img loading=\"lazy\" decoding=\"async\" class=\"size-medium wp-image-128805\" src=\"https:\/\/graziamagazine.com\/mx\/wp-content\/uploads\/sites\/13\/2023\/09\/WhatsApp-Image-2023-09-01-at-18.19.33.jpeg?w=450\" alt=\"\" width=\"450\" height=\"430\" \/><figcaption id=\"caption-attachment-128805\" class=\"wp-caption-text\">Instagram<\/figcaption><\/figure>\n<p><span style=\"font-weight: 400;\">\u201cGracias Mr. Oda por aventarse esta obra maestra, por estar detr\u00e1s de esta adaptaci\u00f3n y que quedara tan perfecto\u201d, expres\u00f3 el artista.<\/span><\/p>\n<p><span style=\"font-weight: 400;\">La legendaria historia cuenta con la participaci\u00f3n de grandes actores como <\/span><b>I\u00f1aky Godoy<\/b><span style=\"font-weight: 400;\">, quien interpreta a <\/span><b>Monkey D. Luffy<\/b><span style=\"font-weight: 400;\">, <\/span><b>Mackenyu<\/b><span style=\"font-weight: 400;\"> como<\/span><b> Roronoa Zoro<\/b><span style=\"font-weight: 400;\">, <\/span><b>Emily Rudd<\/b><span style=\"font-weight: 400;\"> como <\/span><b>Naomi<\/b><span style=\"font-weight: 400;\">, <\/span><b>Jacob Romero<\/b><span style=\"font-weight: 400;\"> como <\/span><b>Usopp<\/b><span style=\"font-weight: 400;\">, y <\/span><b>Taz Skylar<\/b><span style=\"font-weight: 400;\"> como <\/span><b>Sanji<\/b><span style=\"font-weight: 400;\">.<\/span><\/p>\n<figure id=\"attachment_128777\" aria-describedby=\"caption-attachment-128777\" style=\"width: 450px\" class=\"wp-caption alignnone\"><img loading=\"lazy\" decoding=\"async\" class=\"size-medium wp-image-128777\" src=\"https:\/\/graziamagazine.com\/mx\/wp-content\/uploads\/sites\/13\/2023\/09\/Captura-de-Pantalla-2023-09-01-a-las-11.40.58.png?w=450\" alt=\"\" width=\"450\" height=\"225\" \/><figcaption id=\"caption-attachment-128777\" class=\"wp-caption-text\">Netflix<\/figcaption><\/figure>\n<p><i><span style=\"font-weight: 400;\">One Piece<\/span><\/i><span style=\"font-weight: 400;\"> es una serie de manga que narra una aventura en altamar, donde Monkey D. Luffy es un joven aventurero que sale de su pueblito en b\u00fasqueda de un tesoro m\u00edtico llamado <\/span><i><span style=\"font-weight: 400;\">One Piece<\/span><\/i><span style=\"font-weight: 400;\">, y poder convertirse en el rey de los piratas.<\/span><\/p>\n<figure id=\"attachment_128774\" aria-describedby=\"caption-attachment-128774\" style=\"width: 450px\" class=\"wp-caption alignnone\"><img loading=\"lazy\" decoding=\"async\" class=\"size-medium wp-image-128774\" src=\"https:\/\/graziamagazine.com\/mx\/wp-content\/uploads\/sites\/13\/2023\/09\/Captura-de-Pantalla-2023-09-01-a-las-11.39.57.png?w=450\" alt=\"\" width=\"450\" height=\"223\" \/><figcaption id=\"caption-attachment-128774\" class=\"wp-caption-text\">Netflix<\/figcaption><\/figure>\n<p><span style=\"font-weight: 400;\">La producci\u00f3n fue creada en colaboraci\u00f3n con <\/span><b>Sh\u016beisha<\/b><span style=\"font-weight: 400;\">, una editorial japonesa, y producida por <\/span><b>Tomorrow Studios<\/b><span style=\"font-weight: 400;\"> y Netflix. El gui\u00f3n fue realizado por <\/span><b>Matt Owens<\/b><span style=\"font-weight: 400;\"> y <\/span><b>Steven Maeda<\/b><span style=\"font-weight: 400;\">, quienes tambi\u00e9n son los productores ejecutivos junto a <\/span><b>Eiichir\u014d Oda<\/b><span style=\"font-weight: 400;\">, <\/span><b>Marty Adelstein<\/b><span style=\"font-weight: 400;\"> y <\/span><b>Becky Clements<\/b><span style=\"font-weight: 400;\">.<\/span><\/p>\n<p><span style=\"font-weight: 400;\">\u201c\u00a1Es incre\u00edble pensar que esta adaptaci\u00f3n con actores de carne y hueso fue concebida hace siete a\u00f1os! \u00bfC\u00f3mo cobrar\u00e1 vida este mundo? El esfuerzo ha sido descomunal. El elenco, el equipo de vestuario, y todos los que han trabajado en el dise\u00f1o de este universo\u201d, comparti\u00f3 Eiichir\u014d Oda, mangaka japon\u00e9s, en una carta a los fans de la serie.<\/span><\/p>\n<figure id=\"attachment_128776\" aria-describedby=\"caption-attachment-128776\" style=\"width: 450px\" class=\"wp-caption alignnone\"><img loading=\"lazy\" decoding=\"async\" class=\"size-medium wp-image-128776\" src=\"https:\/\/graziamagazine.com\/mx\/wp-content\/uploads\/sites\/13\/2023\/09\/Captura-de-Pantalla-2023-09-01-a-las-11.40.33.png?w=450\" alt=\"\" width=\"450\" height=\"301\" \/><figcaption id=\"caption-attachment-128776\" class=\"wp-caption-text\">Netflix<\/figcaption><\/figure>\n<p><span style=\"font-weight: 400;\">Christian Nodal no s\u00f3lo es un cantautor mexicano que ha logrado conquistar el coraz\u00f3n de su p\u00fablico con su fusi\u00f3n musical entre el mariachi y norte\u00f1o, sino que tambi\u00e9n es gran fan de <\/span><i><span style=\"font-weight: 400;\">One Piece<\/span><\/i><span style=\"font-weight: 400;\"> desde que ten\u00eda 17 a\u00f1os, y lo ha demostrado con un tatuaje que lleva en su rostro inspirado en Roronoa Zoro, su personaje favorito.<\/span><\/p>\n<figure id=\"attachment_128806\" aria-describedby=\"caption-attachment-128806\" style=\"width: 369px\" class=\"wp-caption alignnone\"><img loading=\"lazy\" decoding=\"async\" class=\"size-medium wp-image-128806\" src=\"https:\/\/graziamagazine.com\/mx\/wp-content\/uploads\/sites\/13\/2023\/09\/WhatsApp-Image-2023-09-01-at-18.19.34.jpeg?w=369\" alt=\"\" width=\"369\" height=\"450\" \/><figcaption id=\"caption-attachment-128806\" class=\"wp-caption-text\">Instagram<\/figcaption><\/figure>\n<p><span style=\"font-weight: 400;\">\u201cLa historia se dividir\u00e1 en ocho episodios \u00a1Y nos llevar\u00e1 a ya saben d\u00f3nde!, agreg\u00f3.<\/span><\/p>\n<p><span style=\"font-weight: 400;\">\u00bfQu\u00e9 esperas para disfrutar del primer episodio que ya est\u00e1 disponible en Netflix desde el 31 de agosto?<\/span><\/p>\n","protected":false},"author":36289,"featured_media":128806,"template":"","format":"standard","categories":[2],"acf":[],"yoast_head":"<!-- This site is optimized with the Yoast SEO Premium plugin v18.5 (Yoast SEO v20.4) - https:\/\/yoast.com\/wordpress\/plugins\/seo\/ -->\n<title>As\u00ed reacciona Christian Nodal al primer episodio de One Piece | Grazia M\u00e9xico y Latinoam\u00e9rica<\/title>\n<meta name=\"description\" content=\"Christian Nodal fue invitado por Netflix a ver el primer episodio de su serie favorita One Piece, Live Action, y su reacci\u00f3n ante cada una de las escenas\" \/>\n<meta name=\"robots\" content=\"index, follow, max-snippet:-1, max-image-preview:large, max-video-preview:-1\" \/>\n<link rel=\"canonical\" href=\"https:\/\/graziamagazine.com\/mx\/articles\/asi-reacciona-christian-nodal-primer-episodio-one-piece\/\" \/>\n<meta property=\"og:locale\" content=\"es_MX\" \/>\n<meta property=\"og:type\" content=\"article\" \/>\n<meta property=\"og:title\" content=\"As\u00ed reacciona Christian Nodal al primer episodio de One Piece\" \/>\n<meta property=\"og:description\" content=\"Christian Nodal fue invitado por Netflix a ver el primer episodio de su serie favorita One Piece, Live Action, y su reacci\u00f3n ante cada una de las escenas\" \/>\n<meta property=\"og:url\" content=\"https:\/\/graziamagazine.com\/mx\/articles\/asi-reacciona-christian-nodal-primer-episodio-one-piece\/\" \/>\n<meta property=\"og:site_name\" content=\"Grazia M\u00e9xico y Latinoam\u00e9rica\" \/>\n<meta property=\"article:modified_time\" content=\"2023-09-02T01:38:31+00:00\" \/>\n<meta property=\"og:image\" content=\"https:\/\/graziamagazine.com\/mx\/wp-content\/uploads\/sites\/13\/2023\/09\/WhatsApp-Image-2023-09-01-at-18.19.34-e1693614295167.jpeg\" \/>\n\t<meta property=\"og:image:width\" content=\"1125\" \/>\n\t<meta property=\"og:image:height\" content=\"720\" \/>\n\t<meta property=\"og:image:type\" content=\"image\/jpeg\" \/>\n<meta name=\"twitter:card\" content=\"summary_large_image\" \/>\n<meta name=\"twitter:label1\" content=\"Est. reading time\" \/>\n\t<meta name=\"twitter:data1\" content=\"3 minutos\" \/>\n<script type=\"application\/ld+json\" class=\"yoast-schema-graph\">{\"@context\":\"https:\/\/schema.org\",\"@graph\":[{\"@type\":\"WebPage\",\"@id\":\"https:\/\/graziamagazine.com\/mx\/articles\/asi-reacciona-christian-nodal-primer-episodio-one-piece\/\",\"url\":\"https:\/\/graziamagazine.com\/mx\/articles\/asi-reacciona-christian-nodal-primer-episodio-one-piece\/\",\"name\":\"As\u00ed reacciona Christian Nodal al primer episodio de One Piece | Grazia M\u00e9xico y Latinoam\u00e9rica\",\"isPartOf\":{\"@id\":\"https:\/\/graziamagazine.com\/mx\/#website\"},\"datePublished\":\"2023-09-02T00:16:47+00:00\",\"dateModified\":\"2023-09-02T01:38:31+00:00\",\"description\":\"Christian Nodal fue invitado por Netflix a ver el primer episodio de su serie favorita One Piece, Live Action, y su reacci\u00f3n ante cada una de las escenas\",\"breadcrumb\":{\"@id\":\"https:\/\/graziamagazine.com\/mx\/articles\/asi-reacciona-christian-nodal-primer-episodio-one-piece\/#breadcrumb\"},\"inLanguage\":\"es-MX\",\"potentialAction\":[{\"@type\":\"ReadAction\",\"target\":[\"https:\/\/graziamagazine.com\/mx\/articles\/asi-reacciona-christian-nodal-primer-episodio-one-piece\/\"]}]},{\"@type\":\"BreadcrumbList\",\"@id\":\"https:\/\/graziamagazine.com\/mx\/articles\/asi-reacciona-christian-nodal-primer-episodio-one-piece\/#breadcrumb\",\"itemListElement\":[{\"@type\":\"ListItem\",\"position\":1,\"name\":\"Home\",\"item\":\"https:\/\/graziamagazine.com\/mx\/\"},{\"@type\":\"ListItem\",\"position\":2,\"name\":\"As\u00ed reacciona Christian Nodal al primer episodio de One Piece\"}]},{\"@type\":\"WebSite\",\"@id\":\"https:\/\/graziamagazine.com\/mx\/#website\",\"url\":\"https:\/\/graziamagazine.com\/mx\/\",\"name\":\"Grazia M\u00e9xico y Latinoam\u00e9rica\",\"description\":\"Grazia es moda, belleza y noticias  de actualidad \",\"potentialAction\":[{\"@type\":\"SearchAction\",\"target\":{\"@type\":\"EntryPoint\",\"urlTemplate\":\"https:\/\/graziamagazine.com\/mx\/?s={search_term_string}\"},\"query-input\":\"required name=search_term_string\"}],\"inLanguage\":\"es-MX\"}]}<\/script>\n<!-- \/ Yoast SEO Premium plugin. -->","yoast_head_json":{"title":"As\u00ed reacciona Christian Nodal al primer episodio de One Piece | Grazia M\u00e9xico y Latinoam\u00e9rica","description":"Christian Nodal fue invitado por Netflix a ver el primer episodio de su serie favorita One Piece, Live Action, y su reacci\u00f3n ante cada una de las escenas","robots":{"index":"index","follow":"follow","max-snippet":"max-snippet:-1","max-image-preview":"max-image-preview:large","max-video-preview":"max-video-preview:-1"},"canonical":"https:\/\/graziamagazine.com\/mx\/articles\/asi-reacciona-christian-nodal-primer-episodio-one-piece\/","og_locale":"es_MX","og_type":"article","og_title":"As\u00ed reacciona Christian Nodal al primer episodio de One Piece","og_description":"Christian Nodal fue invitado por Netflix a ver el primer episodio de su serie favorita One Piece, Live Action, y su reacci\u00f3n ante cada una de las escenas","og_url":"https:\/\/graziamagazine.com\/mx\/articles\/asi-reacciona-christian-nodal-primer-episodio-one-piece\/","og_site_name":"Grazia M\u00e9xico y Latinoam\u00e9rica","article_modified_time":"2023-09-02T01:38:31+00:00","og_image":[{"width":1125,"height":720,"url":"https:\/\/graziamagazine.com\/mx\/wp-content\/uploads\/sites\/13\/2023\/09\/WhatsApp-Image-2023-09-01-at-18.19.34-e1693614295167.jpeg","type":"image\/jpeg"}],"twitter_card":"summary_large_image","twitter_misc":{"Est. reading time":"3 minutos"},"schema":{"@context":"https:\/\/schema.org","@graph":[{"@type":"WebPage","@id":"https:\/\/graziamagazine.com\/mx\/articles\/asi-reacciona-christian-nodal-primer-episodio-one-piece\/","url":"https:\/\/graziamagazine.com\/mx\/articles\/asi-reacciona-christian-nodal-primer-episodio-one-piece\/","name":"As\u00ed reacciona Christian Nodal al primer episodio de One Piece | Grazia M\u00e9xico y Latinoam\u00e9rica","isPartOf":{"@id":"https:\/\/graziamagazine.com\/mx\/#website"},"datePublished":"2023-09-02T00:16:47+00:00","dateModified":"2023-09-02T01:38:31+00:00","description":"Christian Nodal fue invitado por Netflix a ver el primer episodio de su serie favorita One Piece, Live Action, y su reacci\u00f3n ante cada una de las escenas","breadcrumb":{"@id":"https:\/\/graziamagazine.com\/mx\/articles\/asi-reacciona-christian-nodal-primer-episodio-one-piece\/#breadcrumb"},"inLanguage":"es-MX","potentialAction":[{"@type":"ReadAction","target":["https:\/\/graziamagazine.com\/mx\/articles\/asi-reacciona-christian-nodal-primer-episodio-one-piece\/"]}]},{"@type":"BreadcrumbList","@id":"https:\/\/graziamagazine.com\/mx\/articles\/asi-reacciona-christian-nodal-primer-episodio-one-piece\/#breadcrumb","itemListElement":[{"@type":"ListItem","position":1,"name":"Home","item":"https:\/\/graziamagazine.com\/mx\/"},{"@type":"ListItem","position":2,"name":"As\u00ed reacciona Christian Nodal al primer episodio de One Piece"}]},{"@type":"WebSite","@id":"https:\/\/graziamagazine.com\/mx\/#website","url":"https:\/\/graziamagazine.com\/mx\/","name":"Grazia M\u00e9xico y Latinoam\u00e9rica","description":"Grazia es moda, belleza y noticias  de actualidad ","potentialAction":[{"@type":"SearchAction","target":{"@type":"EntryPoint","urlTemplate":"https:\/\/graziamagazine.com\/mx\/?s={search_term_string}"},"query-input":"required name=search_term_string"}],"inLanguage":"es-MX"}]}},"jetpack_sharing_enabled":true,"distributor_meta":false,"distributor_terms":false,"distributor_media":false,"distributor_original_site_name":"Grazia M\u00e9xico y Latinoam\u00e9rica","distributor_original_site_url":"https:\/\/graziamagazine.com\/mx","push-errors":false,"_links":{"self":[{"href":"https:\/\/graziamagazine.com\/mx\/wp-json\/wp\/v2\/articles\/128804"}],"collection":[{"href":"https:\/\/graziamagazine.com\/mx\/wp-json\/wp\/v2\/articles"}],"about":[{"href":"https:\/\/graziamagazine.com\/mx\/wp-json\/wp\/v2\/types\/articles"}],"author":[{"embeddable":true,"href":"https:\/\/graziamagazine.com\/mx\/wp-json\/wp\/v2\/users\/36289"}],"wp:featuredmedia":[{"embeddable":true,"href":"https:\/\/graziamagazine.com\/mx\/wp-json\/wp\/v2\/media\/128806"}],"wp:attachment":[{"href":"https:\/\/graziamagazine.com\/mx\/wp-json\/wp\/v2\/media?parent=128804"}],"wp:term":[{"taxonomy":"category","embeddable":true,"href":"https:\/\/graziamagazine.com\/mx\/wp-json\/wp\/v2\/categories?post=128804"}],"curies":[{"name":"wp","href":"https:\/\/api.w.org\/{rel}","templated":true}]}}