{"id":128728,"date":"2023-09-01T09:39:59","date_gmt":"2023-09-01T14:39:59","guid":{"rendered":"https:\/\/graziamagazine.com\/mx\/?post_type=articles&#038;p=128728"},"modified":"2023-09-01T10:35:30","modified_gmt":"2023-09-01T15:35:30","slug":"gabrielle-chanel-fashion-manifiesto-una-exposicion-a-traves-del-tiempo","status":"publish","type":"articles","link":"https:\/\/graziamagazine.com\/mx\/articles\/gabrielle-chanel-fashion-manifiesto-una-exposicion-a-traves-del-tiempo\/","title":{"rendered":"&#8220;Gabrielle Chanel: Fashion Manifiesto&#8221;: Una exposici\u00f3n a trav\u00e9s del tiempo"},"content":{"rendered":"<p>La exposici\u00f3n <strong>Gabrielle Chanel: Fashion Manifiesto<\/strong> es un evento de moda de gran relevancia que se llevar\u00e1 a cabo en el <strong>Museo Victoria &amp; Albert (V&amp;A)<\/strong> de <strong>Londres<\/strong> desde el <strong>16 de septiembre de 2023 hasta el 25 de febrero de 2024<\/strong>.<\/p>\n<p>Esta exposici\u00f3n es un<strong> tributo a la ic\u00f3nica dise\u00f1adora<\/strong> francesa <strong>Gabrielle &#8216;Coco&#8217; Chanel<\/strong>, y marca la primera vez que se celebra una exposici\u00f3n de esta magnitud en el Reino Unido en honor a esta influyente creadora.<\/p>\n<figure id=\"attachment_128734\" aria-describedby=\"caption-attachment-128734\" style=\"width: 1024px\" class=\"wp-caption alignnone\"><img loading=\"lazy\" decoding=\"async\" class=\"size-large wp-image-128734\" src=\"https:\/\/graziamagazine.com\/mx\/wp-content\/uploads\/sites\/13\/2023\/09\/image.jpg?w=1024\" alt=\"&quot;Gabrielle Chanel: Fashion Manifiesto&quot;: Una exposici\u00f3n a trav\u00e9s del tiempo\" width=\"1024\" height=\"768\" \/><figcaption id=\"caption-attachment-128734\" class=\"wp-caption-text\">&#8220;Gabrielle Chanel: Fashion Manifiesto&#8221;: Una exposici\u00f3n a trav\u00e9s del tiempo<\/figcaption><\/figure>\n<h3><strong>Contenido de la Exposici\u00f3n<\/strong><\/h3>\n<p>La exposici\u00f3n tiene como objetivo mostrar la evoluci\u00f3n del estilo de Chanel y el desarrollo de su casa de moda a lo largo de los a\u00f1os. Se extiende desde la apertura de su primera sombrerer\u00eda en <strong>Par\u00eds en 1910<\/strong> hasta la presentaci\u00f3n de su<strong> \u00faltima colecci\u00f3n en 1971. <\/strong><\/p>\n<p>La muestra contar\u00e1 con m\u00e1s de <strong>200 atuendos ic\u00f3nicos<\/strong>, muchos de los cuales se exhiben por primera vez en conjunto, junto con accesorios, perfumes y joyas que forman parte del legado de Chanel.<img loading=\"lazy\" decoding=\"async\" class=\"alignnone size-large wp-image-128732\" src=\"https:\/\/graziamagazine.com\/mx\/wp-content\/uploads\/sites\/13\/2023\/09\/coco-chanel.jpg?w=1024\" alt=\"\" width=\"1024\" height=\"693\" \/><\/p>\n<h3><strong>Curadora y Secciones de la Exposici\u00f3n<\/strong><\/h3>\n<p>La comisaria de la exposici\u00f3n es Oriole Cullen, una experta en moda del V&amp;A, quien ha afirmado que la exposici\u00f3n explorar\u00e1 el impacto de Chanel en la moda y la cultura. La exhibici\u00f3n est\u00e1 organizada en seis secciones tem\u00e1ticas:<\/p>\n<ul>\n<li><strong>El comienzo<\/strong>: Explora los primeros a\u00f1os de la vida de Chanel, desde su infancia en un orfanato hasta la apertura de su primera sombrerer\u00eda en Par\u00eds.<\/li>\n<li><strong>El manifiesto<\/strong>: Destaca el estilo caracter\u00edstico de Chanel, conocido por su simplicidad, comodidad y elegancia.<\/li>\n<li><strong>El \u00e9xito<\/strong>: Examina el \u00e9xito de Chanel como dise\u00f1adora, empresaria y figura p\u00fablica.<\/li>\n<li><strong>El legado<\/strong>: Analiza la influencia continua de Chanel en la moda y la cultura contempor\u00e1nea.\n<p><figure id=\"attachment_128733\" aria-describedby=\"caption-attachment-128733\" style=\"width: 1024px\" class=\"wp-caption alignnone\"><img loading=\"lazy\" decoding=\"async\" class=\"size-large wp-image-128733\" src=\"https:\/\/graziamagazine.com\/mx\/wp-content\/uploads\/sites\/13\/2023\/09\/dhreBUG37D4gSKeXWYL64Z.jpg?w=1024\" alt=\"&quot;Gabrielle Chanel: Fashion Manifiesto&quot;: Una exposici\u00f3n a trav\u00e9s del tiempo\" width=\"1024\" height=\"789\" \/><figcaption id=\"caption-attachment-128733\" class=\"wp-caption-text\">&#8220;Gabrielle Chanel: Fashion Manifiesto&#8221;: Una exposici\u00f3n a trav\u00e9s del tiempo<\/figcaption><\/figure><\/li>\n<\/ul>\n<h3><strong>Piezas Destacadas<\/strong><\/h3>\n<p>La exposici\u00f3n incluir\u00e1 piezas ic\u00f3nicas de Chanel, como el <strong>traje de tweed, el perfume Chanel N\u00ba 5 y el collar de perlas.<\/strong> Adem\u00e1s, se presentar\u00e1n elementos menos conocidos pero igualmente fascinantes, como un vestido de ba\u00f1o de 1918 y un sombrero de 1925.<\/p>\n<h3><strong>Una Oportunidad \u00danica<\/strong><\/h3>\n<p>La exposici\u00f3n Gabrielle Chanel: Fashion Manifiesto brinda una oportunidad excepcional para admirar la obra de una de las dise\u00f1adoras m\u00e1s <strong>influyentes del siglo XX<\/strong>. No solo es una celebraci\u00f3n de su <strong>legado en la moda<\/strong>, sino tambi\u00e9n una inmersi\u00f3n en la historia y la creatividad que Chanel aport\u00f3 a la industria.<\/p>\n<div id=\"v-g7NWP6xi-1\" class=\"video-player\"><iframe title='VideoPress Video Player' aria-label='VideoPress Video Player' width='0' height='0' src='https:\/\/videopress.com\/embed\/g7NWP6xi?hd=1&amp;cover=1&amp;loop=0&amp;autoPlay=0&amp;permalink=1&amp;muted=0&amp;controls=1&amp;playsinline=0&amp;useAverageColor=0&amp;preloadContent=metadata' frameborder='0' allowfullscreen data-resize-to-parent=\"true\" allow='clipboard-write'><\/iframe><script src='https:\/\/s0.wp.com\/wp-content\/plugins\/video\/assets\/js\/next\/videopress-iframe.js'><\/script><\/div>\n<p>&nbsp;<\/p>\n<p><em><strong>**IMAGEN: Cortes\u00eda Chanel<\/strong><\/em><\/p>\n","protected":false},"author":28953,"featured_media":128731,"template":"","format":"standard","categories":[4],"acf":[],"yoast_head":"<!-- This site is optimized with the Yoast SEO Premium plugin v18.5 (Yoast SEO v20.4) - https:\/\/yoast.com\/wordpress\/plugins\/seo\/ -->\n<title>&quot;Gabrielle Chanel: Fashion Manifiesto&quot;: Una exposici\u00f3n a trav\u00e9s del tiempo<\/title>\n<meta name=\"description\" content=\"La exposici\u00f3n Gabrielle Chanel: Fashion Manifiesto es una retrospectiva de la vida y la obra de la dise\u00f1adora francesa Gabrielle &quot;Coco&quot; Chanel\" \/>\n<meta name=\"robots\" content=\"index, follow, max-snippet:-1, max-image-preview:large, max-video-preview:-1\" \/>\n<link rel=\"canonical\" href=\"https:\/\/graziamagazine.com\/mx\/articles\/gabrielle-chanel-fashion-manifiesto-una-exposicion-a-traves-del-tiempo\/\" \/>\n<meta property=\"og:locale\" content=\"es_MX\" \/>\n<meta property=\"og:type\" content=\"article\" \/>\n<meta property=\"og:title\" content=\"&quot;Gabrielle Chanel: Fashion Manifiesto&quot;: Una exposici\u00f3n a trav\u00e9s del tiempo\" \/>\n<meta property=\"og:description\" content=\"La exposici\u00f3n Gabrielle Chanel: Fashion Manifiesto es una retrospectiva de la vida y la obra de la dise\u00f1adora francesa Gabrielle &quot;Coco&quot; Chanel\" \/>\n<meta property=\"og:url\" content=\"https:\/\/graziamagazine.com\/mx\/articles\/gabrielle-chanel-fashion-manifiesto-una-exposicion-a-traves-del-tiempo\/\" \/>\n<meta property=\"og:site_name\" content=\"Grazia M\u00e9xico y Latinoam\u00e9rica\" \/>\n<meta property=\"article:modified_time\" content=\"2023-09-01T15:35:30+00:00\" \/>\n<meta property=\"og:image\" content=\"https:\/\/graziamagazine.com\/mx\/wp-content\/uploads\/sites\/13\/2023\/09\/image003.png\" \/>\n\t<meta property=\"og:image:width\" content=\"730\" \/>\n\t<meta property=\"og:image:height\" content=\"590\" \/>\n\t<meta property=\"og:image:type\" content=\"image\/png\" \/>\n<meta name=\"twitter:card\" content=\"summary_large_image\" \/>\n<meta name=\"twitter:label1\" content=\"Est. reading time\" \/>\n\t<meta name=\"twitter:data1\" content=\"3 minutos\" \/>\n<script type=\"application\/ld+json\" class=\"yoast-schema-graph\">{\"@context\":\"https:\/\/schema.org\",\"@graph\":[{\"@type\":\"WebPage\",\"@id\":\"https:\/\/graziamagazine.com\/mx\/articles\/gabrielle-chanel-fashion-manifiesto-una-exposicion-a-traves-del-tiempo\/\",\"url\":\"https:\/\/graziamagazine.com\/mx\/articles\/gabrielle-chanel-fashion-manifiesto-una-exposicion-a-traves-del-tiempo\/\",\"name\":\"\\\"Gabrielle Chanel: Fashion Manifiesto\\\": Una exposici\u00f3n a trav\u00e9s del tiempo\",\"isPartOf\":{\"@id\":\"https:\/\/graziamagazine.com\/mx\/#website\"},\"datePublished\":\"2023-09-01T14:39:59+00:00\",\"dateModified\":\"2023-09-01T15:35:30+00:00\",\"description\":\"La exposici\u00f3n Gabrielle Chanel: Fashion Manifiesto es una retrospectiva de la vida y la obra de la dise\u00f1adora francesa Gabrielle \\\"Coco\\\" Chanel\",\"breadcrumb\":{\"@id\":\"https:\/\/graziamagazine.com\/mx\/articles\/gabrielle-chanel-fashion-manifiesto-una-exposicion-a-traves-del-tiempo\/#breadcrumb\"},\"inLanguage\":\"es-MX\",\"potentialAction\":[{\"@type\":\"ReadAction\",\"target\":[\"https:\/\/graziamagazine.com\/mx\/articles\/gabrielle-chanel-fashion-manifiesto-una-exposicion-a-traves-del-tiempo\/\"]}]},{\"@type\":\"BreadcrumbList\",\"@id\":\"https:\/\/graziamagazine.com\/mx\/articles\/gabrielle-chanel-fashion-manifiesto-una-exposicion-a-traves-del-tiempo\/#breadcrumb\",\"itemListElement\":[{\"@type\":\"ListItem\",\"position\":1,\"name\":\"Home\",\"item\":\"https:\/\/graziamagazine.com\/mx\/\"},{\"@type\":\"ListItem\",\"position\":2,\"name\":\"&#8220;Gabrielle Chanel: Fashion Manifiesto&#8221;: Una exposici\u00f3n a trav\u00e9s del tiempo\"}]},{\"@type\":\"WebSite\",\"@id\":\"https:\/\/graziamagazine.com\/mx\/#website\",\"url\":\"https:\/\/graziamagazine.com\/mx\/\",\"name\":\"Grazia M\u00e9xico y Latinoam\u00e9rica\",\"description\":\"Grazia es moda, belleza y noticias  de actualidad \",\"potentialAction\":[{\"@type\":\"SearchAction\",\"target\":{\"@type\":\"EntryPoint\",\"urlTemplate\":\"https:\/\/graziamagazine.com\/mx\/?s={search_term_string}\"},\"query-input\":\"required name=search_term_string\"}],\"inLanguage\":\"es-MX\"}]}<\/script>\n<!-- \/ Yoast SEO Premium plugin. -->","yoast_head_json":{"title":"\"Gabrielle Chanel: Fashion Manifiesto\": Una exposici\u00f3n a trav\u00e9s del tiempo","description":"La exposici\u00f3n Gabrielle Chanel: Fashion Manifiesto es una retrospectiva de la vida y la obra de la dise\u00f1adora francesa Gabrielle \"Coco\" Chanel","robots":{"index":"index","follow":"follow","max-snippet":"max-snippet:-1","max-image-preview":"max-image-preview:large","max-video-preview":"max-video-preview:-1"},"canonical":"https:\/\/graziamagazine.com\/mx\/articles\/gabrielle-chanel-fashion-manifiesto-una-exposicion-a-traves-del-tiempo\/","og_locale":"es_MX","og_type":"article","og_title":"\"Gabrielle Chanel: Fashion Manifiesto\": Una exposici\u00f3n a trav\u00e9s del tiempo","og_description":"La exposici\u00f3n Gabrielle Chanel: Fashion Manifiesto es una retrospectiva de la vida y la obra de la dise\u00f1adora francesa Gabrielle \"Coco\" Chanel","og_url":"https:\/\/graziamagazine.com\/mx\/articles\/gabrielle-chanel-fashion-manifiesto-una-exposicion-a-traves-del-tiempo\/","og_site_name":"Grazia M\u00e9xico y Latinoam\u00e9rica","article_modified_time":"2023-09-01T15:35:30+00:00","og_image":[{"width":730,"height":590,"url":"https:\/\/graziamagazine.com\/mx\/wp-content\/uploads\/sites\/13\/2023\/09\/image003.png","type":"image\/png"}],"twitter_card":"summary_large_image","twitter_misc":{"Est. reading time":"3 minutos"},"schema":{"@context":"https:\/\/schema.org","@graph":[{"@type":"WebPage","@id":"https:\/\/graziamagazine.com\/mx\/articles\/gabrielle-chanel-fashion-manifiesto-una-exposicion-a-traves-del-tiempo\/","url":"https:\/\/graziamagazine.com\/mx\/articles\/gabrielle-chanel-fashion-manifiesto-una-exposicion-a-traves-del-tiempo\/","name":"\"Gabrielle Chanel: Fashion Manifiesto\": Una exposici\u00f3n a trav\u00e9s del tiempo","isPartOf":{"@id":"https:\/\/graziamagazine.com\/mx\/#website"},"datePublished":"2023-09-01T14:39:59+00:00","dateModified":"2023-09-01T15:35:30+00:00","description":"La exposici\u00f3n Gabrielle Chanel: Fashion Manifiesto es una retrospectiva de la vida y la obra de la dise\u00f1adora francesa Gabrielle \"Coco\" Chanel","breadcrumb":{"@id":"https:\/\/graziamagazine.com\/mx\/articles\/gabrielle-chanel-fashion-manifiesto-una-exposicion-a-traves-del-tiempo\/#breadcrumb"},"inLanguage":"es-MX","potentialAction":[{"@type":"ReadAction","target":["https:\/\/graziamagazine.com\/mx\/articles\/gabrielle-chanel-fashion-manifiesto-una-exposicion-a-traves-del-tiempo\/"]}]},{"@type":"BreadcrumbList","@id":"https:\/\/graziamagazine.com\/mx\/articles\/gabrielle-chanel-fashion-manifiesto-una-exposicion-a-traves-del-tiempo\/#breadcrumb","itemListElement":[{"@type":"ListItem","position":1,"name":"Home","item":"https:\/\/graziamagazine.com\/mx\/"},{"@type":"ListItem","position":2,"name":"&#8220;Gabrielle Chanel: Fashion Manifiesto&#8221;: Una exposici\u00f3n a trav\u00e9s del tiempo"}]},{"@type":"WebSite","@id":"https:\/\/graziamagazine.com\/mx\/#website","url":"https:\/\/graziamagazine.com\/mx\/","name":"Grazia M\u00e9xico y Latinoam\u00e9rica","description":"Grazia es moda, belleza y noticias  de actualidad ","potentialAction":[{"@type":"SearchAction","target":{"@type":"EntryPoint","urlTemplate":"https:\/\/graziamagazine.com\/mx\/?s={search_term_string}"},"query-input":"required name=search_term_string"}],"inLanguage":"es-MX"}]}},"jetpack_sharing_enabled":true,"distributor_meta":false,"distributor_terms":false,"distributor_media":false,"distributor_original_site_name":"Grazia M\u00e9xico y Latinoam\u00e9rica","distributor_original_site_url":"https:\/\/graziamagazine.com\/mx","push-errors":false,"_links":{"self":[{"href":"https:\/\/graziamagazine.com\/mx\/wp-json\/wp\/v2\/articles\/128728"}],"collection":[{"href":"https:\/\/graziamagazine.com\/mx\/wp-json\/wp\/v2\/articles"}],"about":[{"href":"https:\/\/graziamagazine.com\/mx\/wp-json\/wp\/v2\/types\/articles"}],"author":[{"embeddable":true,"href":"https:\/\/graziamagazine.com\/mx\/wp-json\/wp\/v2\/users\/28953"}],"wp:featuredmedia":[{"embeddable":true,"href":"https:\/\/graziamagazine.com\/mx\/wp-json\/wp\/v2\/media\/128731"}],"wp:attachment":[{"href":"https:\/\/graziamagazine.com\/mx\/wp-json\/wp\/v2\/media?parent=128728"}],"wp:term":[{"taxonomy":"category","embeddable":true,"href":"https:\/\/graziamagazine.com\/mx\/wp-json\/wp\/v2\/categories?post=128728"}],"curies":[{"name":"wp","href":"https:\/\/api.w.org\/{rel}","templated":true}]}}