{"id":128460,"date":"2023-08-23T15:59:20","date_gmt":"2023-08-23T20:59:20","guid":{"rendered":"https:\/\/graziamagazine.com\/mx\/?post_type=articles&#038;p=128460"},"modified":"2023-08-23T16:14:03","modified_gmt":"2023-08-23T21:14:03","slug":"paul-mccartney-ofrecera-concierto-en-la-ciudad-de-mexico","status":"publish","type":"articles","link":"https:\/\/graziamagazine.com\/mx\/articles\/paul-mccartney-ofrecera-concierto-en-la-ciudad-de-mexico\/","title":{"rendered":"\u00a1Paul McCartney ofrecer\u00e1 concierto en la Ciudad de M\u00e9xico!"},"content":{"rendered":"<p><span style=\"font-weight: 400;\">Es oficial, <strong>Paul McCartney<\/strong> incluye a la Ciudad de M\u00e9xico en el <em><strong>Got Back Tour.<\/strong> <\/em>Tras especulaciones en redes sociales sobre la posible presentaci\u00f3n del brit\u00e1nico en la capital del pa\u00eds, ahora la fecha est\u00e1 confirmada: <strong>martes 14 de noviembre, 21 horas, en el Foro Sol.<\/strong><\/span><\/p>\n<p><span style=\"font-weight: 400;\">As\u00ed lo dio a conocer Ocesa en su sitio web, aclarando que la preventa de boletos para tarjetahabientes Citibanamex comenzar\u00e1 el viernes 1 de septiembre a las 2 pm.\u00a0\u00a0<\/span><\/p>\n<p><span style=\"font-weight: 400;\">\u201cMe hace mucha ilusi\u00f3n decir que voy a M\u00e9xico a dar algunos conciertos con mi <em>Got Back Tour<\/em> en noviembre. Tengo muy buenos recuerdos de M\u00e9xico. Cada vez que estamos all\u00ed nos la pasamos muy bien. As\u00ed que vamos a crear m\u00e1s recuerdos maravillosos&#8230; vamos a rockear&#8230; vamos a rodar. \u00a1Y vamos a tener una fiesta! \u00a1Fiesta!\u201d, dijo Paul McCartney en un comunicado de prensa.<\/span><\/p>\n<blockquote class=\"twitter-tweet\" data-width=\"500\" data-dnt=\"true\">\n<p lang=\"es\" dir=\"ltr\">You pulled me out of time \u23f0, para m\u00e1s informaci\u00f3n reg\u00edstrate en el link: <a href=\"https:\/\/t.co\/MZpw6YhGvH\" target=\"_blank\">https:\/\/t.co\/MZpw6YhGvH<\/a> <a href=\"https:\/\/t.co\/fRntbRTF43\" target=\"_blank\">pic.twitter.com\/fRntbRTF43<\/a><\/p>\n<p>&mdash; Ocesa Total (@ocesa_total) <a href=\"https:\/\/twitter.com\/ocesa_total\/status\/1694069494988079249?ref_src=twsrc%5Etfw\" target=\"_blank\">August 22, 2023<\/a><\/p><\/blockquote>\n<p><script async src=\"https:\/\/platform.twitter.com\/widgets.js\" charset=\"utf-8\"><\/script><\/p>\n<p><span style=\"font-weight: 400;\">Sin embargo, aunque el integrante de <strong>The Beatles<\/strong> habl\u00f3 de \u201calgunos conciertos\u201d, el sitio de Ocesa \u00fanicamente especifica el mencionado en el sitio de eventos de la Ciudad de M\u00e9xico.\u00a0<\/span><\/p>\n<p><span style=\"font-weight: 400;\">\u201cEl legendario Paul McCartney anunci\u00f3 su muy esperado GOT BACK Tour, listo para llegar a la Ciudad de M\u00e9xico con un incre\u00edble concierto en el emblem\u00e1tico Foro Sol, la primera fecha mexicana en seis a\u00f1os. El show est\u00e1 programado para el 14 de noviembre, cuando los fans podr\u00e1n vivir una experiencia inolvidable junto a McCartney y su banda en vivo, quienes prometen ofrecer un espect\u00e1culo \u00fanico\u201d, se lee en el sitio web de la compa\u00f1\u00eda organizadora de eventos.<\/span><\/p>\n<p><span style=\"font-weight: 400;\">\u201cEl GOT BACK Tour comenz\u00f3 el 28 de abril de 2022 en Spokane, Washington, con incre\u00edble \u00e9xito, cautivando al p\u00fablico en un recorrido de 13 ciudades alrededor de los Estados Unidos. Para junio de 2022, el icono de la m\u00fasica encabez\u00f3 el festival Glastonbury con un set que fue descrito por <\/span><i><span style=\"font-weight: 400;\">The British Times<\/span><\/i><span style=\"font-weight: 400;\"> como \u2018el mejor concierto de la historia. Este a\u00f1o, Paul McCartney se embarcar\u00e1 en un emocionante viaje a Australia, donde har\u00e1 su emotivo regreso a Adelaida, adem\u00e1s de visitar ciudades como Melbourne, Newcastle, S\u00eddney y m\u00e1s. Ahora, los fans mexicanos tendr\u00e1n la oportunidad de experimentar el incre\u00edble espect\u00e1culo de McCartney, quien dar\u00e1 su primer concierto en el pa\u00eds desde 2017, cuando ofreci\u00f3 un extraordinario show en el Estadio Azteca\u201d, agrega.<\/span><\/p>\n<p><span style=\"font-weight: 400;\">Entre la informaci\u00f3n clave que debes saber, es que la preventa Citibanamex permitir\u00e1 adquirir boletos a los tarjetahabientes antes que nadie, comenzando el viernes 1 de septiembre a las 2 pm en www.ticketmaster.com.mx. Y despu\u00e9s, los boletos de venta general estar\u00e1n disponibles el s\u00e1bado 2 de septiembre a la misma hora en la misma p\u00e1gina.<\/span><\/p>\n<p><span style=\"font-weight: 400;\">&#8220;\u00a1Inscr\u00edbete para recibir detalles sobre fechas de la gira, reservas y m\u00e1s!\u201d, recomienda Ocesa para no perder la oportunidad de adquirir las entradas.<\/span><\/p>\n","protected":false},"author":11628,"featured_media":127481,"template":"","format":"standard","categories":[12483],"acf":[],"yoast_head":"<!-- This site is optimized with the Yoast SEO Premium plugin v18.5 (Yoast SEO v20.4) - https:\/\/yoast.com\/wordpress\/plugins\/seo\/ -->\n<title>\u00a1Paul McCartney ofrecer\u00e1 concierto en la Ciudad de M\u00e9xico! | Grazia M\u00e9xico y Latinoam\u00e9rica<\/title>\n<meta name=\"description\" content=\"Es oficial, Paul McCartney incluye a la Ciudad de M\u00e9xico en el Got Back Tour. Tras especulaciones en redes sociales sobre la posible presentaci\u00f3n del\" \/>\n<meta name=\"robots\" content=\"index, follow, max-snippet:-1, max-image-preview:large, max-video-preview:-1\" \/>\n<link rel=\"canonical\" href=\"https:\/\/graziamagazine.com\/mx\/articles\/paul-mccartney-ofrecera-concierto-en-la-ciudad-de-mexico\/\" \/>\n<meta property=\"og:locale\" content=\"es_MX\" \/>\n<meta property=\"og:type\" content=\"article\" \/>\n<meta property=\"og:title\" content=\"\u00a1Paul McCartney ofrecer\u00e1 concierto en la Ciudad de M\u00e9xico!\" \/>\n<meta property=\"og:description\" content=\"Es oficial, Paul McCartney incluye a la Ciudad de M\u00e9xico en el Got Back Tour. Tras especulaciones en redes sociales sobre la posible presentaci\u00f3n del\" \/>\n<meta property=\"og:url\" content=\"https:\/\/graziamagazine.com\/mx\/articles\/paul-mccartney-ofrecera-concierto-en-la-ciudad-de-mexico\/\" \/>\n<meta property=\"og:site_name\" content=\"Grazia M\u00e9xico y Latinoam\u00e9rica\" \/>\n<meta property=\"article:modified_time\" content=\"2023-08-23T21:14:03+00:00\" \/>\n<meta property=\"og:image\" content=\"https:\/\/graziamagazine.com\/mx\/wp-content\/uploads\/sites\/13\/2023\/07\/Captura-de-Pantalla-2023-07-19-a-las-18.50.41.png\" \/>\n\t<meta property=\"og:image:width\" content=\"516\" \/>\n\t<meta property=\"og:image:height\" content=\"318\" \/>\n\t<meta property=\"og:image:type\" content=\"image\/png\" \/>\n<meta name=\"twitter:card\" content=\"summary_large_image\" \/>\n<meta name=\"twitter:label1\" content=\"Est. reading time\" \/>\n\t<meta name=\"twitter:data1\" content=\"3 minutos\" \/>\n<script type=\"application\/ld+json\" class=\"yoast-schema-graph\">{\"@context\":\"https:\/\/schema.org\",\"@graph\":[{\"@type\":\"WebPage\",\"@id\":\"https:\/\/graziamagazine.com\/mx\/articles\/paul-mccartney-ofrecera-concierto-en-la-ciudad-de-mexico\/\",\"url\":\"https:\/\/graziamagazine.com\/mx\/articles\/paul-mccartney-ofrecera-concierto-en-la-ciudad-de-mexico\/\",\"name\":\"\u00a1Paul McCartney ofrecer\u00e1 concierto en la Ciudad de M\u00e9xico! | Grazia M\u00e9xico y Latinoam\u00e9rica\",\"isPartOf\":{\"@id\":\"https:\/\/graziamagazine.com\/mx\/#website\"},\"datePublished\":\"2023-08-23T20:59:20+00:00\",\"dateModified\":\"2023-08-23T21:14:03+00:00\",\"description\":\"Es oficial, Paul McCartney incluye a la Ciudad de M\u00e9xico en el Got Back Tour. Tras especulaciones en redes sociales sobre la posible presentaci\u00f3n del\",\"breadcrumb\":{\"@id\":\"https:\/\/graziamagazine.com\/mx\/articles\/paul-mccartney-ofrecera-concierto-en-la-ciudad-de-mexico\/#breadcrumb\"},\"inLanguage\":\"es-MX\",\"potentialAction\":[{\"@type\":\"ReadAction\",\"target\":[\"https:\/\/graziamagazine.com\/mx\/articles\/paul-mccartney-ofrecera-concierto-en-la-ciudad-de-mexico\/\"]}]},{\"@type\":\"BreadcrumbList\",\"@id\":\"https:\/\/graziamagazine.com\/mx\/articles\/paul-mccartney-ofrecera-concierto-en-la-ciudad-de-mexico\/#breadcrumb\",\"itemListElement\":[{\"@type\":\"ListItem\",\"position\":1,\"name\":\"Home\",\"item\":\"https:\/\/graziamagazine.com\/mx\/\"},{\"@type\":\"ListItem\",\"position\":2,\"name\":\"\u00a1Paul McCartney ofrecer\u00e1 concierto en la Ciudad de M\u00e9xico!\"}]},{\"@type\":\"WebSite\",\"@id\":\"https:\/\/graziamagazine.com\/mx\/#website\",\"url\":\"https:\/\/graziamagazine.com\/mx\/\",\"name\":\"Grazia M\u00e9xico y Latinoam\u00e9rica\",\"description\":\"Grazia es moda, belleza y noticias  de actualidad \",\"potentialAction\":[{\"@type\":\"SearchAction\",\"target\":{\"@type\":\"EntryPoint\",\"urlTemplate\":\"https:\/\/graziamagazine.com\/mx\/?s={search_term_string}\"},\"query-input\":\"required name=search_term_string\"}],\"inLanguage\":\"es-MX\"}]}<\/script>\n<!-- \/ Yoast SEO Premium plugin. -->","yoast_head_json":{"title":"\u00a1Paul McCartney ofrecer\u00e1 concierto en la Ciudad de M\u00e9xico! | Grazia M\u00e9xico y Latinoam\u00e9rica","description":"Es oficial, Paul McCartney incluye a la Ciudad de M\u00e9xico en el Got Back Tour. Tras especulaciones en redes sociales sobre la posible presentaci\u00f3n del","robots":{"index":"index","follow":"follow","max-snippet":"max-snippet:-1","max-image-preview":"max-image-preview:large","max-video-preview":"max-video-preview:-1"},"canonical":"https:\/\/graziamagazine.com\/mx\/articles\/paul-mccartney-ofrecera-concierto-en-la-ciudad-de-mexico\/","og_locale":"es_MX","og_type":"article","og_title":"\u00a1Paul McCartney ofrecer\u00e1 concierto en la Ciudad de M\u00e9xico!","og_description":"Es oficial, Paul McCartney incluye a la Ciudad de M\u00e9xico en el Got Back Tour. Tras especulaciones en redes sociales sobre la posible presentaci\u00f3n del","og_url":"https:\/\/graziamagazine.com\/mx\/articles\/paul-mccartney-ofrecera-concierto-en-la-ciudad-de-mexico\/","og_site_name":"Grazia M\u00e9xico y Latinoam\u00e9rica","article_modified_time":"2023-08-23T21:14:03+00:00","og_image":[{"width":516,"height":318,"url":"https:\/\/graziamagazine.com\/mx\/wp-content\/uploads\/sites\/13\/2023\/07\/Captura-de-Pantalla-2023-07-19-a-las-18.50.41.png","type":"image\/png"}],"twitter_card":"summary_large_image","twitter_misc":{"Est. reading time":"3 minutos"},"schema":{"@context":"https:\/\/schema.org","@graph":[{"@type":"WebPage","@id":"https:\/\/graziamagazine.com\/mx\/articles\/paul-mccartney-ofrecera-concierto-en-la-ciudad-de-mexico\/","url":"https:\/\/graziamagazine.com\/mx\/articles\/paul-mccartney-ofrecera-concierto-en-la-ciudad-de-mexico\/","name":"\u00a1Paul McCartney ofrecer\u00e1 concierto en la Ciudad de M\u00e9xico! | Grazia M\u00e9xico y Latinoam\u00e9rica","isPartOf":{"@id":"https:\/\/graziamagazine.com\/mx\/#website"},"datePublished":"2023-08-23T20:59:20+00:00","dateModified":"2023-08-23T21:14:03+00:00","description":"Es oficial, Paul McCartney incluye a la Ciudad de M\u00e9xico en el Got Back Tour. Tras especulaciones en redes sociales sobre la posible presentaci\u00f3n del","breadcrumb":{"@id":"https:\/\/graziamagazine.com\/mx\/articles\/paul-mccartney-ofrecera-concierto-en-la-ciudad-de-mexico\/#breadcrumb"},"inLanguage":"es-MX","potentialAction":[{"@type":"ReadAction","target":["https:\/\/graziamagazine.com\/mx\/articles\/paul-mccartney-ofrecera-concierto-en-la-ciudad-de-mexico\/"]}]},{"@type":"BreadcrumbList","@id":"https:\/\/graziamagazine.com\/mx\/articles\/paul-mccartney-ofrecera-concierto-en-la-ciudad-de-mexico\/#breadcrumb","itemListElement":[{"@type":"ListItem","position":1,"name":"Home","item":"https:\/\/graziamagazine.com\/mx\/"},{"@type":"ListItem","position":2,"name":"\u00a1Paul McCartney ofrecer\u00e1 concierto en la Ciudad de M\u00e9xico!"}]},{"@type":"WebSite","@id":"https:\/\/graziamagazine.com\/mx\/#website","url":"https:\/\/graziamagazine.com\/mx\/","name":"Grazia M\u00e9xico y Latinoam\u00e9rica","description":"Grazia es moda, belleza y noticias  de actualidad ","potentialAction":[{"@type":"SearchAction","target":{"@type":"EntryPoint","urlTemplate":"https:\/\/graziamagazine.com\/mx\/?s={search_term_string}"},"query-input":"required name=search_term_string"}],"inLanguage":"es-MX"}]}},"jetpack_sharing_enabled":true,"distributor_meta":false,"distributor_terms":false,"distributor_media":false,"distributor_original_site_name":"Grazia M\u00e9xico y Latinoam\u00e9rica","distributor_original_site_url":"https:\/\/graziamagazine.com\/mx","push-errors":false,"_links":{"self":[{"href":"https:\/\/graziamagazine.com\/mx\/wp-json\/wp\/v2\/articles\/128460"}],"collection":[{"href":"https:\/\/graziamagazine.com\/mx\/wp-json\/wp\/v2\/articles"}],"about":[{"href":"https:\/\/graziamagazine.com\/mx\/wp-json\/wp\/v2\/types\/articles"}],"author":[{"embeddable":true,"href":"https:\/\/graziamagazine.com\/mx\/wp-json\/wp\/v2\/users\/11628"}],"wp:featuredmedia":[{"embeddable":true,"href":"https:\/\/graziamagazine.com\/mx\/wp-json\/wp\/v2\/media\/127481"}],"wp:attachment":[{"href":"https:\/\/graziamagazine.com\/mx\/wp-json\/wp\/v2\/media?parent=128460"}],"wp:term":[{"taxonomy":"category","embeddable":true,"href":"https:\/\/graziamagazine.com\/mx\/wp-json\/wp\/v2\/categories?post=128460"}],"curies":[{"name":"wp","href":"https:\/\/api.w.org\/{rel}","templated":true}]}}