{"id":128448,"date":"2023-08-23T11:38:10","date_gmt":"2023-08-23T16:38:10","guid":{"rendered":"https:\/\/graziamagazine.com\/mx\/?post_type=articles&#038;p=128448"},"modified":"2023-08-23T16:06:20","modified_gmt":"2023-08-23T21:06:20","slug":"bradley-cooper-habla-de-su-adiccion-al-alcohol","status":"publish","type":"articles","link":"https:\/\/graziamagazine.com\/mx\/articles\/bradley-cooper-habla-de-su-adiccion-al-alcohol\/","title":{"rendered":"Bradley Cooper habla de su adicci\u00f3n al alcohol"},"content":{"rendered":"<p><span style=\"font-weight: 400;\"><strong>Bradley Cooper<\/strong> se puso sincero y abord\u00f3 uno de los temas m\u00e1s dif\u00edciles que ha experimentado en su vida personal: su alcoholismo. Como \u00e9l dijo, son ya 19 a\u00f1os de sobriedad desde que decidi\u00f3 afrontar su problema, y confes\u00f3 que esa adicci\u00f3n pasada le &#8220;hizo que fuera m\u00e1s f\u00e1cil&#8221; interpretar el personaje de <em><strong>A Star Is Born.<\/strong><\/em><\/span><\/p>\n<p><span style=\"font-weight: 400;\">Fue durante su aventura de supervivencia en los ca\u00f1ones de la cuenca de Wyoming, para la segunda temporada de<em><strong> Running Wild With Bear Grylls<\/strong><\/em>, de National Geographic, que Bradley habl\u00f3 de su sobriedad y lo que ha tenido que vivir para llegar a ella.<\/span><\/p>\n<p><span style=\"font-weight: 400;\">&#8220;<em><strong>The Hangover<\/strong><\/em> supuso un gran cambio en mi carrera&#8221;, dijo el actor. &#8220;Ten\u00eda 36 a\u00f1os cuando eso sucedi\u00f3, as\u00ed que ya llevaba 10 a\u00f1os en el juego, simplemente dando vueltas, para no perderme en la fama&#8221;.<\/span><\/p>\n<p><span style=\"font-weight: 400;\">\u201cPero definitivamente tuviste algunos a\u00f1os salvajes\u201d, dijo Grylls, a lo que Cooper respondi\u00f3: \u201cEn t\u00e9rminos de alcohol y drogas, s\u00ed. Pero eso no tuvo nada que ver con la fama\u201d.<\/span><\/p>\n<p><span style=\"font-weight: 400;\">&#8220;Tuve suerte&#8221;, continu\u00f3 Cooper. \u201cDej\u00e9 la ebriedad a los 29 a\u00f1os y llevo 19 a\u00f1os sobrio. He tenido mucha suerte\u201d.<\/span><\/p>\n<p><span style=\"font-weight: 400;\">Bradley luego explic\u00f3 c\u00f3mo sus luchas pasadas con las drogas y el alcohol lo ayudaron a sumergirse en el personaje de Jackson Maine en <em>A Star Is Born<\/em>, de 2018, que dirigi\u00f3 y protagoniz\u00f3 junto a <strong>Lady Gaga.<\/strong><\/span><\/p>\n<p><span style=\"font-weight: 400;\">&#8220;Hizo que fuera m\u00e1s f\u00e1cil poder entrar all\u00ed&#8221;, dijo sobre el drama musical. \u201cY gracias a Dios estaba en un momento de mi vida en el que me sent\u00eda c\u00f3modo con todo eso, as\u00ed que realmente pod\u00eda dejarme llevar\u201d.<\/span><\/p>\n<p><span style=\"font-weight: 400;\">En <em>A Star Is Born<\/em>, Bradley Cooper interpreta a una estrella de rock que lucha contra la adicci\u00f3n. &#8220;He tenido mucha suerte con los papeles que me han tocado desempe\u00f1ar&#8221;, dijo Cooper. \u201cHa sido una verdadera bendici\u00f3n. Espero poder seguir haci\u00e9ndolo\u201d.<\/span><\/p>\n<p><span style=\"font-weight: 400;\">Como sabes, <em>A Star Is Born<\/em> obtuvo ocho nominaciones al Oscar y gan\u00f3 un Premio de la Academia por <em><strong>Shallow<\/strong><\/em>, de Cooper y Gaga, en la categor\u00eda de mejor canci\u00f3n original.<\/span><\/p>\n","protected":false},"author":11628,"featured_media":88152,"template":"","format":"standard","categories":[2],"acf":[],"yoast_head":"<!-- This site is optimized with the Yoast SEO Premium plugin v18.5 (Yoast SEO v20.4) - https:\/\/yoast.com\/wordpress\/plugins\/seo\/ -->\n<title>Bradley Cooper habla de su adicci\u00f3n al alcohol | Grazia M\u00e9xico y Latinoam\u00e9rica<\/title>\n<meta name=\"description\" content=\"Bradley Cooper se puso sincero y abord\u00f3 uno de los temas m\u00e1s dif\u00edciles que ha experimentado en su vida personal: su alcoholismo. Como \u00e9l dijo, son ya 19\" \/>\n<meta name=\"robots\" content=\"index, follow, max-snippet:-1, max-image-preview:large, max-video-preview:-1\" \/>\n<link rel=\"canonical\" href=\"https:\/\/graziamagazine.com\/mx\/articles\/bradley-cooper-habla-de-su-adiccion-al-alcohol\/\" \/>\n<meta property=\"og:locale\" content=\"es_MX\" \/>\n<meta property=\"og:type\" content=\"article\" \/>\n<meta property=\"og:title\" content=\"Bradley Cooper habla de su adicci\u00f3n al alcohol\" \/>\n<meta property=\"og:description\" content=\"Bradley Cooper se puso sincero y abord\u00f3 uno de los temas m\u00e1s dif\u00edciles que ha experimentado en su vida personal: su alcoholismo. Como \u00e9l dijo, son ya 19\" \/>\n<meta property=\"og:url\" content=\"https:\/\/graziamagazine.com\/mx\/articles\/bradley-cooper-habla-de-su-adiccion-al-alcohol\/\" \/>\n<meta property=\"og:site_name\" content=\"Grazia M\u00e9xico y Latinoam\u00e9rica\" \/>\n<meta property=\"article:modified_time\" content=\"2023-08-23T21:06:20+00:00\" \/>\n<meta property=\"og:image\" content=\"https:\/\/graziamagazine.com\/mx\/wp-content\/uploads\/sites\/13\/2020\/08\/Bradley-Cooper-regresa-a-los-sets-de-filmacio\u0301n-y-asi\u0301-se-ve-su-nuevo-personaje-.jpeg\" \/>\n\t<meta property=\"og:image:width\" content=\"1063\" \/>\n\t<meta property=\"og:image:height\" content=\"797\" \/>\n\t<meta property=\"og:image:type\" content=\"image\/jpeg\" \/>\n<meta name=\"twitter:card\" content=\"summary_large_image\" \/>\n<meta name=\"twitter:label1\" content=\"Est. reading time\" \/>\n\t<meta name=\"twitter:data1\" content=\"2 minutos\" \/>\n<script type=\"application\/ld+json\" class=\"yoast-schema-graph\">{\"@context\":\"https:\/\/schema.org\",\"@graph\":[{\"@type\":\"WebPage\",\"@id\":\"https:\/\/graziamagazine.com\/mx\/articles\/bradley-cooper-habla-de-su-adiccion-al-alcohol\/\",\"url\":\"https:\/\/graziamagazine.com\/mx\/articles\/bradley-cooper-habla-de-su-adiccion-al-alcohol\/\",\"name\":\"Bradley Cooper habla de su adicci\u00f3n al alcohol | Grazia M\u00e9xico y Latinoam\u00e9rica\",\"isPartOf\":{\"@id\":\"https:\/\/graziamagazine.com\/mx\/#website\"},\"datePublished\":\"2023-08-23T16:38:10+00:00\",\"dateModified\":\"2023-08-23T21:06:20+00:00\",\"description\":\"Bradley Cooper se puso sincero y abord\u00f3 uno de los temas m\u00e1s dif\u00edciles que ha experimentado en su vida personal: su alcoholismo. Como \u00e9l dijo, son ya 19\",\"breadcrumb\":{\"@id\":\"https:\/\/graziamagazine.com\/mx\/articles\/bradley-cooper-habla-de-su-adiccion-al-alcohol\/#breadcrumb\"},\"inLanguage\":\"es-MX\",\"potentialAction\":[{\"@type\":\"ReadAction\",\"target\":[\"https:\/\/graziamagazine.com\/mx\/articles\/bradley-cooper-habla-de-su-adiccion-al-alcohol\/\"]}]},{\"@type\":\"BreadcrumbList\",\"@id\":\"https:\/\/graziamagazine.com\/mx\/articles\/bradley-cooper-habla-de-su-adiccion-al-alcohol\/#breadcrumb\",\"itemListElement\":[{\"@type\":\"ListItem\",\"position\":1,\"name\":\"Home\",\"item\":\"https:\/\/graziamagazine.com\/mx\/\"},{\"@type\":\"ListItem\",\"position\":2,\"name\":\"Bradley Cooper habla de su adicci\u00f3n al alcohol\"}]},{\"@type\":\"WebSite\",\"@id\":\"https:\/\/graziamagazine.com\/mx\/#website\",\"url\":\"https:\/\/graziamagazine.com\/mx\/\",\"name\":\"Grazia M\u00e9xico y Latinoam\u00e9rica\",\"description\":\"Grazia es moda, belleza y noticias  de actualidad \",\"potentialAction\":[{\"@type\":\"SearchAction\",\"target\":{\"@type\":\"EntryPoint\",\"urlTemplate\":\"https:\/\/graziamagazine.com\/mx\/?s={search_term_string}\"},\"query-input\":\"required name=search_term_string\"}],\"inLanguage\":\"es-MX\"}]}<\/script>\n<!-- \/ Yoast SEO Premium plugin. -->","yoast_head_json":{"title":"Bradley Cooper habla de su adicci\u00f3n al alcohol | Grazia M\u00e9xico y Latinoam\u00e9rica","description":"Bradley Cooper se puso sincero y abord\u00f3 uno de los temas m\u00e1s dif\u00edciles que ha experimentado en su vida personal: su alcoholismo. Como \u00e9l dijo, son ya 19","robots":{"index":"index","follow":"follow","max-snippet":"max-snippet:-1","max-image-preview":"max-image-preview:large","max-video-preview":"max-video-preview:-1"},"canonical":"https:\/\/graziamagazine.com\/mx\/articles\/bradley-cooper-habla-de-su-adiccion-al-alcohol\/","og_locale":"es_MX","og_type":"article","og_title":"Bradley Cooper habla de su adicci\u00f3n al alcohol","og_description":"Bradley Cooper se puso sincero y abord\u00f3 uno de los temas m\u00e1s dif\u00edciles que ha experimentado en su vida personal: su alcoholismo. Como \u00e9l dijo, son ya 19","og_url":"https:\/\/graziamagazine.com\/mx\/articles\/bradley-cooper-habla-de-su-adiccion-al-alcohol\/","og_site_name":"Grazia M\u00e9xico y Latinoam\u00e9rica","article_modified_time":"2023-08-23T21:06:20+00:00","og_image":[{"width":1063,"height":797,"url":"https:\/\/graziamagazine.com\/mx\/wp-content\/uploads\/sites\/13\/2020\/08\/Bradley-Cooper-regresa-a-los-sets-de-filmacio\u0301n-y-asi\u0301-se-ve-su-nuevo-personaje-.jpeg","type":"image\/jpeg"}],"twitter_card":"summary_large_image","twitter_misc":{"Est. reading time":"2 minutos"},"schema":{"@context":"https:\/\/schema.org","@graph":[{"@type":"WebPage","@id":"https:\/\/graziamagazine.com\/mx\/articles\/bradley-cooper-habla-de-su-adiccion-al-alcohol\/","url":"https:\/\/graziamagazine.com\/mx\/articles\/bradley-cooper-habla-de-su-adiccion-al-alcohol\/","name":"Bradley Cooper habla de su adicci\u00f3n al alcohol | Grazia M\u00e9xico y Latinoam\u00e9rica","isPartOf":{"@id":"https:\/\/graziamagazine.com\/mx\/#website"},"datePublished":"2023-08-23T16:38:10+00:00","dateModified":"2023-08-23T21:06:20+00:00","description":"Bradley Cooper se puso sincero y abord\u00f3 uno de los temas m\u00e1s dif\u00edciles que ha experimentado en su vida personal: su alcoholismo. Como \u00e9l dijo, son ya 19","breadcrumb":{"@id":"https:\/\/graziamagazine.com\/mx\/articles\/bradley-cooper-habla-de-su-adiccion-al-alcohol\/#breadcrumb"},"inLanguage":"es-MX","potentialAction":[{"@type":"ReadAction","target":["https:\/\/graziamagazine.com\/mx\/articles\/bradley-cooper-habla-de-su-adiccion-al-alcohol\/"]}]},{"@type":"BreadcrumbList","@id":"https:\/\/graziamagazine.com\/mx\/articles\/bradley-cooper-habla-de-su-adiccion-al-alcohol\/#breadcrumb","itemListElement":[{"@type":"ListItem","position":1,"name":"Home","item":"https:\/\/graziamagazine.com\/mx\/"},{"@type":"ListItem","position":2,"name":"Bradley Cooper habla de su adicci\u00f3n al alcohol"}]},{"@type":"WebSite","@id":"https:\/\/graziamagazine.com\/mx\/#website","url":"https:\/\/graziamagazine.com\/mx\/","name":"Grazia M\u00e9xico y Latinoam\u00e9rica","description":"Grazia es moda, belleza y noticias  de actualidad ","potentialAction":[{"@type":"SearchAction","target":{"@type":"EntryPoint","urlTemplate":"https:\/\/graziamagazine.com\/mx\/?s={search_term_string}"},"query-input":"required name=search_term_string"}],"inLanguage":"es-MX"}]}},"jetpack_sharing_enabled":true,"distributor_meta":false,"distributor_terms":false,"distributor_media":false,"distributor_original_site_name":"Grazia M\u00e9xico y Latinoam\u00e9rica","distributor_original_site_url":"https:\/\/graziamagazine.com\/mx","push-errors":false,"_links":{"self":[{"href":"https:\/\/graziamagazine.com\/mx\/wp-json\/wp\/v2\/articles\/128448"}],"collection":[{"href":"https:\/\/graziamagazine.com\/mx\/wp-json\/wp\/v2\/articles"}],"about":[{"href":"https:\/\/graziamagazine.com\/mx\/wp-json\/wp\/v2\/types\/articles"}],"author":[{"embeddable":true,"href":"https:\/\/graziamagazine.com\/mx\/wp-json\/wp\/v2\/users\/11628"}],"wp:featuredmedia":[{"embeddable":true,"href":"https:\/\/graziamagazine.com\/mx\/wp-json\/wp\/v2\/media\/88152"}],"wp:attachment":[{"href":"https:\/\/graziamagazine.com\/mx\/wp-json\/wp\/v2\/media?parent=128448"}],"wp:term":[{"taxonomy":"category","embeddable":true,"href":"https:\/\/graziamagazine.com\/mx\/wp-json\/wp\/v2\/categories?post=128448"}],"curies":[{"name":"wp","href":"https:\/\/api.w.org\/{rel}","templated":true}]}}