{"id":128263,"date":"2023-08-16T13:58:05","date_gmt":"2023-08-16T18:58:05","guid":{"rendered":"https:\/\/graziamagazine.com\/mx\/?post_type=articles&#038;p=128263"},"modified":"2023-08-18T14:31:49","modified_gmt":"2023-08-18T19:31:49","slug":"angelina-jolie-contrata-hija-vivienne-asistente","status":"publish","type":"articles","link":"https:\/\/graziamagazine.com\/mx\/articles\/angelina-jolie-contrata-hija-vivienne-asistente\/","title":{"rendered":"Angelina Jolie contrata a su hija Vivienne como asistente"},"content":{"rendered":"<p><b>Angelina Jolie<\/b><span style=\"font-weight: 400;\"> contrata a su hija menor <\/span><b>Vivienne Marcheline Jolie-Pitt <\/b><span style=\"font-weight: 400;\">como su asistente para la producci\u00f3n de <\/span><b><i>The Outsiders <\/i><\/b><span style=\"font-weight: 400;\">(<\/span><i><span style=\"font-weight: 400;\">Rebeldes<\/span><\/i><span style=\"font-weight: 400;\">), una adaptaci\u00f3n musical de la novela escrita por <\/span><b>S.E. Hinton<\/b><span style=\"font-weight: 400;\">.<\/span><\/p>\n<p><span style=\"font-weight: 400;\">\u201cViv me recuerda a mi madre porque no se enfoca en ser el centro de atenci\u00f3n sino en ser un apoyo para otros creativos\u201d, comparti\u00f3 la actriz en un comunicado para <\/span><b>Page Six<\/b><span style=\"font-weight: 400;\">.<\/span><\/p>\n<p><span style=\"font-weight: 400;\">\u201cElla es muy reflexiva y seria sobre el teatro y trabaja duro para comprender mejor c\u00f3mo contribuir\u201d, agreg\u00f3.<\/span><\/p>\n<p><i><span style=\"font-weight: 400;\">The Outsiders <\/span><\/i><span style=\"font-weight: 400;\">cuenta la historia cl\u00e1sica del malestar socioecon\u00f3mico que se viv\u00eda en las zonas rurales de <\/span><b>Estados Unidos<\/b><span style=\"font-weight: 400;\"> en la d\u00e9cada de los a\u00f1os 60, espec\u00edficamente la rivalidad entre las pandillas <\/span><b>Greasers<\/b><span style=\"font-weight: 400;\"> (clase trabajadora) y <\/span><b>Socs <\/b><span style=\"font-weight: 400;\">(clase alta).<\/span><\/p>\n<figure id=\"attachment_128266\" aria-describedby=\"caption-attachment-128266\" style=\"width: 304px\" class=\"wp-caption alignnone\"><img loading=\"lazy\" decoding=\"async\" class=\"size-medium wp-image-128266\" src=\"https:\/\/graziamagazine.com\/mx\/wp-content\/uploads\/sites\/13\/2023\/08\/Captura-de-Pantalla-2023-08-16-a-las-13.01.36.png?w=304\" alt=\"\" width=\"304\" height=\"450\" \/><figcaption id=\"caption-attachment-128266\" class=\"wp-caption-text\">Portada libro<\/figcaption><\/figure>\n<p><span style=\"font-weight: 400;\">La novela fue llevada al cine por <\/span><b>Francis Ford Coppola<\/b><span style=\"font-weight: 400;\"> en 1983, y siete a\u00f1os m\u00e1s tarde, en 1990, tuvo una adaptaci\u00f3n a una serie de televisi\u00f3n dirigida por el mismo director, sin embargo s\u00f3lo dur\u00f3 una temporada.<\/span><\/p>\n<figure id=\"attachment_128267\" aria-describedby=\"caption-attachment-128267\" style=\"width: 450px\" class=\"wp-caption alignnone\"><img loading=\"lazy\" decoding=\"async\" class=\"size-medium wp-image-128267\" src=\"https:\/\/graziamagazine.com\/mx\/wp-content\/uploads\/sites\/13\/2023\/08\/Captura-de-Pantalla-2023-08-16-a-las-13.02.27.png?w=450\" alt=\"\" width=\"450\" height=\"307\" \/><figcaption id=\"caption-attachment-128267\" class=\"wp-caption-text\">Getty<\/figcaption><\/figure>\n<p><span style=\"font-weight: 400;\">El gui\u00f3n para el esperado musical fue escrito por <\/span><b>Adam Rapp<\/b><span style=\"font-weight: 400;\">, finalista del premio <\/span><b>Pulitzer<\/b><span style=\"font-weight: 400;\">, y los genios detr\u00e1s de la m\u00fasica y letra son <\/span><b>Jamestown Revival<\/b><span style=\"font-weight: 400;\"> y <\/span><b>Justin Levine<\/b><span style=\"font-weight: 400;\">, ganador del premio <\/span><b>Tony<\/b><span style=\"font-weight: 400;\">.<\/span><\/p>\n<p><span style=\"font-weight: 400;\">Madre e hija asistieron al estreno mundial a principios de este a\u00f1o en <\/span><b>La Jolla Playhouse<\/b><span style=\"font-weight: 400;\"> en San Diego. Seg\u00fan <\/span><b>Page Six<\/b><span style=\"font-weight: 400;\">, Vivianne \u201cse enamor\u00f3\u201d del musical, y ambas se reunieron con la autora de la novela, quien inspir\u00f3 a Angelina a tener el papel principal en la producci\u00f3n de la obra.\u00a0<\/span><\/p>\n<figure id=\"attachment_128265\" aria-describedby=\"caption-attachment-128265\" style=\"width: 450px\" class=\"wp-caption alignnone\"><img loading=\"lazy\" decoding=\"async\" class=\"size-medium wp-image-128265\" src=\"https:\/\/graziamagazine.com\/mx\/wp-content\/uploads\/sites\/13\/2023\/08\/Captura-de-Pantalla-2023-08-16-a-las-12.39.56.png?w=450\" alt=\"\" width=\"450\" height=\"296\" \/><figcaption id=\"caption-attachment-128265\" class=\"wp-caption-text\">Getty<\/figcaption><\/figure>\n<p><span style=\"font-weight: 400;\">\u201cAngelina est\u00e1 entusiasmada. Cree que este es un musical para todas las edades, pero que podr\u00eda tener especial resonancia entre los m\u00e1s j\u00f3venes\u201d, coment\u00f3 una fuente cercana a la actriz a <\/span><b>Hola USA<\/b><span style=\"font-weight: 400;\">.<\/span><\/p>\n","protected":false},"author":36289,"featured_media":128264,"template":"","format":"standard","categories":[2],"acf":[],"yoast_head":"<!-- This site is optimized with the Yoast SEO Premium plugin v18.5 (Yoast SEO v20.4) - https:\/\/yoast.com\/wordpress\/plugins\/seo\/ -->\n<title>Angelina Jolie contrata a su hija Vivienne como asistente | Grazia M\u00e9xico y Latinoam\u00e9rica<\/title>\n<meta name=\"description\" content=\"Angelina Jolie contrata a su hija menor Vivienne Marcheline Jolie-Pitt como su asistente para la producci\u00f3n de The Outsiders (Rebeldes), una adaptaci\u00f3n\" \/>\n<meta name=\"robots\" content=\"index, follow, max-snippet:-1, max-image-preview:large, max-video-preview:-1\" \/>\n<link rel=\"canonical\" href=\"https:\/\/graziamagazine.com\/mx\/articles\/angelina-jolie-contrata-hija-vivienne-asistente\/\" \/>\n<meta property=\"og:locale\" content=\"es_MX\" \/>\n<meta property=\"og:type\" content=\"article\" \/>\n<meta property=\"og:title\" content=\"Angelina Jolie contrata a su hija Vivienne como asistente\" \/>\n<meta property=\"og:description\" content=\"Angelina Jolie contrata a su hija menor Vivienne Marcheline Jolie-Pitt como su asistente para la producci\u00f3n de The Outsiders (Rebeldes), una adaptaci\u00f3n\" \/>\n<meta property=\"og:url\" content=\"https:\/\/graziamagazine.com\/mx\/articles\/angelina-jolie-contrata-hija-vivienne-asistente\/\" \/>\n<meta property=\"og:site_name\" content=\"Grazia M\u00e9xico y Latinoam\u00e9rica\" \/>\n<meta property=\"article:modified_time\" content=\"2023-08-18T19:31:49+00:00\" \/>\n<meta property=\"og:image\" content=\"https:\/\/graziamagazine.com\/mx\/wp-content\/uploads\/sites\/13\/2023\/08\/WhatsApp-Image-2023-08-16-at-12.59.03-e1692212745616.jpeg\" \/>\n\t<meta property=\"og:image:width\" content=\"1125\" \/>\n\t<meta property=\"og:image:height\" content=\"720\" \/>\n\t<meta property=\"og:image:type\" content=\"image\/jpeg\" \/>\n<meta name=\"twitter:card\" content=\"summary_large_image\" \/>\n<meta name=\"twitter:label1\" content=\"Est. reading time\" \/>\n\t<meta name=\"twitter:data1\" content=\"2 minutos\" \/>\n<script type=\"application\/ld+json\" class=\"yoast-schema-graph\">{\"@context\":\"https:\/\/schema.org\",\"@graph\":[{\"@type\":\"WebPage\",\"@id\":\"https:\/\/graziamagazine.com\/mx\/articles\/angelina-jolie-contrata-hija-vivienne-asistente\/\",\"url\":\"https:\/\/graziamagazine.com\/mx\/articles\/angelina-jolie-contrata-hija-vivienne-asistente\/\",\"name\":\"Angelina Jolie contrata a su hija Vivienne como asistente | Grazia M\u00e9xico y Latinoam\u00e9rica\",\"isPartOf\":{\"@id\":\"https:\/\/graziamagazine.com\/mx\/#website\"},\"datePublished\":\"2023-08-16T18:58:05+00:00\",\"dateModified\":\"2023-08-18T19:31:49+00:00\",\"description\":\"Angelina Jolie contrata a su hija menor Vivienne Marcheline Jolie-Pitt como su asistente para la producci\u00f3n de The Outsiders (Rebeldes), una adaptaci\u00f3n\",\"breadcrumb\":{\"@id\":\"https:\/\/graziamagazine.com\/mx\/articles\/angelina-jolie-contrata-hija-vivienne-asistente\/#breadcrumb\"},\"inLanguage\":\"es-MX\",\"potentialAction\":[{\"@type\":\"ReadAction\",\"target\":[\"https:\/\/graziamagazine.com\/mx\/articles\/angelina-jolie-contrata-hija-vivienne-asistente\/\"]}]},{\"@type\":\"BreadcrumbList\",\"@id\":\"https:\/\/graziamagazine.com\/mx\/articles\/angelina-jolie-contrata-hija-vivienne-asistente\/#breadcrumb\",\"itemListElement\":[{\"@type\":\"ListItem\",\"position\":1,\"name\":\"Home\",\"item\":\"https:\/\/graziamagazine.com\/mx\/\"},{\"@type\":\"ListItem\",\"position\":2,\"name\":\"Angelina Jolie contrata a su hija Vivienne como asistente\"}]},{\"@type\":\"WebSite\",\"@id\":\"https:\/\/graziamagazine.com\/mx\/#website\",\"url\":\"https:\/\/graziamagazine.com\/mx\/\",\"name\":\"Grazia M\u00e9xico y Latinoam\u00e9rica\",\"description\":\"Grazia es moda, belleza y noticias  de actualidad \",\"potentialAction\":[{\"@type\":\"SearchAction\",\"target\":{\"@type\":\"EntryPoint\",\"urlTemplate\":\"https:\/\/graziamagazine.com\/mx\/?s={search_term_string}\"},\"query-input\":\"required name=search_term_string\"}],\"inLanguage\":\"es-MX\"}]}<\/script>\n<!-- \/ Yoast SEO Premium plugin. -->","yoast_head_json":{"title":"Angelina Jolie contrata a su hija Vivienne como asistente | Grazia M\u00e9xico y Latinoam\u00e9rica","description":"Angelina Jolie contrata a su hija menor Vivienne Marcheline Jolie-Pitt como su asistente para la producci\u00f3n de The Outsiders (Rebeldes), una adaptaci\u00f3n","robots":{"index":"index","follow":"follow","max-snippet":"max-snippet:-1","max-image-preview":"max-image-preview:large","max-video-preview":"max-video-preview:-1"},"canonical":"https:\/\/graziamagazine.com\/mx\/articles\/angelina-jolie-contrata-hija-vivienne-asistente\/","og_locale":"es_MX","og_type":"article","og_title":"Angelina Jolie contrata a su hija Vivienne como asistente","og_description":"Angelina Jolie contrata a su hija menor Vivienne Marcheline Jolie-Pitt como su asistente para la producci\u00f3n de The Outsiders (Rebeldes), una adaptaci\u00f3n","og_url":"https:\/\/graziamagazine.com\/mx\/articles\/angelina-jolie-contrata-hija-vivienne-asistente\/","og_site_name":"Grazia M\u00e9xico y Latinoam\u00e9rica","article_modified_time":"2023-08-18T19:31:49+00:00","og_image":[{"width":1125,"height":720,"url":"https:\/\/graziamagazine.com\/mx\/wp-content\/uploads\/sites\/13\/2023\/08\/WhatsApp-Image-2023-08-16-at-12.59.03-e1692212745616.jpeg","type":"image\/jpeg"}],"twitter_card":"summary_large_image","twitter_misc":{"Est. reading time":"2 minutos"},"schema":{"@context":"https:\/\/schema.org","@graph":[{"@type":"WebPage","@id":"https:\/\/graziamagazine.com\/mx\/articles\/angelina-jolie-contrata-hija-vivienne-asistente\/","url":"https:\/\/graziamagazine.com\/mx\/articles\/angelina-jolie-contrata-hija-vivienne-asistente\/","name":"Angelina Jolie contrata a su hija Vivienne como asistente | Grazia M\u00e9xico y Latinoam\u00e9rica","isPartOf":{"@id":"https:\/\/graziamagazine.com\/mx\/#website"},"datePublished":"2023-08-16T18:58:05+00:00","dateModified":"2023-08-18T19:31:49+00:00","description":"Angelina Jolie contrata a su hija menor Vivienne Marcheline Jolie-Pitt como su asistente para la producci\u00f3n de The Outsiders (Rebeldes), una adaptaci\u00f3n","breadcrumb":{"@id":"https:\/\/graziamagazine.com\/mx\/articles\/angelina-jolie-contrata-hija-vivienne-asistente\/#breadcrumb"},"inLanguage":"es-MX","potentialAction":[{"@type":"ReadAction","target":["https:\/\/graziamagazine.com\/mx\/articles\/angelina-jolie-contrata-hija-vivienne-asistente\/"]}]},{"@type":"BreadcrumbList","@id":"https:\/\/graziamagazine.com\/mx\/articles\/angelina-jolie-contrata-hija-vivienne-asistente\/#breadcrumb","itemListElement":[{"@type":"ListItem","position":1,"name":"Home","item":"https:\/\/graziamagazine.com\/mx\/"},{"@type":"ListItem","position":2,"name":"Angelina Jolie contrata a su hija Vivienne como asistente"}]},{"@type":"WebSite","@id":"https:\/\/graziamagazine.com\/mx\/#website","url":"https:\/\/graziamagazine.com\/mx\/","name":"Grazia M\u00e9xico y Latinoam\u00e9rica","description":"Grazia es moda, belleza y noticias  de actualidad ","potentialAction":[{"@type":"SearchAction","target":{"@type":"EntryPoint","urlTemplate":"https:\/\/graziamagazine.com\/mx\/?s={search_term_string}"},"query-input":"required name=search_term_string"}],"inLanguage":"es-MX"}]}},"jetpack_sharing_enabled":true,"distributor_meta":false,"distributor_terms":false,"distributor_media":false,"distributor_original_site_name":"Grazia M\u00e9xico y Latinoam\u00e9rica","distributor_original_site_url":"https:\/\/graziamagazine.com\/mx","push-errors":false,"_links":{"self":[{"href":"https:\/\/graziamagazine.com\/mx\/wp-json\/wp\/v2\/articles\/128263"}],"collection":[{"href":"https:\/\/graziamagazine.com\/mx\/wp-json\/wp\/v2\/articles"}],"about":[{"href":"https:\/\/graziamagazine.com\/mx\/wp-json\/wp\/v2\/types\/articles"}],"author":[{"embeddable":true,"href":"https:\/\/graziamagazine.com\/mx\/wp-json\/wp\/v2\/users\/36289"}],"wp:featuredmedia":[{"embeddable":true,"href":"https:\/\/graziamagazine.com\/mx\/wp-json\/wp\/v2\/media\/128264"}],"wp:attachment":[{"href":"https:\/\/graziamagazine.com\/mx\/wp-json\/wp\/v2\/media?parent=128263"}],"wp:term":[{"taxonomy":"category","embeddable":true,"href":"https:\/\/graziamagazine.com\/mx\/wp-json\/wp\/v2\/categories?post=128263"}],"curies":[{"name":"wp","href":"https:\/\/api.w.org\/{rel}","templated":true}]}}