{"id":128256,"date":"2023-08-16T12:27:07","date_gmt":"2023-08-16T17:27:07","guid":{"rendered":"https:\/\/graziamagazine.com\/mx\/?post_type=articles&#038;p=128256"},"modified":"2023-08-18T14:31:14","modified_gmt":"2023-08-18T19:31:14","slug":"opciones-ondulado-perfecto-tendencia","status":"publish","type":"articles","link":"https:\/\/graziamagazine.com\/mx\/articles\/opciones-ondulado-perfecto-tendencia\/","title":{"rendered":"Opciones de ondulado perfecto en tendencia"},"content":{"rendered":"<p><span style=\"font-weight: 400;\">Si eres de las personas a las que les gusta que las cosas duren mucho, y sobre todo cuando se trata del cuidado y aspecto de tu cabello, esta<\/span> opci\u00f3n<b> de ondulado permanente<\/b><span style=\"font-weight: 400;\"> te va a encantar.<\/span><\/p>\n<figure id=\"attachment_128261\" aria-describedby=\"caption-attachment-128261\" style=\"width: 450px\" class=\"wp-caption alignnone\"><img loading=\"lazy\" decoding=\"async\" class=\"size-medium wp-image-128261\" src=\"https:\/\/graziamagazine.com\/mx\/wp-content\/uploads\/sites\/13\/2023\/08\/WhatsApp-Image-2023-08-16-at-11.32.53.jpeg?w=450\" alt=\"\" width=\"450\" height=\"288\" \/><figcaption id=\"caption-attachment-128261\" class=\"wp-caption-text\">Instagram<\/figcaption><\/figure>\n<p><span style=\"font-weight: 400;\">La realidad es que los resultados de este proceso pueden durar hasta seis meses, y a trav\u00e9s de la aplicaci\u00f3n de un producto especial sobre la cut\u00edcula del cabello, es posible cambiar su estructura.<\/span><\/p>\n<p><span style=\"font-weight: 400;\">Es un proceso muy sencillo que consta de tres pasos: primero se deshace la textura o forma natural del cabello con un producto, en segundo lugar se le da la nueva forma que se quiere tener, y por \u00faltimo se aplica otro producto que ayudar\u00e1 a mantener la nueva forma.<\/span><\/p>\n<p><span style=\"font-weight: 400;\">A continuaci\u00f3n te dejamos una lista de tipos de ondulados permanentes que est\u00e1n en<\/span><b> tendencia<\/b><span style=\"font-weight: 400;\">, para que puedas elegir el que m\u00e1s te guste:<\/span><\/p>\n<h3><span style=\"font-weight: 400;\">Ondulado permanente con<\/span><b> ondas grandes<\/b><\/h3>\n<figure id=\"attachment_128260\" aria-describedby=\"caption-attachment-128260\" style=\"width: 446px\" class=\"wp-caption alignnone\"><img loading=\"lazy\" decoding=\"async\" class=\"size-medium wp-image-128260\" src=\"https:\/\/graziamagazine.com\/mx\/wp-content\/uploads\/sites\/13\/2023\/08\/WhatsApp-Image-2023-08-16-at-11.21.26.jpeg?w=446\" alt=\"\" width=\"446\" height=\"450\" \/><figcaption id=\"caption-attachment-128260\" class=\"wp-caption-text\">Instagram<\/figcaption><\/figure>\n<p><span style=\"font-weight: 400;\">Para este efecto, se utiliza un instrumento m\u00e1s grande, para que el resultado sean unas ondas m\u00e1s grandes y abiertas. Se recomienda para melenas largas y pesadas.<\/span><\/p>\n<h3><span style=\"font-weight: 400;\">Ondulado permanente en las puntas<\/span><\/h3>\n<figure id=\"attachment_128257\" aria-describedby=\"caption-attachment-128257\" style=\"width: 370px\" class=\"wp-caption alignnone\"><img loading=\"lazy\" decoding=\"async\" class=\"size-medium wp-image-128257\" src=\"https:\/\/graziamagazine.com\/mx\/wp-content\/uploads\/sites\/13\/2023\/08\/WhatsApp-Image-2023-08-16-at-11.21.26-1.jpeg?w=370\" alt=\"\" width=\"370\" height=\"450\" \/><figcaption id=\"caption-attachment-128257\" class=\"wp-caption-text\">Instagram<\/figcaption><\/figure>\n<p><span style=\"font-weight: 400;\">No necesariamente tienes que aplicar un ondulado en todo el cabello, pues s\u00f3lo puedes realizarlo en la mitad o en las puntas. Esta opci\u00f3n es ideal si tienes una base lacia o un poco ondulada naturalmente<\/span><\/p>\n<h3><span style=\"font-weight: 400;\">Ondulado permanente en cabello corto<\/span><\/h3>\n<figure id=\"attachment_128258\" aria-describedby=\"caption-attachment-128258\" style=\"width: 450px\" class=\"wp-caption alignnone\"><img loading=\"lazy\" decoding=\"async\" class=\"size-medium wp-image-128258\" src=\"https:\/\/graziamagazine.com\/mx\/wp-content\/uploads\/sites\/13\/2023\/08\/WhatsApp-Image-2023-08-16-at-11.21.26-2.jpeg?w=450\" alt=\"\" width=\"450\" height=\"330\" \/><figcaption id=\"caption-attachment-128258\" class=\"wp-caption-text\">Instagram<\/figcaption><\/figure>\n<p><span style=\"font-weight: 400;\">Si pensabas que tener el cabello corto te imped\u00eda lucir unas ondas incre\u00edbles, la realidad es que es todo lo contrario, ya que un experto podr\u00e1 realizar unas que se adapten al largo de tu cabello.<\/span><\/p>\n<p><span style=\"font-weight: 400;\">Si bien este proceso no maltratar\u00e1 tu cabello como otros procesos, la realidad es que sigue siendo un proceso qu\u00edmico y de una u otra forma podr\u00e1 da\u00f1arlo. Lo recomendable es no hacerlo si tienes el cabello muy fino o lo has expuesto a otros procesos recientemente.<\/span><\/p>\n<p><span style=\"font-weight: 400;\">As\u00ed que no esperes m\u00e1s para atreverte a probar cualquiera de estas opciones que seguramente vas a amar.<\/span><\/p>\n","protected":false},"author":36289,"featured_media":128259,"template":"","format":"standard","categories":[15260],"acf":[],"yoast_head":"<!-- This site is optimized with the Yoast SEO Premium plugin v18.5 (Yoast SEO v20.4) - https:\/\/yoast.com\/wordpress\/plugins\/seo\/ -->\n<title>Opciones de ondulado perfecto en tendencia | Grazia M\u00e9xico y Latinoam\u00e9rica<\/title>\n<meta name=\"description\" content=\"Si eres de las personas a las que les gusta que las cosas duren mucho, y sobre todo cuando se trata del cuidado y aspecto de tu cabello, esta opci\u00f3n de\" \/>\n<meta name=\"robots\" content=\"index, follow, max-snippet:-1, max-image-preview:large, max-video-preview:-1\" \/>\n<link rel=\"canonical\" href=\"https:\/\/graziamagazine.com\/mx\/articles\/opciones-ondulado-perfecto-tendencia\/\" \/>\n<meta property=\"og:locale\" content=\"es_MX\" \/>\n<meta property=\"og:type\" content=\"article\" \/>\n<meta property=\"og:title\" content=\"Opciones de ondulado perfecto en tendencia\" \/>\n<meta property=\"og:description\" content=\"Si eres de las personas a las que les gusta que las cosas duren mucho, y sobre todo cuando se trata del cuidado y aspecto de tu cabello, esta opci\u00f3n de\" \/>\n<meta property=\"og:url\" content=\"https:\/\/graziamagazine.com\/mx\/articles\/opciones-ondulado-perfecto-tendencia\/\" \/>\n<meta property=\"og:site_name\" content=\"Grazia M\u00e9xico y Latinoam\u00e9rica\" \/>\n<meta property=\"article:modified_time\" content=\"2023-08-18T19:31:14+00:00\" \/>\n<meta property=\"og:image\" content=\"https:\/\/graziamagazine.com\/mx\/wp-content\/uploads\/sites\/13\/2023\/08\/WhatsApp-Image-2023-08-16-at-11.21.26-3-e1692207462893.jpeg\" \/>\n\t<meta property=\"og:image:width\" content=\"1024\" \/>\n\t<meta property=\"og:image:height\" content=\"645\" \/>\n\t<meta property=\"og:image:type\" content=\"image\/jpeg\" \/>\n<meta name=\"twitter:card\" content=\"summary_large_image\" \/>\n<meta name=\"twitter:label1\" content=\"Est. reading time\" \/>\n\t<meta name=\"twitter:data1\" content=\"3 minutos\" \/>\n<script type=\"application\/ld+json\" class=\"yoast-schema-graph\">{\"@context\":\"https:\/\/schema.org\",\"@graph\":[{\"@type\":\"WebPage\",\"@id\":\"https:\/\/graziamagazine.com\/mx\/articles\/opciones-ondulado-perfecto-tendencia\/\",\"url\":\"https:\/\/graziamagazine.com\/mx\/articles\/opciones-ondulado-perfecto-tendencia\/\",\"name\":\"Opciones de ondulado perfecto en tendencia | Grazia M\u00e9xico y Latinoam\u00e9rica\",\"isPartOf\":{\"@id\":\"https:\/\/graziamagazine.com\/mx\/#website\"},\"datePublished\":\"2023-08-16T17:27:07+00:00\",\"dateModified\":\"2023-08-18T19:31:14+00:00\",\"description\":\"Si eres de las personas a las que les gusta que las cosas duren mucho, y sobre todo cuando se trata del cuidado y aspecto de tu cabello, esta opci\u00f3n de\",\"breadcrumb\":{\"@id\":\"https:\/\/graziamagazine.com\/mx\/articles\/opciones-ondulado-perfecto-tendencia\/#breadcrumb\"},\"inLanguage\":\"es-MX\",\"potentialAction\":[{\"@type\":\"ReadAction\",\"target\":[\"https:\/\/graziamagazine.com\/mx\/articles\/opciones-ondulado-perfecto-tendencia\/\"]}]},{\"@type\":\"BreadcrumbList\",\"@id\":\"https:\/\/graziamagazine.com\/mx\/articles\/opciones-ondulado-perfecto-tendencia\/#breadcrumb\",\"itemListElement\":[{\"@type\":\"ListItem\",\"position\":1,\"name\":\"Home\",\"item\":\"https:\/\/graziamagazine.com\/mx\/\"},{\"@type\":\"ListItem\",\"position\":2,\"name\":\"Opciones de ondulado perfecto en tendencia\"}]},{\"@type\":\"WebSite\",\"@id\":\"https:\/\/graziamagazine.com\/mx\/#website\",\"url\":\"https:\/\/graziamagazine.com\/mx\/\",\"name\":\"Grazia M\u00e9xico y Latinoam\u00e9rica\",\"description\":\"Grazia es moda, belleza y noticias  de actualidad \",\"potentialAction\":[{\"@type\":\"SearchAction\",\"target\":{\"@type\":\"EntryPoint\",\"urlTemplate\":\"https:\/\/graziamagazine.com\/mx\/?s={search_term_string}\"},\"query-input\":\"required name=search_term_string\"}],\"inLanguage\":\"es-MX\"}]}<\/script>\n<!-- \/ Yoast SEO Premium plugin. -->","yoast_head_json":{"title":"Opciones de ondulado perfecto en tendencia | Grazia M\u00e9xico y Latinoam\u00e9rica","description":"Si eres de las personas a las que les gusta que las cosas duren mucho, y sobre todo cuando se trata del cuidado y aspecto de tu cabello, esta opci\u00f3n de","robots":{"index":"index","follow":"follow","max-snippet":"max-snippet:-1","max-image-preview":"max-image-preview:large","max-video-preview":"max-video-preview:-1"},"canonical":"https:\/\/graziamagazine.com\/mx\/articles\/opciones-ondulado-perfecto-tendencia\/","og_locale":"es_MX","og_type":"article","og_title":"Opciones de ondulado perfecto en tendencia","og_description":"Si eres de las personas a las que les gusta que las cosas duren mucho, y sobre todo cuando se trata del cuidado y aspecto de tu cabello, esta opci\u00f3n de","og_url":"https:\/\/graziamagazine.com\/mx\/articles\/opciones-ondulado-perfecto-tendencia\/","og_site_name":"Grazia M\u00e9xico y Latinoam\u00e9rica","article_modified_time":"2023-08-18T19:31:14+00:00","og_image":[{"width":1024,"height":645,"url":"https:\/\/graziamagazine.com\/mx\/wp-content\/uploads\/sites\/13\/2023\/08\/WhatsApp-Image-2023-08-16-at-11.21.26-3-e1692207462893.jpeg","type":"image\/jpeg"}],"twitter_card":"summary_large_image","twitter_misc":{"Est. reading time":"3 minutos"},"schema":{"@context":"https:\/\/schema.org","@graph":[{"@type":"WebPage","@id":"https:\/\/graziamagazine.com\/mx\/articles\/opciones-ondulado-perfecto-tendencia\/","url":"https:\/\/graziamagazine.com\/mx\/articles\/opciones-ondulado-perfecto-tendencia\/","name":"Opciones de ondulado perfecto en tendencia | Grazia M\u00e9xico y Latinoam\u00e9rica","isPartOf":{"@id":"https:\/\/graziamagazine.com\/mx\/#website"},"datePublished":"2023-08-16T17:27:07+00:00","dateModified":"2023-08-18T19:31:14+00:00","description":"Si eres de las personas a las que les gusta que las cosas duren mucho, y sobre todo cuando se trata del cuidado y aspecto de tu cabello, esta opci\u00f3n de","breadcrumb":{"@id":"https:\/\/graziamagazine.com\/mx\/articles\/opciones-ondulado-perfecto-tendencia\/#breadcrumb"},"inLanguage":"es-MX","potentialAction":[{"@type":"ReadAction","target":["https:\/\/graziamagazine.com\/mx\/articles\/opciones-ondulado-perfecto-tendencia\/"]}]},{"@type":"BreadcrumbList","@id":"https:\/\/graziamagazine.com\/mx\/articles\/opciones-ondulado-perfecto-tendencia\/#breadcrumb","itemListElement":[{"@type":"ListItem","position":1,"name":"Home","item":"https:\/\/graziamagazine.com\/mx\/"},{"@type":"ListItem","position":2,"name":"Opciones de ondulado perfecto en tendencia"}]},{"@type":"WebSite","@id":"https:\/\/graziamagazine.com\/mx\/#website","url":"https:\/\/graziamagazine.com\/mx\/","name":"Grazia M\u00e9xico y Latinoam\u00e9rica","description":"Grazia es moda, belleza y noticias  de actualidad ","potentialAction":[{"@type":"SearchAction","target":{"@type":"EntryPoint","urlTemplate":"https:\/\/graziamagazine.com\/mx\/?s={search_term_string}"},"query-input":"required name=search_term_string"}],"inLanguage":"es-MX"}]}},"jetpack_sharing_enabled":true,"distributor_meta":false,"distributor_terms":false,"distributor_media":false,"distributor_original_site_name":"Grazia M\u00e9xico y Latinoam\u00e9rica","distributor_original_site_url":"https:\/\/graziamagazine.com\/mx","push-errors":false,"_links":{"self":[{"href":"https:\/\/graziamagazine.com\/mx\/wp-json\/wp\/v2\/articles\/128256"}],"collection":[{"href":"https:\/\/graziamagazine.com\/mx\/wp-json\/wp\/v2\/articles"}],"about":[{"href":"https:\/\/graziamagazine.com\/mx\/wp-json\/wp\/v2\/types\/articles"}],"author":[{"embeddable":true,"href":"https:\/\/graziamagazine.com\/mx\/wp-json\/wp\/v2\/users\/36289"}],"wp:featuredmedia":[{"embeddable":true,"href":"https:\/\/graziamagazine.com\/mx\/wp-json\/wp\/v2\/media\/128259"}],"wp:attachment":[{"href":"https:\/\/graziamagazine.com\/mx\/wp-json\/wp\/v2\/media?parent=128256"}],"wp:term":[{"taxonomy":"category","embeddable":true,"href":"https:\/\/graziamagazine.com\/mx\/wp-json\/wp\/v2\/categories?post=128256"}],"curies":[{"name":"wp","href":"https:\/\/api.w.org\/{rel}","templated":true}]}}