{"id":128105,"date":"2023-08-10T20:22:23","date_gmt":"2023-08-11T01:22:23","guid":{"rendered":"https:\/\/graziamagazine.com\/mx\/?post_type=articles&#038;p=128105"},"modified":"2023-08-10T20:25:13","modified_gmt":"2023-08-11T01:25:13","slug":"luis-miguel-cerrara-su-tour-2023-el-31-de-diciembre-con-concierto-en-la-riviera-maya","status":"publish","type":"articles","link":"https:\/\/graziamagazine.com\/mx\/articles\/luis-miguel-cerrara-su-tour-2023-el-31-de-diciembre-con-concierto-en-la-riviera-maya\/","title":{"rendered":"Luis Miguel cerrar\u00e1 su \u2018Tour 2023\u2019 el 31 de diciembre con concierto en la Riviera Maya"},"content":{"rendered":"<p><span style=\"font-weight: 400\"><strong>Luis Miguel<\/strong> se est\u00e1 preparando para terminar su tan esperada gira &#8211; <strong>Tour 2023<\/strong> &#8211; con un espectacular concierto el <strong>31 de diciembre<\/strong> que, adem\u00e1s, servir\u00e1 para despedir este a\u00f1o que termina, convirti\u00e9ndose en el mejor comienzo del pr\u00f3ximo 2024.<\/span><\/p>\n<p><span style=\"font-weight: 400\">El concierto se realizar\u00e1 en el ic\u00f3nico Campo de Golf El Camale\u00f3n, ubicado en <strong>Mayakoba, Riviera Maya<\/strong>. \u00bfTe imaginas? Playa, arena, calor y El Sol para cerrar este a\u00f1o con broche de oro.<\/span><\/p>\n<p><span style=\"font-weight: 400\">Los d\u00edas 15 y 16 de agosto comenzar\u00e1 la preventa exclusiva Santander a las 11 am, hora local Canc\u00fan. Despu\u00e9s, la venta general abierta al p\u00fablico comenzar\u00e1 un d\u00eda despu\u00e9s, el 17 de agosto a las 11 am.<\/span><\/p>\n<p><span style=\"font-weight: 400\">\u201cEl concierto de Luis Miguel en Mayakoba ser\u00e1 un evento \u00fanico en su tipo, lleno del cari\u00f1o que El Sol siempre ha demostrado para M\u00e9xico, con una duraci\u00f3n aproximada de dos horas. Adem\u00e1s, durante este evento los asistentes podr\u00e1n deleitarse con la vista nocturna y el ambiente \u00fanico que ofrece Mayakoba\u201d, explica un representante de Mayakoba.<\/span><\/p>\n<p><img loading=\"lazy\" decoding=\"async\" class=\"alignnone size-medium wp-image-128108\" src=\"https:\/\/graziamagazine.com\/mx\/wp-content\/uploads\/sites\/13\/2023\/08\/LM-Admat-2023-MAYAKOBA-final.jpg?w=300\" alt=\"\" width=\"300\" height=\"450\" \/><\/p>\n<p><span style=\"font-weight: 400\">El Tour 2023 comenz\u00f3 el 3 de agosto en Buenos Aires, Argentina, y pasar\u00e1 por importantes ciudades del continente como Santiago de Chile, Las Vegas, Nueva York, Chicago, Toronto, Los \u00c1ngeles y Miami, entre otras, para terminar con conciertos dentro del territorio mexicano y su gran cierre &#8211; estar alejado de los escenarios por aproximadamente 6 a\u00f1os &#8211; en el hotel Mayakoba de la Riviera Maya.\u00a0<\/span><\/p>\n<p><span style=\"font-weight: 400\">La venta de los boletos se llevar\u00e1 a cabo a trav\u00e9s de ser\u00e1n de la siguiente manera a trav\u00e9s de la plataforma <\/span><a href=\"http:\/\/www.funticket.mx\" target=\"_blank\"><span style=\"font-weight: 400\">www.funticket.mx<\/span><\/a><span style=\"font-weight: 400\">.<\/span><\/p>\n<p><span style=\"font-weight: 400\">\u00bfLista para el cierre de a\u00f1o de los sue\u00f1os?<\/span><\/p>\n","protected":false},"author":11628,"featured_media":95969,"template":"","format":"standard","categories":[12483],"acf":[],"yoast_head":"<!-- This site is optimized with the Yoast SEO Premium plugin v18.5 (Yoast SEO v20.4) - https:\/\/yoast.com\/wordpress\/plugins\/seo\/ -->\n<title>Luis Miguel cerrar\u00e1 su \u2018Tour 2023\u2019 el 31 de diciembre con concierto en la Riviera Maya | Grazia M\u00e9xico y Latinoam\u00e9rica<\/title>\n<meta name=\"description\" content=\"Luis Miguel se est\u00e1 preparando para terminar su tan esperada gira - Tour 2023 - con un espectacular concierto el 31 de diciembre que, adem\u00e1s, servir\u00e1 para\" \/>\n<meta name=\"robots\" content=\"index, follow, max-snippet:-1, max-image-preview:large, max-video-preview:-1\" \/>\n<link rel=\"canonical\" href=\"https:\/\/graziamagazine.com\/mx\/articles\/luis-miguel-cerrara-su-tour-2023-el-31-de-diciembre-con-concierto-en-la-riviera-maya\/\" \/>\n<meta property=\"og:locale\" content=\"es_MX\" \/>\n<meta property=\"og:type\" content=\"article\" \/>\n<meta property=\"og:title\" content=\"Luis Miguel cerrar\u00e1 su \u2018Tour 2023\u2019 el 31 de diciembre con concierto en la Riviera Maya\" \/>\n<meta property=\"og:description\" content=\"Luis Miguel se est\u00e1 preparando para terminar su tan esperada gira - Tour 2023 - con un espectacular concierto el 31 de diciembre que, adem\u00e1s, servir\u00e1 para\" \/>\n<meta property=\"og:url\" content=\"https:\/\/graziamagazine.com\/mx\/articles\/luis-miguel-cerrara-su-tour-2023-el-31-de-diciembre-con-concierto-en-la-riviera-maya\/\" \/>\n<meta property=\"og:site_name\" content=\"Grazia M\u00e9xico y Latinoam\u00e9rica\" \/>\n<meta property=\"article:modified_time\" content=\"2023-08-11T01:25:13+00:00\" \/>\n<meta property=\"og:image\" content=\"https:\/\/graziamagazine.com\/mx\/wp-content\/uploads\/sites\/13\/2021\/04\/la-relacion-entre-kim-kardashian-y-luis-miguel.jpeg\" \/>\n\t<meta property=\"og:image:width\" content=\"1200\" \/>\n\t<meta property=\"og:image:height\" content=\"650\" \/>\n\t<meta property=\"og:image:type\" content=\"image\/jpeg\" \/>\n<meta name=\"twitter:card\" content=\"summary_large_image\" \/>\n<meta name=\"twitter:label1\" content=\"Est. reading time\" \/>\n\t<meta name=\"twitter:data1\" content=\"2 minutos\" \/>\n<script type=\"application\/ld+json\" class=\"yoast-schema-graph\">{\"@context\":\"https:\/\/schema.org\",\"@graph\":[{\"@type\":\"WebPage\",\"@id\":\"https:\/\/graziamagazine.com\/mx\/articles\/luis-miguel-cerrara-su-tour-2023-el-31-de-diciembre-con-concierto-en-la-riviera-maya\/\",\"url\":\"https:\/\/graziamagazine.com\/mx\/articles\/luis-miguel-cerrara-su-tour-2023-el-31-de-diciembre-con-concierto-en-la-riviera-maya\/\",\"name\":\"Luis Miguel cerrar\u00e1 su \u2018Tour 2023\u2019 el 31 de diciembre con concierto en la Riviera Maya | Grazia M\u00e9xico y Latinoam\u00e9rica\",\"isPartOf\":{\"@id\":\"https:\/\/graziamagazine.com\/mx\/#website\"},\"datePublished\":\"2023-08-11T01:22:23+00:00\",\"dateModified\":\"2023-08-11T01:25:13+00:00\",\"description\":\"Luis Miguel se est\u00e1 preparando para terminar su tan esperada gira - Tour 2023 - con un espectacular concierto el 31 de diciembre que, adem\u00e1s, servir\u00e1 para\",\"breadcrumb\":{\"@id\":\"https:\/\/graziamagazine.com\/mx\/articles\/luis-miguel-cerrara-su-tour-2023-el-31-de-diciembre-con-concierto-en-la-riviera-maya\/#breadcrumb\"},\"inLanguage\":\"es-MX\",\"potentialAction\":[{\"@type\":\"ReadAction\",\"target\":[\"https:\/\/graziamagazine.com\/mx\/articles\/luis-miguel-cerrara-su-tour-2023-el-31-de-diciembre-con-concierto-en-la-riviera-maya\/\"]}]},{\"@type\":\"BreadcrumbList\",\"@id\":\"https:\/\/graziamagazine.com\/mx\/articles\/luis-miguel-cerrara-su-tour-2023-el-31-de-diciembre-con-concierto-en-la-riviera-maya\/#breadcrumb\",\"itemListElement\":[{\"@type\":\"ListItem\",\"position\":1,\"name\":\"Home\",\"item\":\"https:\/\/graziamagazine.com\/mx\/\"},{\"@type\":\"ListItem\",\"position\":2,\"name\":\"Luis Miguel cerrar\u00e1 su \u2018Tour 2023\u2019 el 31 de diciembre con concierto en la Riviera Maya\"}]},{\"@type\":\"WebSite\",\"@id\":\"https:\/\/graziamagazine.com\/mx\/#website\",\"url\":\"https:\/\/graziamagazine.com\/mx\/\",\"name\":\"Grazia M\u00e9xico y Latinoam\u00e9rica\",\"description\":\"Grazia es moda, belleza y noticias  de actualidad \",\"potentialAction\":[{\"@type\":\"SearchAction\",\"target\":{\"@type\":\"EntryPoint\",\"urlTemplate\":\"https:\/\/graziamagazine.com\/mx\/?s={search_term_string}\"},\"query-input\":\"required name=search_term_string\"}],\"inLanguage\":\"es-MX\"}]}<\/script>\n<!-- \/ Yoast SEO Premium plugin. -->","yoast_head_json":{"title":"Luis Miguel cerrar\u00e1 su \u2018Tour 2023\u2019 el 31 de diciembre con concierto en la Riviera Maya | Grazia M\u00e9xico y Latinoam\u00e9rica","description":"Luis Miguel se est\u00e1 preparando para terminar su tan esperada gira - Tour 2023 - con un espectacular concierto el 31 de diciembre que, adem\u00e1s, servir\u00e1 para","robots":{"index":"index","follow":"follow","max-snippet":"max-snippet:-1","max-image-preview":"max-image-preview:large","max-video-preview":"max-video-preview:-1"},"canonical":"https:\/\/graziamagazine.com\/mx\/articles\/luis-miguel-cerrara-su-tour-2023-el-31-de-diciembre-con-concierto-en-la-riviera-maya\/","og_locale":"es_MX","og_type":"article","og_title":"Luis Miguel cerrar\u00e1 su \u2018Tour 2023\u2019 el 31 de diciembre con concierto en la Riviera Maya","og_description":"Luis Miguel se est\u00e1 preparando para terminar su tan esperada gira - Tour 2023 - con un espectacular concierto el 31 de diciembre que, adem\u00e1s, servir\u00e1 para","og_url":"https:\/\/graziamagazine.com\/mx\/articles\/luis-miguel-cerrara-su-tour-2023-el-31-de-diciembre-con-concierto-en-la-riviera-maya\/","og_site_name":"Grazia M\u00e9xico y Latinoam\u00e9rica","article_modified_time":"2023-08-11T01:25:13+00:00","og_image":[{"width":1200,"height":650,"url":"https:\/\/graziamagazine.com\/mx\/wp-content\/uploads\/sites\/13\/2021\/04\/la-relacion-entre-kim-kardashian-y-luis-miguel.jpeg","type":"image\/jpeg"}],"twitter_card":"summary_large_image","twitter_misc":{"Est. reading time":"2 minutos"},"schema":{"@context":"https:\/\/schema.org","@graph":[{"@type":"WebPage","@id":"https:\/\/graziamagazine.com\/mx\/articles\/luis-miguel-cerrara-su-tour-2023-el-31-de-diciembre-con-concierto-en-la-riviera-maya\/","url":"https:\/\/graziamagazine.com\/mx\/articles\/luis-miguel-cerrara-su-tour-2023-el-31-de-diciembre-con-concierto-en-la-riviera-maya\/","name":"Luis Miguel cerrar\u00e1 su \u2018Tour 2023\u2019 el 31 de diciembre con concierto en la Riviera Maya | Grazia M\u00e9xico y Latinoam\u00e9rica","isPartOf":{"@id":"https:\/\/graziamagazine.com\/mx\/#website"},"datePublished":"2023-08-11T01:22:23+00:00","dateModified":"2023-08-11T01:25:13+00:00","description":"Luis Miguel se est\u00e1 preparando para terminar su tan esperada gira - Tour 2023 - con un espectacular concierto el 31 de diciembre que, adem\u00e1s, servir\u00e1 para","breadcrumb":{"@id":"https:\/\/graziamagazine.com\/mx\/articles\/luis-miguel-cerrara-su-tour-2023-el-31-de-diciembre-con-concierto-en-la-riviera-maya\/#breadcrumb"},"inLanguage":"es-MX","potentialAction":[{"@type":"ReadAction","target":["https:\/\/graziamagazine.com\/mx\/articles\/luis-miguel-cerrara-su-tour-2023-el-31-de-diciembre-con-concierto-en-la-riviera-maya\/"]}]},{"@type":"BreadcrumbList","@id":"https:\/\/graziamagazine.com\/mx\/articles\/luis-miguel-cerrara-su-tour-2023-el-31-de-diciembre-con-concierto-en-la-riviera-maya\/#breadcrumb","itemListElement":[{"@type":"ListItem","position":1,"name":"Home","item":"https:\/\/graziamagazine.com\/mx\/"},{"@type":"ListItem","position":2,"name":"Luis Miguel cerrar\u00e1 su \u2018Tour 2023\u2019 el 31 de diciembre con concierto en la Riviera Maya"}]},{"@type":"WebSite","@id":"https:\/\/graziamagazine.com\/mx\/#website","url":"https:\/\/graziamagazine.com\/mx\/","name":"Grazia M\u00e9xico y Latinoam\u00e9rica","description":"Grazia es moda, belleza y noticias  de actualidad ","potentialAction":[{"@type":"SearchAction","target":{"@type":"EntryPoint","urlTemplate":"https:\/\/graziamagazine.com\/mx\/?s={search_term_string}"},"query-input":"required name=search_term_string"}],"inLanguage":"es-MX"}]}},"jetpack_sharing_enabled":true,"distributor_meta":false,"distributor_terms":false,"distributor_media":false,"distributor_original_site_name":"Grazia M\u00e9xico y Latinoam\u00e9rica","distributor_original_site_url":"https:\/\/graziamagazine.com\/mx","push-errors":false,"_links":{"self":[{"href":"https:\/\/graziamagazine.com\/mx\/wp-json\/wp\/v2\/articles\/128105"}],"collection":[{"href":"https:\/\/graziamagazine.com\/mx\/wp-json\/wp\/v2\/articles"}],"about":[{"href":"https:\/\/graziamagazine.com\/mx\/wp-json\/wp\/v2\/types\/articles"}],"author":[{"embeddable":true,"href":"https:\/\/graziamagazine.com\/mx\/wp-json\/wp\/v2\/users\/11628"}],"wp:featuredmedia":[{"embeddable":true,"href":"https:\/\/graziamagazine.com\/mx\/wp-json\/wp\/v2\/media\/95969"}],"wp:attachment":[{"href":"https:\/\/graziamagazine.com\/mx\/wp-json\/wp\/v2\/media?parent=128105"}],"wp:term":[{"taxonomy":"category","embeddable":true,"href":"https:\/\/graziamagazine.com\/mx\/wp-json\/wp\/v2\/categories?post=128105"}],"curies":[{"name":"wp","href":"https:\/\/api.w.org\/{rel}","templated":true}]}}