{"id":128090,"date":"2023-08-10T17:26:43","date_gmt":"2023-08-10T22:26:43","guid":{"rendered":"https:\/\/graziamagazine.com\/mx\/?post_type=articles&#038;p=128090"},"modified":"2023-08-10T20:09:52","modified_gmt":"2023-08-11T01:09:52","slug":"harry-styles-taylor-russell-confirman-noviazgo","status":"publish","type":"articles","link":"https:\/\/graziamagazine.com\/mx\/articles\/harry-styles-taylor-russell-confirman-noviazgo\/","title":{"rendered":"Harry Styles y Taylor Russell confirman su noviazgo"},"content":{"rendered":"<p><b>Harry Styles<\/b><span style=\"font-weight: 400;\"> y <\/span><b>Taylor Russell<\/b><span style=\"font-weight: 400;\"> confirman su noviazgo pues se les ha visto juntos y muy cari\u00f1osos, pues el cantante asisti\u00f3 a la noche de prensa de <\/span><b><i>The Effect<\/i><\/b><span style=\"font-weight: 400;\">, la nueva obra protagonizada por la joven actriz. Y si esto fuera poco, despu\u00e9s del evento asistieron a un <\/span><b><i>after party<\/i><\/b><span style=\"font-weight: 400;\"> en donde no les import\u00f3 mostrar su romance al mundo.<\/span><\/p>\n<div class=\"content-gallery\"><div class=\"gallery-placeholder\"><div class=\"spinner\"><\/div><\/div><span class=\"gallery-pagination\"><\/span><div id=\"gallery-1\" class=\"gallery galleryid-128090 gallery-columns- gallery-size-\"><figure class=\"gallery-item\"><div class=\"gallery-icon landscape\"><img loading=\"lazy\" decoding=\"async\" width=\"1125\" height=\"1368\" src=\"https:\/\/graziamagazine.com\/mx\/wp-content\/uploads\/sites\/13\/2023\/08\/WhatsApp-Image-2023-08-10-at-16.27.59-1.jpeg\" class=\"lazy\" alt=\"\" \/><\/div><figcaption class=\"wp-caption-text gallery-caption\" id=\"gallery-1-128092\">Instagram<\/figcaption><\/figure><figure class=\"gallery-item\"><div class=\"gallery-icon landscape\"><img loading=\"lazy\" decoding=\"async\" width=\"1125\" height=\"1371\" src=\"https:\/\/graziamagazine.com\/mx\/wp-content\/uploads\/sites\/13\/2023\/08\/WhatsApp-Image-2023-08-10-at-16.27.59.jpeg\" class=\"lazy\" alt=\"\" \/><\/div><figcaption class=\"wp-caption-text gallery-caption\" id=\"gallery-1-128093\">Instagram<\/figcaption><\/figure><\/div><\/div>\n<p><span style=\"font-weight: 400;\">En las fotos capturadas por paparazzis, se les puede ver muy sonrientes platicando mientras que Harry toma por la cintura a Taylor. El ganador del <\/span><b>Grammy<\/b><span style=\"font-weight: 400;\"> parece estar llevando la relaci\u00f3n a otro nivel de compromiso, pues ya la present\u00f3 a su pareja de amigos <\/span><b>James Corden<\/b><span style=\"font-weight: 400;\"> y <\/span><b>Julia Carey<\/b><span style=\"font-weight: 400;\">.<\/span><\/p>\n<p><span style=\"font-weight: 400;\">Desde el mes de junio se les vio a trav\u00e9s de videos en <\/span><b>TikTok<\/b><span style=\"font-weight: 400;\"> tomados de la mano en una galer\u00eda de <\/span><b>Londres<\/b><span style=\"font-weight: 400;\">, lo que despert\u00f3 las sospechas de una relaci\u00f3n m\u00e1s seria entre los dos artistas.<\/span><\/p>\n<p><span style=\"font-weight: 400;\">Adem\u00e1s de que la actriz de 28 a\u00f1os tambi\u00e9n fue vista en el \u00faltimo concierto de Harry en Viena, Austria, lo cual fortalec\u00eda el rumor de un posible noviazgo.\u00a0<\/span><\/p>\n<figure id=\"attachment_128091\" aria-describedby=\"caption-attachment-128091\" style=\"width: 443px\" class=\"wp-caption alignnone\"><img loading=\"lazy\" decoding=\"async\" class=\"size-medium wp-image-128091\" src=\"https:\/\/graziamagazine.com\/mx\/wp-content\/uploads\/sites\/13\/2023\/08\/WhatsApp-Image-2023-08-10-at-16.27.57.jpeg?w=443\" alt=\"\" width=\"443\" height=\"450\" \/><figcaption id=\"caption-attachment-128091\" class=\"wp-caption-text\">Instagram<\/figcaption><\/figure>\n<p><span style=\"font-weight: 400;\">La pareja cruz\u00f3 miradas y todo comenz\u00f3 a suceder cuando se encontraron por primera vez en septiembre de 2022 en el <\/span><b>Festival Internacional de Cine de Venecia<\/b><span style=\"font-weight: 400;\">. Harry estaba promocionando <\/span><b><i>Don\u2019t Worry Darling<\/i><\/b><span style=\"font-weight: 400;\">, y por otro lado, Taylor presentaba su pel\u00edcula de romance <\/span><b><i>Bones and All<\/i><\/b><span style=\"font-weight: 400;\">.<\/span><\/p>\n<p><span style=\"font-weight: 400;\">Taylor Russel es una actriz canadiense que se ha posicionado como una de las nuevas promesas de <\/span><b>Hollywood<\/b><span style=\"font-weight: 400;\">, pues ha participado en varios proyectos como <\/span><b><i>Escape Room<\/i><\/b><span style=\"font-weight: 400;\">, <\/span><b><i>Waves<\/i><\/b><span style=\"font-weight: 400;\">, <\/span><b><i>Lost in Space<\/i><\/b><span style=\"font-weight: 400;\">, y <\/span><b><i>Bones and All<\/i><\/b><span style=\"font-weight: 400;\">, junto a <\/span><b>Timoth\u00e9e Chalamet<\/b><span style=\"font-weight: 400;\">, siendo la pel\u00edcula que la consolid\u00f3 como actriz.<\/span><\/p>\n<p><span style=\"font-weight: 400;\">A pesar de que ya pas\u00f3 casi un a\u00f1o desde la ruptura entre el int\u00e9rprete de <\/span><b><i>As It Was<\/i><\/b><span style=\"font-weight: 400;\"> y <\/span><b>Olivia Wilde<\/b><span style=\"font-weight: 400;\">, no cabe duda de que cuando llega el amor no importan las barreras que puedan existir, y Taylor ha demostrado que es la responsable de hacer que el Harry abriera de nuevo su coraz\u00f3n a esta nueva relaci\u00f3n.<\/span><\/p>\n","protected":false},"author":36289,"featured_media":128104,"template":"","format":"standard","categories":[2],"acf":[],"yoast_head":"<!-- This site is optimized with the Yoast SEO Premium plugin v18.5 (Yoast SEO v20.4) - https:\/\/yoast.com\/wordpress\/plugins\/seo\/ -->\n<title>Harry Styles y Taylor Russell confirman su noviazgo | Grazia M\u00e9xico y Latinoam\u00e9rica<\/title>\n<meta name=\"description\" content=\"Harry Styles y Taylor Russell confirman su noviazgo pues se les ha visto juntos y muy cari\u00f1osos, pues el cantante asisti\u00f3 a la noche de prensa de The\" \/>\n<meta name=\"robots\" content=\"index, follow, max-snippet:-1, max-image-preview:large, max-video-preview:-1\" \/>\n<link rel=\"canonical\" href=\"https:\/\/graziamagazine.com\/mx\/articles\/harry-styles-taylor-russell-confirman-noviazgo\/\" \/>\n<meta property=\"og:locale\" content=\"es_MX\" \/>\n<meta property=\"og:type\" content=\"article\" \/>\n<meta property=\"og:title\" content=\"Harry Styles y Taylor Russell confirman su noviazgo\" \/>\n<meta property=\"og:description\" content=\"Harry Styles y Taylor Russell confirman su noviazgo pues se les ha visto juntos y muy cari\u00f1osos, pues el cantante asisti\u00f3 a la noche de prensa de The\" \/>\n<meta property=\"og:url\" content=\"https:\/\/graziamagazine.com\/mx\/articles\/harry-styles-taylor-russell-confirman-noviazgo\/\" \/>\n<meta property=\"og:site_name\" content=\"Grazia M\u00e9xico y Latinoam\u00e9rica\" \/>\n<meta property=\"article:modified_time\" content=\"2023-08-11T01:09:52+00:00\" \/>\n<meta property=\"og:image\" content=\"https:\/\/graziamagazine.com\/mx\/wp-content\/uploads\/sites\/13\/2023\/08\/styles_russell.png\" \/>\n\t<meta property=\"og:image:width\" content=\"1280\" \/>\n\t<meta property=\"og:image:height\" content=\"720\" \/>\n\t<meta property=\"og:image:type\" content=\"image\/png\" \/>\n<meta name=\"twitter:card\" content=\"summary_large_image\" \/>\n<meta name=\"twitter:label1\" content=\"Est. reading time\" \/>\n\t<meta name=\"twitter:data1\" content=\"2 minutos\" \/>\n<script type=\"application\/ld+json\" class=\"yoast-schema-graph\">{\"@context\":\"https:\/\/schema.org\",\"@graph\":[{\"@type\":\"WebPage\",\"@id\":\"https:\/\/graziamagazine.com\/mx\/articles\/harry-styles-taylor-russell-confirman-noviazgo\/\",\"url\":\"https:\/\/graziamagazine.com\/mx\/articles\/harry-styles-taylor-russell-confirman-noviazgo\/\",\"name\":\"Harry Styles y Taylor Russell confirman su noviazgo | Grazia M\u00e9xico y Latinoam\u00e9rica\",\"isPartOf\":{\"@id\":\"https:\/\/graziamagazine.com\/mx\/#website\"},\"datePublished\":\"2023-08-10T22:26:43+00:00\",\"dateModified\":\"2023-08-11T01:09:52+00:00\",\"description\":\"Harry Styles y Taylor Russell confirman su noviazgo pues se les ha visto juntos y muy cari\u00f1osos, pues el cantante asisti\u00f3 a la noche de prensa de The\",\"breadcrumb\":{\"@id\":\"https:\/\/graziamagazine.com\/mx\/articles\/harry-styles-taylor-russell-confirman-noviazgo\/#breadcrumb\"},\"inLanguage\":\"es-MX\",\"potentialAction\":[{\"@type\":\"ReadAction\",\"target\":[\"https:\/\/graziamagazine.com\/mx\/articles\/harry-styles-taylor-russell-confirman-noviazgo\/\"]}]},{\"@type\":\"BreadcrumbList\",\"@id\":\"https:\/\/graziamagazine.com\/mx\/articles\/harry-styles-taylor-russell-confirman-noviazgo\/#breadcrumb\",\"itemListElement\":[{\"@type\":\"ListItem\",\"position\":1,\"name\":\"Home\",\"item\":\"https:\/\/graziamagazine.com\/mx\/\"},{\"@type\":\"ListItem\",\"position\":2,\"name\":\"Harry Styles y Taylor Russell confirman su noviazgo\"}]},{\"@type\":\"WebSite\",\"@id\":\"https:\/\/graziamagazine.com\/mx\/#website\",\"url\":\"https:\/\/graziamagazine.com\/mx\/\",\"name\":\"Grazia M\u00e9xico y Latinoam\u00e9rica\",\"description\":\"Grazia es moda, belleza y noticias  de actualidad \",\"potentialAction\":[{\"@type\":\"SearchAction\",\"target\":{\"@type\":\"EntryPoint\",\"urlTemplate\":\"https:\/\/graziamagazine.com\/mx\/?s={search_term_string}\"},\"query-input\":\"required name=search_term_string\"}],\"inLanguage\":\"es-MX\"}]}<\/script>\n<!-- \/ Yoast SEO Premium plugin. -->","yoast_head_json":{"title":"Harry Styles y Taylor Russell confirman su noviazgo | Grazia M\u00e9xico y Latinoam\u00e9rica","description":"Harry Styles y Taylor Russell confirman su noviazgo pues se les ha visto juntos y muy cari\u00f1osos, pues el cantante asisti\u00f3 a la noche de prensa de The","robots":{"index":"index","follow":"follow","max-snippet":"max-snippet:-1","max-image-preview":"max-image-preview:large","max-video-preview":"max-video-preview:-1"},"canonical":"https:\/\/graziamagazine.com\/mx\/articles\/harry-styles-taylor-russell-confirman-noviazgo\/","og_locale":"es_MX","og_type":"article","og_title":"Harry Styles y Taylor Russell confirman su noviazgo","og_description":"Harry Styles y Taylor Russell confirman su noviazgo pues se les ha visto juntos y muy cari\u00f1osos, pues el cantante asisti\u00f3 a la noche de prensa de The","og_url":"https:\/\/graziamagazine.com\/mx\/articles\/harry-styles-taylor-russell-confirman-noviazgo\/","og_site_name":"Grazia M\u00e9xico y Latinoam\u00e9rica","article_modified_time":"2023-08-11T01:09:52+00:00","og_image":[{"width":1280,"height":720,"url":"https:\/\/graziamagazine.com\/mx\/wp-content\/uploads\/sites\/13\/2023\/08\/styles_russell.png","type":"image\/png"}],"twitter_card":"summary_large_image","twitter_misc":{"Est. reading time":"2 minutos"},"schema":{"@context":"https:\/\/schema.org","@graph":[{"@type":"WebPage","@id":"https:\/\/graziamagazine.com\/mx\/articles\/harry-styles-taylor-russell-confirman-noviazgo\/","url":"https:\/\/graziamagazine.com\/mx\/articles\/harry-styles-taylor-russell-confirman-noviazgo\/","name":"Harry Styles y Taylor Russell confirman su noviazgo | Grazia M\u00e9xico y Latinoam\u00e9rica","isPartOf":{"@id":"https:\/\/graziamagazine.com\/mx\/#website"},"datePublished":"2023-08-10T22:26:43+00:00","dateModified":"2023-08-11T01:09:52+00:00","description":"Harry Styles y Taylor Russell confirman su noviazgo pues se les ha visto juntos y muy cari\u00f1osos, pues el cantante asisti\u00f3 a la noche de prensa de The","breadcrumb":{"@id":"https:\/\/graziamagazine.com\/mx\/articles\/harry-styles-taylor-russell-confirman-noviazgo\/#breadcrumb"},"inLanguage":"es-MX","potentialAction":[{"@type":"ReadAction","target":["https:\/\/graziamagazine.com\/mx\/articles\/harry-styles-taylor-russell-confirman-noviazgo\/"]}]},{"@type":"BreadcrumbList","@id":"https:\/\/graziamagazine.com\/mx\/articles\/harry-styles-taylor-russell-confirman-noviazgo\/#breadcrumb","itemListElement":[{"@type":"ListItem","position":1,"name":"Home","item":"https:\/\/graziamagazine.com\/mx\/"},{"@type":"ListItem","position":2,"name":"Harry Styles y Taylor Russell confirman su noviazgo"}]},{"@type":"WebSite","@id":"https:\/\/graziamagazine.com\/mx\/#website","url":"https:\/\/graziamagazine.com\/mx\/","name":"Grazia M\u00e9xico y Latinoam\u00e9rica","description":"Grazia es moda, belleza y noticias  de actualidad ","potentialAction":[{"@type":"SearchAction","target":{"@type":"EntryPoint","urlTemplate":"https:\/\/graziamagazine.com\/mx\/?s={search_term_string}"},"query-input":"required name=search_term_string"}],"inLanguage":"es-MX"}]}},"jetpack_sharing_enabled":true,"distributor_meta":false,"distributor_terms":false,"distributor_media":false,"distributor_original_site_name":"Grazia M\u00e9xico y Latinoam\u00e9rica","distributor_original_site_url":"https:\/\/graziamagazine.com\/mx","push-errors":false,"_links":{"self":[{"href":"https:\/\/graziamagazine.com\/mx\/wp-json\/wp\/v2\/articles\/128090"}],"collection":[{"href":"https:\/\/graziamagazine.com\/mx\/wp-json\/wp\/v2\/articles"}],"about":[{"href":"https:\/\/graziamagazine.com\/mx\/wp-json\/wp\/v2\/types\/articles"}],"author":[{"embeddable":true,"href":"https:\/\/graziamagazine.com\/mx\/wp-json\/wp\/v2\/users\/36289"}],"wp:featuredmedia":[{"embeddable":true,"href":"https:\/\/graziamagazine.com\/mx\/wp-json\/wp\/v2\/media\/128104"}],"wp:attachment":[{"href":"https:\/\/graziamagazine.com\/mx\/wp-json\/wp\/v2\/media?parent=128090"}],"wp:term":[{"taxonomy":"category","embeddable":true,"href":"https:\/\/graziamagazine.com\/mx\/wp-json\/wp\/v2\/categories?post=128090"}],"curies":[{"name":"wp","href":"https:\/\/api.w.org\/{rel}","templated":true}]}}