{"id":128048,"date":"2023-08-09T13:39:17","date_gmt":"2023-08-09T18:39:17","guid":{"rendered":"https:\/\/graziamagazine.com\/mx\/?post_type=articles&#038;p=128048"},"modified":"2023-08-09T13:41:36","modified_gmt":"2023-08-09T18:41:36","slug":"quien-es-el-misterioso-guardaespaldas-de-beyonce-que-se-ha-vuelto-viral","status":"publish","type":"articles","link":"https:\/\/graziamagazine.com\/mx\/articles\/quien-es-el-misterioso-guardaespaldas-de-beyonce-que-se-ha-vuelto-viral\/","title":{"rendered":"\u00bfQui\u00e9n es el misterioso guardaespaldas de Beyonc\u00e9 que se ha vuelto viral?"},"content":{"rendered":"<p><span style=\"font-weight: 400\">Es incre\u00edble, pero en pleno concierto del <strong>Renaissance World Tour<\/strong> de <strong>Beyonc\u00e9<\/strong>, otra persona atrajo la atenci\u00f3n del p\u00fablico mientras <em>Queen B<\/em> hac\u00eda lo suyo en el escenario de Landover, Maryland: su guardaespaldas.<\/span><\/p>\n<p><span style=\"font-weight: 400\">El musculoso hombre apareci\u00f3 en las grabaciones de los fans, ya que estaba muy cerca de Beyonc\u00e9 justamente para realizar su trabajo y reaccionar de inmediato ante cualquier situaci\u00f3n. \u00c9l es <strong>James Plaza<\/strong>, y adem\u00e1s de su trajeado trabajo con la cantante, tiene una cuenta de Instagram plagada de fotos en las que presume sus pectorales.<\/span><\/p>\n<blockquote class=\"tiktok-embed\" cite=\"https:\/\/www.tiktok.com\/@amanda.paigeeee\/video\/7264475110935989546\" data-video-id=\"7264475110935989546\" data-embed-from=\"oembed\" style=\"max-width: 605px;min-width: 325px;\" >\n<section> <a href=\"https:\/\/www.tiktok.com\/@amanda.paigeeee?refer=embed\"target=\"_blank\" title=\"@amanda.paigeeee\"  target=\"_blank\">@amanda.paigeeee<\/a> <\/p>\n<p>DC night 2\ud83e\ude76 Beyonce stared into my soul\ud83e\udd79<a href=\"https:\/\/www.tiktok.com\/tag\/beyonce?refer=embed\"title=\"beyonce\" target=\"_blank\"  target=\"_blank\">#beyonce<\/a> <a href=\"https:\/\/www.tiktok.com\/tag\/renaissanceworldtour?refer=embed\"title=\"renaissanceworldtour\" target=\"_blank\"  target=\"_blank\">#renaissanceworldtour<\/a> <a href=\"https:\/\/www.tiktok.com\/tag\/clubrenaissance?refer=embed\"title=\"clubrenaissance\" target=\"_blank\"  target=\"_blank\">#clubrenaissance<\/a> <a href=\"https:\/\/www.tiktok.com\/tag\/renaissancetour?refer=embed\"title=\"renaissancetour\" target=\"_blank\"  target=\"_blank\">#renaissancetour<\/a> <a href=\"https:\/\/www.tiktok.com\/tag\/beyoncerenaissancetour?refer=embed\"title=\"beyoncerenaissancetour\" target=\"_blank\"  target=\"_blank\">#beyoncerenaissancetour<\/a> <\/p>\n<p> <a href=\"https:\/\/www.tiktok.com\/music\/original-sound-7264475183577041710?refer=embed\"target=\"_blank\" title=\"\u266c original sound - Amanda\ud83d\udc95\"  target=\"_blank\">\u266c original sound &#8211; Amanda\ud83d\udc95<\/a> <\/section>\n<\/blockquote>\n<p> <script async src=\"https:\/\/www.tiktok.com\/embed.js\"><\/script><\/p>\n<p><span style=\"font-weight: 400\">Plaza se volvi\u00f3 viral el domingo 6 de agosto, cuando trabaj\u00f3 como parte del cuerpo de seguridad de Beyonc\u00e9 durante su concierto en el FedEx Field del ya mencionado estado de los Estados Unidos.<\/span><\/p>\n<p><span style=\"font-weight: 400\">En el video donde se ve el rostro de Plaza en primer plano, Beyonc\u00e9 interpreta <em><strong>Energy<\/strong><\/em>, y se ha convertido en uno de los momentos m\u00e1s virales de la gira. En cierto momento, mientras Beyonc\u00e9 guarda silencio y la multitud grita, emocionada, se aprecia a James Plaza sonre\u00edr frente a los fans.<\/span><\/p>\n<p><img loading=\"lazy\" decoding=\"async\" class=\"alignnone size-medium wp-image-128049\" src=\"https:\/\/graziamagazine.com\/mx\/wp-content\/uploads\/sites\/13\/2023\/08\/Captura-de-Pantalla-2023-08-09-a-las-12.16.10.png?w=360\" alt=\"\" width=\"360\" height=\"450\" \/><\/p>\n<p><span style=\"font-weight: 400\">Despu\u00e9s de este clip viral, Internet investig\u00f3 un poco y localiz\u00f3 sus redes sociales. Seg\u00fan su Instagram, James Plaza es un culturista profesional al que le encanta mostrar su progreso.<\/span><\/p>\n<p><span style=\"font-weight: 400\">A juzgar por su feed de Instagram, este guardaespaldas ha acumulado varios premios a trav\u00e9s de concursos. Tambi\u00e9n comparte clips de sus competencias en su canal de YouTube, y muchas, muchas selfies sin playera.<\/span><\/p>\n","protected":false},"author":11628,"featured_media":126202,"template":"","format":"standard","categories":[2],"acf":[],"yoast_head":"<!-- This site is optimized with the Yoast SEO Premium plugin v18.5 (Yoast SEO v20.4) - https:\/\/yoast.com\/wordpress\/plugins\/seo\/ -->\n<title>\u00bfQui\u00e9n es el misterioso guardaespaldas de Beyonc\u00e9 que se ha vuelto viral? | Grazia M\u00e9xico y Latinoam\u00e9rica<\/title>\n<meta name=\"description\" content=\"Es incre\u00edble, pero en pleno concierto del Renaissance World Tour de Beyonc\u00e9, otra persona atrajo la atenci\u00f3n del p\u00fablico mientras Queen B hac\u00eda lo suyo en\" \/>\n<meta name=\"robots\" content=\"index, follow, max-snippet:-1, max-image-preview:large, max-video-preview:-1\" \/>\n<link rel=\"canonical\" href=\"https:\/\/graziamagazine.com\/mx\/articles\/quien-es-el-misterioso-guardaespaldas-de-beyonce-que-se-ha-vuelto-viral\/\" \/>\n<meta property=\"og:locale\" content=\"es_MX\" \/>\n<meta property=\"og:type\" content=\"article\" \/>\n<meta property=\"og:title\" content=\"\u00bfQui\u00e9n es el misterioso guardaespaldas de Beyonc\u00e9 que se ha vuelto viral?\" \/>\n<meta property=\"og:description\" content=\"Es incre\u00edble, pero en pleno concierto del Renaissance World Tour de Beyonc\u00e9, otra persona atrajo la atenci\u00f3n del p\u00fablico mientras Queen B hac\u00eda lo suyo en\" \/>\n<meta property=\"og:url\" content=\"https:\/\/graziamagazine.com\/mx\/articles\/quien-es-el-misterioso-guardaespaldas-de-beyonce-que-se-ha-vuelto-viral\/\" \/>\n<meta property=\"og:site_name\" content=\"Grazia M\u00e9xico y Latinoam\u00e9rica\" \/>\n<meta property=\"article:modified_time\" content=\"2023-08-09T18:41:36+00:00\" \/>\n<meta property=\"og:image\" content=\"https:\/\/graziamagazine.com\/mx\/wp-content\/uploads\/sites\/13\/2023\/06\/FENDI-for-Beyonce-_-Barcelona-show-3.jpeg\" \/>\n\t<meta property=\"og:image:width\" content=\"1024\" \/>\n\t<meta property=\"og:image:height\" content=\"683\" \/>\n\t<meta property=\"og:image:type\" content=\"image\/jpeg\" \/>\n<meta name=\"twitter:card\" content=\"summary_large_image\" \/>\n<meta name=\"twitter:label1\" content=\"Est. reading time\" \/>\n\t<meta name=\"twitter:data1\" content=\"2 minutos\" \/>\n<script type=\"application\/ld+json\" class=\"yoast-schema-graph\">{\"@context\":\"https:\/\/schema.org\",\"@graph\":[{\"@type\":\"WebPage\",\"@id\":\"https:\/\/graziamagazine.com\/mx\/articles\/quien-es-el-misterioso-guardaespaldas-de-beyonce-que-se-ha-vuelto-viral\/\",\"url\":\"https:\/\/graziamagazine.com\/mx\/articles\/quien-es-el-misterioso-guardaespaldas-de-beyonce-que-se-ha-vuelto-viral\/\",\"name\":\"\u00bfQui\u00e9n es el misterioso guardaespaldas de Beyonc\u00e9 que se ha vuelto viral? | Grazia M\u00e9xico y Latinoam\u00e9rica\",\"isPartOf\":{\"@id\":\"https:\/\/graziamagazine.com\/mx\/#website\"},\"datePublished\":\"2023-08-09T18:39:17+00:00\",\"dateModified\":\"2023-08-09T18:41:36+00:00\",\"description\":\"Es incre\u00edble, pero en pleno concierto del Renaissance World Tour de Beyonc\u00e9, otra persona atrajo la atenci\u00f3n del p\u00fablico mientras Queen B hac\u00eda lo suyo en\",\"breadcrumb\":{\"@id\":\"https:\/\/graziamagazine.com\/mx\/articles\/quien-es-el-misterioso-guardaespaldas-de-beyonce-que-se-ha-vuelto-viral\/#breadcrumb\"},\"inLanguage\":\"es-MX\",\"potentialAction\":[{\"@type\":\"ReadAction\",\"target\":[\"https:\/\/graziamagazine.com\/mx\/articles\/quien-es-el-misterioso-guardaespaldas-de-beyonce-que-se-ha-vuelto-viral\/\"]}]},{\"@type\":\"BreadcrumbList\",\"@id\":\"https:\/\/graziamagazine.com\/mx\/articles\/quien-es-el-misterioso-guardaespaldas-de-beyonce-que-se-ha-vuelto-viral\/#breadcrumb\",\"itemListElement\":[{\"@type\":\"ListItem\",\"position\":1,\"name\":\"Home\",\"item\":\"https:\/\/graziamagazine.com\/mx\/\"},{\"@type\":\"ListItem\",\"position\":2,\"name\":\"\u00bfQui\u00e9n es el misterioso guardaespaldas de Beyonc\u00e9 que se ha vuelto viral?\"}]},{\"@type\":\"WebSite\",\"@id\":\"https:\/\/graziamagazine.com\/mx\/#website\",\"url\":\"https:\/\/graziamagazine.com\/mx\/\",\"name\":\"Grazia M\u00e9xico y Latinoam\u00e9rica\",\"description\":\"Grazia es moda, belleza y noticias  de actualidad \",\"potentialAction\":[{\"@type\":\"SearchAction\",\"target\":{\"@type\":\"EntryPoint\",\"urlTemplate\":\"https:\/\/graziamagazine.com\/mx\/?s={search_term_string}\"},\"query-input\":\"required name=search_term_string\"}],\"inLanguage\":\"es-MX\"}]}<\/script>\n<!-- \/ Yoast SEO Premium plugin. -->","yoast_head_json":{"title":"\u00bfQui\u00e9n es el misterioso guardaespaldas de Beyonc\u00e9 que se ha vuelto viral? | Grazia M\u00e9xico y Latinoam\u00e9rica","description":"Es incre\u00edble, pero en pleno concierto del Renaissance World Tour de Beyonc\u00e9, otra persona atrajo la atenci\u00f3n del p\u00fablico mientras Queen B hac\u00eda lo suyo en","robots":{"index":"index","follow":"follow","max-snippet":"max-snippet:-1","max-image-preview":"max-image-preview:large","max-video-preview":"max-video-preview:-1"},"canonical":"https:\/\/graziamagazine.com\/mx\/articles\/quien-es-el-misterioso-guardaespaldas-de-beyonce-que-se-ha-vuelto-viral\/","og_locale":"es_MX","og_type":"article","og_title":"\u00bfQui\u00e9n es el misterioso guardaespaldas de Beyonc\u00e9 que se ha vuelto viral?","og_description":"Es incre\u00edble, pero en pleno concierto del Renaissance World Tour de Beyonc\u00e9, otra persona atrajo la atenci\u00f3n del p\u00fablico mientras Queen B hac\u00eda lo suyo en","og_url":"https:\/\/graziamagazine.com\/mx\/articles\/quien-es-el-misterioso-guardaespaldas-de-beyonce-que-se-ha-vuelto-viral\/","og_site_name":"Grazia M\u00e9xico y Latinoam\u00e9rica","article_modified_time":"2023-08-09T18:41:36+00:00","og_image":[{"url":"https:\/\/graziamagazine.com\/mx\/wp-content\/uploads\/sites\/13\/2023\/06\/FENDI-for-Beyonce-_-Barcelona-show-3.jpeg","width":1024,"height":683,"type":"image\/jpeg"}],"twitter_card":"summary_large_image","twitter_misc":{"Est. reading time":"2 minutos"},"schema":{"@context":"https:\/\/schema.org","@graph":[{"@type":"WebPage","@id":"https:\/\/graziamagazine.com\/mx\/articles\/quien-es-el-misterioso-guardaespaldas-de-beyonce-que-se-ha-vuelto-viral\/","url":"https:\/\/graziamagazine.com\/mx\/articles\/quien-es-el-misterioso-guardaespaldas-de-beyonce-que-se-ha-vuelto-viral\/","name":"\u00bfQui\u00e9n es el misterioso guardaespaldas de Beyonc\u00e9 que se ha vuelto viral? | Grazia M\u00e9xico y Latinoam\u00e9rica","isPartOf":{"@id":"https:\/\/graziamagazine.com\/mx\/#website"},"datePublished":"2023-08-09T18:39:17+00:00","dateModified":"2023-08-09T18:41:36+00:00","description":"Es incre\u00edble, pero en pleno concierto del Renaissance World Tour de Beyonc\u00e9, otra persona atrajo la atenci\u00f3n del p\u00fablico mientras Queen B hac\u00eda lo suyo en","breadcrumb":{"@id":"https:\/\/graziamagazine.com\/mx\/articles\/quien-es-el-misterioso-guardaespaldas-de-beyonce-que-se-ha-vuelto-viral\/#breadcrumb"},"inLanguage":"es-MX","potentialAction":[{"@type":"ReadAction","target":["https:\/\/graziamagazine.com\/mx\/articles\/quien-es-el-misterioso-guardaespaldas-de-beyonce-que-se-ha-vuelto-viral\/"]}]},{"@type":"BreadcrumbList","@id":"https:\/\/graziamagazine.com\/mx\/articles\/quien-es-el-misterioso-guardaespaldas-de-beyonce-que-se-ha-vuelto-viral\/#breadcrumb","itemListElement":[{"@type":"ListItem","position":1,"name":"Home","item":"https:\/\/graziamagazine.com\/mx\/"},{"@type":"ListItem","position":2,"name":"\u00bfQui\u00e9n es el misterioso guardaespaldas de Beyonc\u00e9 que se ha vuelto viral?"}]},{"@type":"WebSite","@id":"https:\/\/graziamagazine.com\/mx\/#website","url":"https:\/\/graziamagazine.com\/mx\/","name":"Grazia M\u00e9xico y Latinoam\u00e9rica","description":"Grazia es moda, belleza y noticias  de actualidad ","potentialAction":[{"@type":"SearchAction","target":{"@type":"EntryPoint","urlTemplate":"https:\/\/graziamagazine.com\/mx\/?s={search_term_string}"},"query-input":"required name=search_term_string"}],"inLanguage":"es-MX"}]}},"jetpack_sharing_enabled":true,"distributor_meta":false,"distributor_terms":false,"distributor_media":false,"distributor_original_site_name":"Grazia M\u00e9xico y Latinoam\u00e9rica","distributor_original_site_url":"https:\/\/graziamagazine.com\/mx","push-errors":false,"_links":{"self":[{"href":"https:\/\/graziamagazine.com\/mx\/wp-json\/wp\/v2\/articles\/128048"}],"collection":[{"href":"https:\/\/graziamagazine.com\/mx\/wp-json\/wp\/v2\/articles"}],"about":[{"href":"https:\/\/graziamagazine.com\/mx\/wp-json\/wp\/v2\/types\/articles"}],"author":[{"embeddable":true,"href":"https:\/\/graziamagazine.com\/mx\/wp-json\/wp\/v2\/users\/11628"}],"wp:featuredmedia":[{"embeddable":true,"href":"https:\/\/graziamagazine.com\/mx\/wp-json\/wp\/v2\/media\/126202"}],"wp:attachment":[{"href":"https:\/\/graziamagazine.com\/mx\/wp-json\/wp\/v2\/media?parent=128048"}],"wp:term":[{"taxonomy":"category","embeddable":true,"href":"https:\/\/graziamagazine.com\/mx\/wp-json\/wp\/v2\/categories?post=128048"}],"curies":[{"name":"wp","href":"https:\/\/api.w.org\/{rel}","templated":true}]}}