{"id":127848,"date":"2023-08-02T23:12:34","date_gmt":"2023-08-03T04:12:34","guid":{"rendered":"https:\/\/graziamagazine.com\/mx\/?post_type=articles&#038;p=127848"},"modified":"2023-08-02T23:35:09","modified_gmt":"2023-08-03T04:35:09","slug":"blue-ivy-hereda-todo-talento-beyonce","status":"publish","type":"articles","link":"https:\/\/graziamagazine.com\/mx\/articles\/blue-ivy-hereda-todo-talento-beyonce\/","title":{"rendered":"Blue Ivy hereda todo el talento de Beyonc\u00e9"},"content":{"rendered":"<p><b>Blue Ivy<\/b><span style=\"font-weight: 400\">, hija de <\/span><b>Beyonc\u00e9<\/b><span style=\"font-weight: 400\"> y <\/span><b>Jay Z<\/b><span style=\"font-weight: 400\">, con tan s\u00f3lo 11 a\u00f1os de edad, ha demostrado que el talento lo lleva en su sangre, pues su participaci\u00f3n en el <\/span><b>Renaissance Tour<\/b><span style=\"font-weight: 400\"> de su madre, ha sido espectacular. Claro que esto no ha sido f\u00e1cil, pues ha tenido que trabajar duro junto al resto de los bailarines para dominar las coreograf\u00edas.\u00a0<\/span><\/p>\n<figure id=\"attachment_127850\" aria-describedby=\"caption-attachment-127850\" style=\"width: 450px\" class=\"wp-caption alignnone\"><img loading=\"lazy\" decoding=\"async\" class=\"size-medium wp-image-127850\" src=\"https:\/\/graziamagazine.com\/mx\/wp-content\/uploads\/sites\/13\/2023\/08\/WhatsApp-Image-2023-08-02-at-22.15.20-1.jpeg?w=450\" alt=\"\" width=\"450\" height=\"284\" \/><figcaption id=\"caption-attachment-127850\" class=\"wp-caption-text\">Instagram<\/figcaption><\/figure>\n<p><span style=\"font-weight: 400\">\u201cMi hermosa primog\u00e9nita. Estoy tan orgullosa y agradecida de ser tu mam\u00e1. Nos traes tanta alegr\u00eda mi dulce \u00e1ngel\u201d, comparti\u00f3 la artista en <\/span><b>Instagram<\/b><span style=\"font-weight: 400\">.<\/span><\/p>\n<p><span style=\"font-weight: 400\">La pareja ha sido muy cuidadosa y discreta con mostrar p\u00fablicamente a sus hijos menores, pero con Blue, ha sido completamente distinto, pues han optado por mantenerla m\u00e1s expuesta en la vida p\u00fablica, especialmente compartiendo sus \u00e9xitos en proyectos art\u00edsticos.\u00a0<\/span><\/p>\n<figure id=\"attachment_127851\" aria-describedby=\"caption-attachment-127851\" style=\"width: 450px\" class=\"wp-caption alignnone\"><img loading=\"lazy\" decoding=\"async\" class=\"size-medium wp-image-127851\" src=\"https:\/\/graziamagazine.com\/mx\/wp-content\/uploads\/sites\/13\/2023\/08\/WhatsApp-Image-2023-08-02-at-22.15.20.jpeg?w=450\" alt=\"\" width=\"450\" height=\"285\" \/><figcaption id=\"caption-attachment-127851\" class=\"wp-caption-text\">Instagram<\/figcaption><\/figure>\n<p><span style=\"font-weight: 400\">La primera ocasi\u00f3n en que la hija de la int\u00e9rprete de <\/span><b><i>Single Ladies<\/i><\/b><span style=\"font-weight: 400\"> apareci\u00f3 en el escenario del incre\u00edble tour, fue el 26 de mayo en <\/span><b>Par\u00eds<\/b><span style=\"font-weight: 400\">, <\/span><b>Francia<\/b><span style=\"font-weight: 400\">, donde luci\u00f3 un mono plateado repleto de brillantes y unos lentes oscuros, bailando perfectamente las coreograf\u00edas de las canciones <\/span><b><i>My Power<\/i><\/b><span style=\"font-weight: 400\"> y <\/span><b><i>Black Parade<\/i><\/b><span style=\"font-weight: 400\">.\u00a0<\/span><\/p>\n<p><span style=\"font-weight: 400\">\u201cTiene 11 a\u00f1os, y tuvo una semana para prepararse, y simplemente lo hac\u00eda mejor y mejor. As\u00ed que soy una abuela orgullosa, siempre\u201d, comparti\u00f3 <\/span><b>Tina Knowles-Lawson<\/b><span style=\"font-weight: 400\">, abuela de Blue, en una entrevista para <\/span><b><i>People<\/i><\/b><span style=\"font-weight: 400\">.<\/span><\/p>\n<p><span style=\"font-weight: 400\">En el reciente concierto que se realiz\u00f3 en <\/span><b>Nueva Jersey<\/b><span style=\"font-weight: 400\">, madre e hija lucieron un conjunto de un jersey color naranja con brillantes en las letras IV, una colaboraci\u00f3n de <\/span><b>Ivy Park<\/b><span style=\"font-weight: 400\"> con <\/span><b>Adidas<\/b><span style=\"font-weight: 400\">, y unas botas con camuflaje de la marca <\/span><b>Y2K<\/b><span style=\"font-weight: 400\">.<\/span><\/p>\n<figure id=\"attachment_127849\" aria-describedby=\"caption-attachment-127849\" style=\"width: 388px\" class=\"wp-caption alignnone\"><img loading=\"lazy\" decoding=\"async\" class=\"size-medium wp-image-127849\" src=\"https:\/\/graziamagazine.com\/mx\/wp-content\/uploads\/sites\/13\/2023\/08\/WhatsApp-Image-2023-08-02-at-22.15.17.jpeg?w=388\" alt=\"\" width=\"388\" height=\"450\" \/><figcaption id=\"caption-attachment-127849\" class=\"wp-caption-text\">Instagram<\/figcaption><\/figure>\n<p><span style=\"font-weight: 400\">A Beyonc\u00e9 le gusta sorprender a su p\u00fablico en todos los aspectos, y la moda no puede quedar fuera, por lo que su hija tambi\u00e9n ha lucido en otro show un dise\u00f1o de <\/span><b>Louis Vuitton<\/b><span style=\"font-weight: 400\"> by <\/span><b>Pharrell Williams<\/b><span style=\"font-weight: 400\">.<\/span><\/p>\n<p><span style=\"font-weight: 400\">Sin duda este es el gran inicio para esta peque\u00f1a en el gran mundo de la m\u00fasica, las c\u00e1maras y los reflectores, para seguir sorprendiendo con el gran talento que ha heredado de sus padres.<\/span><\/p>\n","protected":false},"author":36289,"featured_media":127849,"template":"","format":"standard","categories":[2],"acf":[],"yoast_head":"<!-- This site is optimized with the Yoast SEO Premium plugin v18.5 (Yoast SEO v20.4) - https:\/\/yoast.com\/wordpress\/plugins\/seo\/ -->\n<title>Blue Ivy hereda todo el talento de Beyonc\u00e9 | Grazia M\u00e9xico y Latinoam\u00e9rica<\/title>\n<meta name=\"description\" content=\"Blue Ivy, hija de Beyonc\u00e9 y Jay Z, con tan s\u00f3lo 11 a\u00f1os de edad, ha demostrado que el talento lo lleva en su sangre, pues su participaci\u00f3n en el\" \/>\n<meta name=\"robots\" content=\"index, follow, max-snippet:-1, max-image-preview:large, max-video-preview:-1\" \/>\n<link rel=\"canonical\" href=\"https:\/\/graziamagazine.com\/mx\/articles\/blue-ivy-hereda-todo-talento-beyonce\/\" \/>\n<meta property=\"og:locale\" content=\"es_MX\" \/>\n<meta property=\"og:type\" content=\"article\" \/>\n<meta property=\"og:title\" content=\"Blue Ivy hereda todo el talento de Beyonc\u00e9\" \/>\n<meta property=\"og:description\" content=\"Blue Ivy, hija de Beyonc\u00e9 y Jay Z, con tan s\u00f3lo 11 a\u00f1os de edad, ha demostrado que el talento lo lleva en su sangre, pues su participaci\u00f3n en el\" \/>\n<meta property=\"og:url\" content=\"https:\/\/graziamagazine.com\/mx\/articles\/blue-ivy-hereda-todo-talento-beyonce\/\" \/>\n<meta property=\"og:site_name\" content=\"Grazia M\u00e9xico y Latinoam\u00e9rica\" \/>\n<meta property=\"article:modified_time\" content=\"2023-08-03T04:35:09+00:00\" \/>\n<meta property=\"og:image\" content=\"https:\/\/graziamagazine.com\/mx\/wp-content\/uploads\/sites\/13\/2023\/08\/WhatsApp-Image-2023-08-02-at-22.15.17-e1691037247369.jpeg\" \/>\n\t<meta property=\"og:image:width\" content=\"706\" \/>\n\t<meta property=\"og:image:height\" content=\"720\" \/>\n\t<meta property=\"og:image:type\" content=\"image\/jpeg\" \/>\n<meta name=\"twitter:card\" content=\"summary_large_image\" \/>\n<meta name=\"twitter:label1\" content=\"Est. reading time\" \/>\n\t<meta name=\"twitter:data1\" content=\"3 minutos\" \/>\n<script type=\"application\/ld+json\" class=\"yoast-schema-graph\">{\"@context\":\"https:\/\/schema.org\",\"@graph\":[{\"@type\":\"WebPage\",\"@id\":\"https:\/\/graziamagazine.com\/mx\/articles\/blue-ivy-hereda-todo-talento-beyonce\/\",\"url\":\"https:\/\/graziamagazine.com\/mx\/articles\/blue-ivy-hereda-todo-talento-beyonce\/\",\"name\":\"Blue Ivy hereda todo el talento de Beyonc\u00e9 | Grazia M\u00e9xico y Latinoam\u00e9rica\",\"isPartOf\":{\"@id\":\"https:\/\/graziamagazine.com\/mx\/#website\"},\"datePublished\":\"2023-08-03T04:12:34+00:00\",\"dateModified\":\"2023-08-03T04:35:09+00:00\",\"description\":\"Blue Ivy, hija de Beyonc\u00e9 y Jay Z, con tan s\u00f3lo 11 a\u00f1os de edad, ha demostrado que el talento lo lleva en su sangre, pues su participaci\u00f3n en el\",\"breadcrumb\":{\"@id\":\"https:\/\/graziamagazine.com\/mx\/articles\/blue-ivy-hereda-todo-talento-beyonce\/#breadcrumb\"},\"inLanguage\":\"es-MX\",\"potentialAction\":[{\"@type\":\"ReadAction\",\"target\":[\"https:\/\/graziamagazine.com\/mx\/articles\/blue-ivy-hereda-todo-talento-beyonce\/\"]}]},{\"@type\":\"BreadcrumbList\",\"@id\":\"https:\/\/graziamagazine.com\/mx\/articles\/blue-ivy-hereda-todo-talento-beyonce\/#breadcrumb\",\"itemListElement\":[{\"@type\":\"ListItem\",\"position\":1,\"name\":\"Home\",\"item\":\"https:\/\/graziamagazine.com\/mx\/\"},{\"@type\":\"ListItem\",\"position\":2,\"name\":\"Blue Ivy hereda todo el talento de Beyonc\u00e9\"}]},{\"@type\":\"WebSite\",\"@id\":\"https:\/\/graziamagazine.com\/mx\/#website\",\"url\":\"https:\/\/graziamagazine.com\/mx\/\",\"name\":\"Grazia M\u00e9xico y Latinoam\u00e9rica\",\"description\":\"Grazia es moda, belleza y noticias  de actualidad \",\"potentialAction\":[{\"@type\":\"SearchAction\",\"target\":{\"@type\":\"EntryPoint\",\"urlTemplate\":\"https:\/\/graziamagazine.com\/mx\/?s={search_term_string}\"},\"query-input\":\"required name=search_term_string\"}],\"inLanguage\":\"es-MX\"}]}<\/script>\n<!-- \/ Yoast SEO Premium plugin. -->","yoast_head_json":{"title":"Blue Ivy hereda todo el talento de Beyonc\u00e9 | Grazia M\u00e9xico y Latinoam\u00e9rica","description":"Blue Ivy, hija de Beyonc\u00e9 y Jay Z, con tan s\u00f3lo 11 a\u00f1os de edad, ha demostrado que el talento lo lleva en su sangre, pues su participaci\u00f3n en el","robots":{"index":"index","follow":"follow","max-snippet":"max-snippet:-1","max-image-preview":"max-image-preview:large","max-video-preview":"max-video-preview:-1"},"canonical":"https:\/\/graziamagazine.com\/mx\/articles\/blue-ivy-hereda-todo-talento-beyonce\/","og_locale":"es_MX","og_type":"article","og_title":"Blue Ivy hereda todo el talento de Beyonc\u00e9","og_description":"Blue Ivy, hija de Beyonc\u00e9 y Jay Z, con tan s\u00f3lo 11 a\u00f1os de edad, ha demostrado que el talento lo lleva en su sangre, pues su participaci\u00f3n en el","og_url":"https:\/\/graziamagazine.com\/mx\/articles\/blue-ivy-hereda-todo-talento-beyonce\/","og_site_name":"Grazia M\u00e9xico y Latinoam\u00e9rica","article_modified_time":"2023-08-03T04:35:09+00:00","og_image":[{"width":706,"height":720,"url":"https:\/\/graziamagazine.com\/mx\/wp-content\/uploads\/sites\/13\/2023\/08\/WhatsApp-Image-2023-08-02-at-22.15.17-e1691037247369.jpeg","type":"image\/jpeg"}],"twitter_card":"summary_large_image","twitter_misc":{"Est. reading time":"3 minutos"},"schema":{"@context":"https:\/\/schema.org","@graph":[{"@type":"WebPage","@id":"https:\/\/graziamagazine.com\/mx\/articles\/blue-ivy-hereda-todo-talento-beyonce\/","url":"https:\/\/graziamagazine.com\/mx\/articles\/blue-ivy-hereda-todo-talento-beyonce\/","name":"Blue Ivy hereda todo el talento de Beyonc\u00e9 | Grazia M\u00e9xico y Latinoam\u00e9rica","isPartOf":{"@id":"https:\/\/graziamagazine.com\/mx\/#website"},"datePublished":"2023-08-03T04:12:34+00:00","dateModified":"2023-08-03T04:35:09+00:00","description":"Blue Ivy, hija de Beyonc\u00e9 y Jay Z, con tan s\u00f3lo 11 a\u00f1os de edad, ha demostrado que el talento lo lleva en su sangre, pues su participaci\u00f3n en el","breadcrumb":{"@id":"https:\/\/graziamagazine.com\/mx\/articles\/blue-ivy-hereda-todo-talento-beyonce\/#breadcrumb"},"inLanguage":"es-MX","potentialAction":[{"@type":"ReadAction","target":["https:\/\/graziamagazine.com\/mx\/articles\/blue-ivy-hereda-todo-talento-beyonce\/"]}]},{"@type":"BreadcrumbList","@id":"https:\/\/graziamagazine.com\/mx\/articles\/blue-ivy-hereda-todo-talento-beyonce\/#breadcrumb","itemListElement":[{"@type":"ListItem","position":1,"name":"Home","item":"https:\/\/graziamagazine.com\/mx\/"},{"@type":"ListItem","position":2,"name":"Blue Ivy hereda todo el talento de Beyonc\u00e9"}]},{"@type":"WebSite","@id":"https:\/\/graziamagazine.com\/mx\/#website","url":"https:\/\/graziamagazine.com\/mx\/","name":"Grazia M\u00e9xico y Latinoam\u00e9rica","description":"Grazia es moda, belleza y noticias  de actualidad ","potentialAction":[{"@type":"SearchAction","target":{"@type":"EntryPoint","urlTemplate":"https:\/\/graziamagazine.com\/mx\/?s={search_term_string}"},"query-input":"required name=search_term_string"}],"inLanguage":"es-MX"}]}},"jetpack_sharing_enabled":true,"distributor_meta":false,"distributor_terms":false,"distributor_media":false,"distributor_original_site_name":"Grazia M\u00e9xico y Latinoam\u00e9rica","distributor_original_site_url":"https:\/\/graziamagazine.com\/mx","push-errors":false,"_links":{"self":[{"href":"https:\/\/graziamagazine.com\/mx\/wp-json\/wp\/v2\/articles\/127848"}],"collection":[{"href":"https:\/\/graziamagazine.com\/mx\/wp-json\/wp\/v2\/articles"}],"about":[{"href":"https:\/\/graziamagazine.com\/mx\/wp-json\/wp\/v2\/types\/articles"}],"author":[{"embeddable":true,"href":"https:\/\/graziamagazine.com\/mx\/wp-json\/wp\/v2\/users\/36289"}],"wp:featuredmedia":[{"embeddable":true,"href":"https:\/\/graziamagazine.com\/mx\/wp-json\/wp\/v2\/media\/127849"}],"wp:attachment":[{"href":"https:\/\/graziamagazine.com\/mx\/wp-json\/wp\/v2\/media?parent=127848"}],"wp:term":[{"taxonomy":"category","embeddable":true,"href":"https:\/\/graziamagazine.com\/mx\/wp-json\/wp\/v2\/categories?post=127848"}],"curies":[{"name":"wp","href":"https:\/\/api.w.org\/{rel}","templated":true}]}}