{"id":127726,"date":"2023-07-28T18:53:33","date_gmt":"2023-07-28T23:53:33","guid":{"rendered":"https:\/\/graziamagazine.com\/mx\/?post_type=articles&#038;p=127726"},"modified":"2023-07-30T16:10:32","modified_gmt":"2023-07-30T21:10:32","slug":"return-to-tiffany-nueva-coleccion-limitada-colaboracion-beyonce","status":"publish","type":"articles","link":"https:\/\/graziamagazine.com\/mx\/articles\/return-to-tiffany-nueva-coleccion-limitada-colaboracion-beyonce\/","title":{"rendered":"Return to Tiffany: La nueva colecci\u00f3n limitada en colaboraci\u00f3n con Beyonc\u00e9"},"content":{"rendered":"<p><b>Return to Tiffany x Beyonc\u00e9<\/b><span style=\"font-weight: 400\"> es la nueva colecci\u00f3n que la cantante junto a la firma de joyer\u00eda de lujo lanzar\u00e1n este 29 de julio, la cual se ha inspirado de nuevo en su <\/span><b>Renaissance World Tour<\/b><span style=\"font-weight: 400\">.<\/span><\/p>\n<figure id=\"attachment_127728\" aria-describedby=\"caption-attachment-127728\" style=\"width: 945px\" class=\"wp-caption alignnone\"><img loading=\"lazy\" decoding=\"async\" class=\"wp-image-127728 size-large\" src=\"https:\/\/graziamagazine.com\/mx\/wp-content\/uploads\/sites\/13\/2023\/07\/Captura-de-Pantalla-2023-07-28-a-las-15.55.30-e1690588645627.png?w=945\" alt=\"\" width=\"945\" height=\"719\" \/><figcaption id=\"caption-attachment-127728\" class=\"wp-caption-text\">Tiffany &amp; Co<\/figcaption><\/figure>\n<p><span style=\"font-weight: 400\">La hermosa colecci\u00f3n incluir\u00e1 distintas piezas con el ic\u00f3nico dije plateado de candado circular, las cuales llevan grabado un caballo y la frase \u201cTiffany &amp; Co. New York 925\u201d en la parte frontal, y al reverso tendr\u00e1 escrita la frase \u201cWelcome to the RENAISSANCE Beyonc\u00e9 925\u201d.<\/span><\/p>\n<p><span style=\"font-weight: 400\">Lo que hace especial a esta colecci\u00f3n no s\u00f3lo son es la calidad de sus materiales, o lo lujoso de sus piedras preciosas, sino que todas las ganancias recaudadas ayudar\u00e1n a las fundaciones <\/span><b>BeyGOOD<\/b><span style=\"font-weight: 400\"> de la artista y <\/span><b>Shawn Carter<\/b><span style=\"font-weight: 400\">, de su esposo <\/span><b>Jay-Z<\/b><span style=\"font-weight: 400\">, adem\u00e1s del programa de becas <\/span><b>ABOUT LOVE<\/b><span style=\"font-weight: 400\"> de la firma de joyer\u00eda estadounidense.<\/span><\/p>\n<p><span style=\"font-weight: 400\">Las becas ayudar\u00e1n a estudiantes de artes y estudios creativos de los institutos <\/span><b>Universidad Lincoln<\/b><span style=\"font-weight: 400\">, <\/span><b>Universidad Estatal de Norfolk<\/b><span style=\"font-weight: 400\">, <\/span><b>Colegio Bennett<\/b><span style=\"font-weight: 400\">, <\/span><b>Universidad de Arkansas<\/b><span style=\"font-weight: 400\"> y <\/span><b>Universidad Central del Estado<\/b><span style=\"font-weight: 400\">, las cuales se caracterizan hist\u00f3ricamente por tener estudiantes de color.<\/span><\/p>\n<p><span style=\"font-weight: 400\">Esta no es la primera colaboraci\u00f3n entre la exitosa artista y Tiffany, y seguramente no ser\u00e1 la \u00faltima. De hecho, Beyonc\u00e9 fue la primera mujer de color en portar el famoso collar de diamantes amarillos de 128,54 quilates de la firma estadounidense.<\/span><\/p>\n<figure id=\"attachment_127727\" aria-describedby=\"caption-attachment-127727\" style=\"width: 821px\" class=\"wp-caption alignnone\"><img loading=\"lazy\" decoding=\"async\" class=\"wp-image-127727 size-large\" src=\"https:\/\/graziamagazine.com\/mx\/wp-content\/uploads\/sites\/13\/2023\/07\/Captura-de-Pantalla-2023-07-28-a-las-14.58.19.png?w=821\" alt=\"\" width=\"821\" height=\"1024\" \/><figcaption id=\"caption-attachment-127727\" class=\"wp-caption-text\">Getty<\/figcaption><\/figure>\n<p><b>Tiffany &amp; Co<\/b><span style=\"font-weight: 400\"> fue la marca oficial para llenar de joyas a Beyonc\u00e9 en su gira Renaissance, las cuales luci\u00f3 con toda elegancia en cada escenario durante sus presentaciones.<\/span><\/p>\n<p><span style=\"font-weight: 400\">Si estabas pensando cu\u00e1l ser\u00e1 el costo de esta limitada colecci\u00f3n, te encantar\u00e1 que su precio ir\u00e1 de los $275 d\u00f3lares hasta los $700 d\u00f3lares.<\/span><\/p>\n<p><span style=\"font-weight: 400\">No esperes m\u00e1s para apartar la fecha y conseguir alguna de estas hermosas piezas en l\u00ednea a trav\u00e9s de <\/span><b>tiffany.com<\/b><\/p>\n","protected":false},"author":36289,"featured_media":127728,"template":"","format":"standard","categories":[13540],"acf":[],"yoast_head":"<!-- This site is optimized with the Yoast SEO Premium plugin v18.5 (Yoast SEO v20.4) - https:\/\/yoast.com\/wordpress\/plugins\/seo\/ -->\n<title>Return to Tiffany: La nueva colecci\u00f3n limitada en colaboraci\u00f3n con Beyonc\u00e9 | Grazia M\u00e9xico y Latinoam\u00e9rica<\/title>\n<meta name=\"description\" content=\"Return to Tiffany x Beyonc\u00e9 es la nueva colecci\u00f3n que la cantante junto a la firma de joyer\u00eda de lujo lanzar\u00e1n este 29 de julio, la cual se ha inspirado\" \/>\n<meta name=\"robots\" content=\"index, follow, max-snippet:-1, max-image-preview:large, max-video-preview:-1\" \/>\n<link rel=\"canonical\" href=\"https:\/\/graziamagazine.com\/mx\/articles\/return-to-tiffany-nueva-coleccion-limitada-colaboracion-beyonce\/\" \/>\n<meta property=\"og:locale\" content=\"es_MX\" \/>\n<meta property=\"og:type\" content=\"article\" \/>\n<meta property=\"og:title\" content=\"Return to Tiffany: La nueva colecci\u00f3n limitada en colaboraci\u00f3n con Beyonc\u00e9\" \/>\n<meta property=\"og:description\" content=\"Return to Tiffany x Beyonc\u00e9 es la nueva colecci\u00f3n que la cantante junto a la firma de joyer\u00eda de lujo lanzar\u00e1n este 29 de julio, la cual se ha inspirado\" \/>\n<meta property=\"og:url\" content=\"https:\/\/graziamagazine.com\/mx\/articles\/return-to-tiffany-nueva-coleccion-limitada-colaboracion-beyonce\/\" \/>\n<meta property=\"og:site_name\" content=\"Grazia M\u00e9xico y Latinoam\u00e9rica\" \/>\n<meta property=\"article:modified_time\" content=\"2023-07-30T21:10:32+00:00\" \/>\n<meta property=\"og:image\" content=\"https:\/\/graziamagazine.com\/mx\/wp-content\/uploads\/sites\/13\/2023\/07\/Captura-de-Pantalla-2023-07-28-a-las-15.55.30-e1690588645627.png\" \/>\n\t<meta property=\"og:image:width\" content=\"945\" \/>\n\t<meta property=\"og:image:height\" content=\"719\" \/>\n\t<meta property=\"og:image:type\" content=\"image\/png\" \/>\n<meta name=\"twitter:card\" content=\"summary_large_image\" \/>\n<meta name=\"twitter:label1\" content=\"Est. reading time\" \/>\n\t<meta name=\"twitter:data1\" content=\"2 minutos\" \/>\n<script type=\"application\/ld+json\" class=\"yoast-schema-graph\">{\"@context\":\"https:\/\/schema.org\",\"@graph\":[{\"@type\":\"WebPage\",\"@id\":\"https:\/\/graziamagazine.com\/mx\/articles\/return-to-tiffany-nueva-coleccion-limitada-colaboracion-beyonce\/\",\"url\":\"https:\/\/graziamagazine.com\/mx\/articles\/return-to-tiffany-nueva-coleccion-limitada-colaboracion-beyonce\/\",\"name\":\"Return to Tiffany: La nueva colecci\u00f3n limitada en colaboraci\u00f3n con Beyonc\u00e9 | Grazia M\u00e9xico y Latinoam\u00e9rica\",\"isPartOf\":{\"@id\":\"https:\/\/graziamagazine.com\/mx\/#website\"},\"datePublished\":\"2023-07-28T23:53:33+00:00\",\"dateModified\":\"2023-07-30T21:10:32+00:00\",\"description\":\"Return to Tiffany x Beyonc\u00e9 es la nueva colecci\u00f3n que la cantante junto a la firma de joyer\u00eda de lujo lanzar\u00e1n este 29 de julio, la cual se ha inspirado\",\"breadcrumb\":{\"@id\":\"https:\/\/graziamagazine.com\/mx\/articles\/return-to-tiffany-nueva-coleccion-limitada-colaboracion-beyonce\/#breadcrumb\"},\"inLanguage\":\"es-MX\",\"potentialAction\":[{\"@type\":\"ReadAction\",\"target\":[\"https:\/\/graziamagazine.com\/mx\/articles\/return-to-tiffany-nueva-coleccion-limitada-colaboracion-beyonce\/\"]}]},{\"@type\":\"BreadcrumbList\",\"@id\":\"https:\/\/graziamagazine.com\/mx\/articles\/return-to-tiffany-nueva-coleccion-limitada-colaboracion-beyonce\/#breadcrumb\",\"itemListElement\":[{\"@type\":\"ListItem\",\"position\":1,\"name\":\"Home\",\"item\":\"https:\/\/graziamagazine.com\/mx\/\"},{\"@type\":\"ListItem\",\"position\":2,\"name\":\"Return to Tiffany: La nueva colecci\u00f3n limitada en colaboraci\u00f3n con Beyonc\u00e9\"}]},{\"@type\":\"WebSite\",\"@id\":\"https:\/\/graziamagazine.com\/mx\/#website\",\"url\":\"https:\/\/graziamagazine.com\/mx\/\",\"name\":\"Grazia M\u00e9xico y Latinoam\u00e9rica\",\"description\":\"Grazia es moda, belleza y noticias  de actualidad \",\"potentialAction\":[{\"@type\":\"SearchAction\",\"target\":{\"@type\":\"EntryPoint\",\"urlTemplate\":\"https:\/\/graziamagazine.com\/mx\/?s={search_term_string}\"},\"query-input\":\"required name=search_term_string\"}],\"inLanguage\":\"es-MX\"}]}<\/script>\n<!-- \/ Yoast SEO Premium plugin. -->","yoast_head_json":{"title":"Return to Tiffany: La nueva colecci\u00f3n limitada en colaboraci\u00f3n con Beyonc\u00e9 | Grazia M\u00e9xico y Latinoam\u00e9rica","description":"Return to Tiffany x Beyonc\u00e9 es la nueva colecci\u00f3n que la cantante junto a la firma de joyer\u00eda de lujo lanzar\u00e1n este 29 de julio, la cual se ha inspirado","robots":{"index":"index","follow":"follow","max-snippet":"max-snippet:-1","max-image-preview":"max-image-preview:large","max-video-preview":"max-video-preview:-1"},"canonical":"https:\/\/graziamagazine.com\/mx\/articles\/return-to-tiffany-nueva-coleccion-limitada-colaboracion-beyonce\/","og_locale":"es_MX","og_type":"article","og_title":"Return to Tiffany: La nueva colecci\u00f3n limitada en colaboraci\u00f3n con Beyonc\u00e9","og_description":"Return to Tiffany x Beyonc\u00e9 es la nueva colecci\u00f3n que la cantante junto a la firma de joyer\u00eda de lujo lanzar\u00e1n este 29 de julio, la cual se ha inspirado","og_url":"https:\/\/graziamagazine.com\/mx\/articles\/return-to-tiffany-nueva-coleccion-limitada-colaboracion-beyonce\/","og_site_name":"Grazia M\u00e9xico y Latinoam\u00e9rica","article_modified_time":"2023-07-30T21:10:32+00:00","og_image":[{"width":945,"height":719,"url":"https:\/\/graziamagazine.com\/mx\/wp-content\/uploads\/sites\/13\/2023\/07\/Captura-de-Pantalla-2023-07-28-a-las-15.55.30-e1690588645627.png","type":"image\/png"}],"twitter_card":"summary_large_image","twitter_misc":{"Est. reading time":"2 minutos"},"schema":{"@context":"https:\/\/schema.org","@graph":[{"@type":"WebPage","@id":"https:\/\/graziamagazine.com\/mx\/articles\/return-to-tiffany-nueva-coleccion-limitada-colaboracion-beyonce\/","url":"https:\/\/graziamagazine.com\/mx\/articles\/return-to-tiffany-nueva-coleccion-limitada-colaboracion-beyonce\/","name":"Return to Tiffany: La nueva colecci\u00f3n limitada en colaboraci\u00f3n con Beyonc\u00e9 | Grazia M\u00e9xico y Latinoam\u00e9rica","isPartOf":{"@id":"https:\/\/graziamagazine.com\/mx\/#website"},"datePublished":"2023-07-28T23:53:33+00:00","dateModified":"2023-07-30T21:10:32+00:00","description":"Return to Tiffany x Beyonc\u00e9 es la nueva colecci\u00f3n que la cantante junto a la firma de joyer\u00eda de lujo lanzar\u00e1n este 29 de julio, la cual se ha inspirado","breadcrumb":{"@id":"https:\/\/graziamagazine.com\/mx\/articles\/return-to-tiffany-nueva-coleccion-limitada-colaboracion-beyonce\/#breadcrumb"},"inLanguage":"es-MX","potentialAction":[{"@type":"ReadAction","target":["https:\/\/graziamagazine.com\/mx\/articles\/return-to-tiffany-nueva-coleccion-limitada-colaboracion-beyonce\/"]}]},{"@type":"BreadcrumbList","@id":"https:\/\/graziamagazine.com\/mx\/articles\/return-to-tiffany-nueva-coleccion-limitada-colaboracion-beyonce\/#breadcrumb","itemListElement":[{"@type":"ListItem","position":1,"name":"Home","item":"https:\/\/graziamagazine.com\/mx\/"},{"@type":"ListItem","position":2,"name":"Return to Tiffany: La nueva colecci\u00f3n limitada en colaboraci\u00f3n con Beyonc\u00e9"}]},{"@type":"WebSite","@id":"https:\/\/graziamagazine.com\/mx\/#website","url":"https:\/\/graziamagazine.com\/mx\/","name":"Grazia M\u00e9xico y Latinoam\u00e9rica","description":"Grazia es moda, belleza y noticias  de actualidad ","potentialAction":[{"@type":"SearchAction","target":{"@type":"EntryPoint","urlTemplate":"https:\/\/graziamagazine.com\/mx\/?s={search_term_string}"},"query-input":"required name=search_term_string"}],"inLanguage":"es-MX"}]}},"jetpack_sharing_enabled":true,"distributor_meta":false,"distributor_terms":false,"distributor_media":false,"distributor_original_site_name":"Grazia M\u00e9xico y Latinoam\u00e9rica","distributor_original_site_url":"https:\/\/graziamagazine.com\/mx","push-errors":false,"_links":{"self":[{"href":"https:\/\/graziamagazine.com\/mx\/wp-json\/wp\/v2\/articles\/127726"}],"collection":[{"href":"https:\/\/graziamagazine.com\/mx\/wp-json\/wp\/v2\/articles"}],"about":[{"href":"https:\/\/graziamagazine.com\/mx\/wp-json\/wp\/v2\/types\/articles"}],"author":[{"embeddable":true,"href":"https:\/\/graziamagazine.com\/mx\/wp-json\/wp\/v2\/users\/36289"}],"wp:featuredmedia":[{"embeddable":true,"href":"https:\/\/graziamagazine.com\/mx\/wp-json\/wp\/v2\/media\/127728"}],"wp:attachment":[{"href":"https:\/\/graziamagazine.com\/mx\/wp-json\/wp\/v2\/media?parent=127726"}],"wp:term":[{"taxonomy":"category","embeddable":true,"href":"https:\/\/graziamagazine.com\/mx\/wp-json\/wp\/v2\/categories?post=127726"}],"curies":[{"name":"wp","href":"https:\/\/api.w.org\/{rel}","templated":true}]}}